{"id":27917,"date":"2024-06-23T04:35:38","date_gmt":"2024-06-23T07:35:38","guid":{"rendered":"https:\/\/ejornais.com.br\/index.php\/2024\/06\/23\/aplicativo-na-palma-da-mao-ganha-oscar-da-comunicacao-politica-em-londres\/"},"modified":"2024-06-23T04:35:38","modified_gmt":"2024-06-23T07:35:38","slug":"aplicativo-na-palma-da-mao-ganha-oscar-da-comunicacao-politica-em-londres","status":"publish","type":"post","link":"https:\/\/ejornais.com.br\/index.php\/2024\/06\/23\/aplicativo-na-palma-da-mao-ganha-oscar-da-comunicacao-politica-em-londres\/","title":{"rendered":"Aplicativo \u2018Na Palma da M\u00e3o\u2019 ganha Oscar da comunica\u00e7\u00e3o pol\u00edtica em Londres"},"content":{"rendered":"<p><\/p>\n<div>\n<p>O aplicativo \u2018Jo\u00e3o Pessoa na Palma da M\u00e3o\u2019, desenvolvido pela Secretaria Municipal de Administra\u00e7\u00e3o (Sead), foi premiado nesta sexta-feira (21), no Polaris Awards, em Londres. Considerado o Oscar da comunica\u00e7\u00e3o pol\u00edtica e do setor p\u00fablico, o pr\u00eamio destaca o melhor uso de t\u00e9cnicas e tecnologias de comunica\u00e7\u00e3o em assuntos pol\u00edticos e governamentais, e campanhas eleitorais. A ferramenta desenvolvida pela atual gest\u00e3o tem como lema \u2018A cidade e seus servi\u00e7os em um s\u00f3 lugar\u2019 e permite a todos os usu\u00e1rios o acesso 24 horas por dia \u00e0 Prefeitura de Jo\u00e3o Pessoa de forma \u00e1gil, segura e sem necessidade de sair de casa.<\/p>\n<figure class=\"wp-block-gallery has-nested-images columns-default is-cropped wp-block-gallery-1 is-layout-flex wp-block-gallery-is-layout-flex\">\n<figure class=\"wp-block-image size-large\"><\/figure>\n<figure class=\"wp-block-image size-large\"><\/figure>\n<\/figure>\n<p>O aplicativo disputou com mais de 100 outros projetos no eixo de tecnologia como ferramenta digital para governo, ficando com a segunda coloca\u00e7\u00e3o (prata). A comiss\u00e3o julgadora da premia\u00e7\u00e3o avaliou o impacto do aplicativo na cidade e na vida da popula\u00e7\u00e3o pessoense. Atrav\u00e9s do app, o usu\u00e1rio pode solicitar e acompanhar diversas demandas como a Opera\u00e7\u00e3o Tapa-Buraco, ilumina\u00e7\u00e3o, IPTU, Sine, Procon, Sa\u00fade, dentre outros, com menos burocracia e mais agilidade. Ele permite tamb\u00e9m \u00e0 gest\u00e3o municipal gerenciar a rotina dos servi\u00e7os de uma maneira mais eficiente em todas as \u00e1reas.<\/p>\n<p>O projeto faz parte de uma pol\u00edtica que vem sendo implementada desde 2021 na Prefeitura de Jo\u00e3o Pessoa sob comando da Sead, visando modernizar a administra\u00e7\u00e3o p\u00fablica e informatizar a gest\u00e3o, apostando na tecnologia como ferramenta para facilitar o acesso dos cidad\u00e3os aos servi\u00e7os oferecidos pelo poder p\u00fablico. O secret\u00e1rio da Administra\u00e7\u00e3o, Valdo Alves, destaca que a Prefeitura de Jo\u00e3o Pessoa est\u00e1 entre as mais tecnol\u00f3gicas do Pa\u00eds e est\u00e1 implementando este projeto digital que visa tamb\u00e9m a economia de recursos p\u00fablicos e a efici\u00eancia.<\/p>\n<p><strong>Uso \u2013<\/strong> O aplicativo, desenvolvido pela empresa Cubo Tecnologia, est\u00e1 dispon\u00edvel nos sistemas operacionais Android e IOS, al\u00e9m de ficar acess\u00edvel tamb\u00e9m atrav\u00e9s do site da Prefeitura de Jo\u00e3o Pessoa, na Plataforma Prefeitura Conectada. Para acessar, \u00e9 s\u00f3 preencher o n\u00famero do CPF e a data de nascimento. Todos os servi\u00e7os possuem campos onde o cidad\u00e3o pode preencher com o tipo de solicita\u00e7\u00e3o desejada e tamb\u00e9m pode anexar fotos ou v\u00eddeos referentes \u00e0 demanda.<\/p>\n<\/p><\/div>\n","protected":false},"excerpt":{"rendered":"<p>O aplicativo \u2018Jo\u00e3o Pessoa na Palma da M\u00e3o\u2019, desenvolvido pela Secretaria Municipal de Administra\u00e7\u00e3o (Sead), foi premiado nesta sexta-feira (21),<\/p>\n","protected":false},"author":1,"featured_media":0,"comment_status":"","ping_status":"","sticky":false,"template":"","format":"standard","meta":{"colormag_page_container_layout":"default_layout","colormag_page_sidebar_layout":"default_layout","footnotes":""},"categories":[1],"tags":[],"class_list":["post-27917","post","type-post","status-publish","format-standard","hentry","category-ejornais"],"aioseo_notices":[],"amp_enabled":true,"_links":{"self":[{"href":"https:\/\/ejornais.com.br\/index.php\/wp-json\/wp\/v2\/posts\/27917","targetHints":{"allow":["GET"]}}],"collection":[{"href":"https:\/\/ejornais.com.br\/index.php\/wp-json\/wp\/v2\/posts"}],"about":[{"href":"https:\/\/ejornais.com.br\/index.php\/wp-json\/wp\/v2\/types\/post"}],"author":[{"embeddable":true,"href":"https:\/\/ejornais.com.br\/index.php\/wp-json\/wp\/v2\/users\/1"}],"replies":[{"embeddable":true,"href":"https:\/\/ejornais.com.br\/index.php\/wp-json\/wp\/v2\/comments?post=27917"}],"version-history":[{"count":0,"href":"https:\/\/ejornais.com.br\/index.php\/wp-json\/wp\/v2\/posts\/27917\/revisions"}],"wp:attachment":[{"href":"https:\/\/ejornais.com.br\/index.php\/wp-json\/wp\/v2\/media?parent=27917"}],"wp:term":[{"taxonomy":"category","embeddable":true,"href":"https:\/\/ejornais.com.br\/index.php\/wp-json\/wp\/v2\/categories?post=27917"},{"taxonomy":"post_tag","embeddable":true,"href":"https:\/\/ejornais.com.br\/index.php\/wp-json\/wp\/v2\/tags?post=27917"}],"curies":[{"name":"wp","href":"https:\/\/api.w.org\/{rel}","templated":true}]}}