{"id":27992,"date":"2024-06-24T11:13:17","date_gmt":"2024-06-24T14:13:17","guid":{"rendered":"https:\/\/ejornais.com.br\/index.php\/2024\/06\/24\/bombeiros-combatem-incendios-florestais-perto-da-estrada-parque-e-em-porto-murtinho-agencia-de-noticias-do-governo-de-mato-grosso-do-sul\/"},"modified":"2024-06-24T11:13:17","modified_gmt":"2024-06-24T14:13:17","slug":"bombeiros-combatem-incendios-florestais-perto-da-estrada-parque-e-em-porto-murtinho-agencia-de-noticias-do-governo-de-mato-grosso-do-sul","status":"publish","type":"post","link":"https:\/\/ejornais.com.br\/index.php\/2024\/06\/24\/bombeiros-combatem-incendios-florestais-perto-da-estrada-parque-e-em-porto-murtinho-agencia-de-noticias-do-governo-de-mato-grosso-do-sul\/","title":{"rendered":"Bombeiros combatem inc\u00eandios florestais perto da Estrada Parque e em Porto Murtinho \u2013 Ag\u00eancia de Noticias do Governo de Mato Grosso do Sul"},"content":{"rendered":"<p><\/p>\n<div>\n<p><span style=\"font-weight: 400;\">Usando tr\u00eas aeronaves Air Tractor, tr\u00eas helic\u00f3pteros, caminh\u00f5es de combate a inc\u00eandio e dezenas de camionetes equipadas com kit pick-up, mochilas costais, sopradores e equipamentos de prote\u00e7\u00e3o individual, as guarni\u00e7\u00f5es de combate a inc\u00eandios florestais no Pantanal de Mato Grosso do Sul mant\u00e9m o enfrentamento \u00e0s chamas em diversas regi\u00f5es no 1\u00ba dia desta semana. Nas localidades onde os focos foram extintos, o monitoramento constante continua, tanto por meio de drones como por imagens de sat\u00e9lite na Sala de Situa\u00e7\u00e3o, em Campo Grande.\u00a0<\/span><\/p>\n<p><span style=\"font-weight: 400;\">Na madrugada de domingo (26), um intenso inc\u00eandio foi contido e apagado nas proximidades do Abobral, pr\u00f3ximo \u00e0 Estrada Parque Pantanal. Equipes especializadas em combate a inc\u00eandios florestais foram mobilizadas para a \u00e1rea adjacente, a fim de controlar as chamas de um inc\u00eandio detectado pelo centro de monitoramento em Campo Grande por meio de imagens de sat\u00e9lite.<\/span><\/p>\n<p><span style=\"font-weight: 400;\">Em outro ponto pr\u00f3ximo da Estrada Parque Pantanal, na MS-228, \u00e0s margens do Rio Arei\u00e3o, um inc\u00eandio surgiu tamb\u00e9m na madrugada. No local, est\u00e3o empenhadas duas aeronaves Air Tractor do ICMBio e duas guarni\u00e7\u00f5es de combate a inc\u00eandio florestal, que est\u00e3o trabalhando conjuntamente.<\/span><\/p>\n<p><span style=\"font-weight: 400;\">Uma guarni\u00e7\u00e3o do Corpo de Bombeiros Militar de MS se deslocou de barco at\u00e9 a regi\u00e3o de Maracangalha &#8211; ap\u00f3s acionamento pelo SCI (Sistema de Comando de Incidente), na Sala de Situa\u00e7\u00e3o &#8211; e segue realizando o combate \u00e0s chamas.<\/span><\/p>\n<p><span style=\"font-weight: 400;\">Combatentes est\u00e3o a tr\u00eas dias tentando conter inc\u00eandio em Porto Murtinho, com o apoio de fazendeiros da regi\u00e3o do Barranco Branco. Foi constru\u00eddo um aceiro de 10 km, com largura de 50 metros, e est\u00e3o sendo realizados ataques diretos e indiretos \u00e0s chamas, que seguem controladas caminhando para extin\u00e7\u00e3o dos focos.<\/span><\/p>\n<p><span style=\"font-weight: 400;\">As Bases Avan\u00e7adas Red\u00e1rio e S\u00e3o Louren\u00e7o monitoram um foco de inc\u00eandio no Pantanal de Mato Grosso, divisa com Mato Grosso do Sul. O inc\u00eandio no estado vizinho perdura naquela regi\u00e3o h\u00e1 meses.\u00a0<\/span><\/p>\n<p><span style=\"font-weight: 400;\">J\u00e1 na \u00e1rea norte de Corumb\u00e1, os bombeiros seguem combatendo as chamas. Duas aeronaves Air Tractor est\u00e3o trabalhando na regi\u00e3o do linh\u00e3o de energia em conjunto com o PrevFogo, para impedir que as chamas atinjam a rede de energia el\u00e9trica.<\/span><\/p>\n<p><span style=\"font-weight: 400;\">Na noite de sexta-feira (22\/06) foram dispostas mais duasGuarni\u00e7\u00f5es de Combate a Inc\u00eandio Florestal, deslocados da capital Campo Grande com 2 caminh\u00f5es (um Auto Tanque e um Auto Bomba Tanque Florestal) para ajudar nos combates \u00e0s queimadas em Corumb\u00e1. As duas guarni\u00e7\u00f5es est\u00e3o trabalhando nos focos da rodovia BR-262, pr\u00f3ximo \u00e0 ponte sobre o Rio Paraguai, somando esfor\u00e7os com os militares que j\u00e1 estavam no local.\u00a0<\/span><\/p>\n<p><span style=\"font-weight: 400;\">A orienta\u00e7\u00e3o do Corpo de Bombeiros Militar \u00e9 para quem se deparar com fuma\u00e7a em rodovias e estradas acionar a corpora\u00e7\u00e3o pelo n\u00famero 193 (chamada gratuita) e redobrar a aten\u00e7\u00e3o. Se a visibilidade estiver comprometida, o ideal \u00e9 esperar em local seguro e n\u00e3o cruzar ou passar pela fuma\u00e7a, para evitar acidentes.<\/span><\/p>\n<p><em>Paulo Fernandes (com informa\u00e7\u00f5es do CBMMS)<\/em><\/p>\n<p><em>Fotos: Bruno Rezende<\/em><\/p>\n<p><span style=\"font-weight: 400;\"><strong>ATEN\u00c7\u00c3O IMPRENSA<\/strong>: O pack est\u00e1 dispon\u00edvel em <\/span><span style=\"font-weight: 400;\">https:\/\/drive.google.com\/drive\/folders\/1RCYXy7gDPm-yB9FA-gHvP0EzJZwDuz63?usp=sharing<\/span><\/p>\n<p>\u00a0<\/p>\n<\/div>\n","protected":false},"excerpt":{"rendered":"<p>Usando tr\u00eas aeronaves Air Tractor, tr\u00eas helic\u00f3pteros, caminh\u00f5es de combate a inc\u00eandio e dezenas de camionetes equipadas com kit pick-up,<\/p>\n","protected":false},"author":1,"featured_media":0,"comment_status":"","ping_status":"","sticky":false,"template":"","format":"standard","meta":{"colormag_page_container_layout":"default_layout","colormag_page_sidebar_layout":"default_layout","footnotes":""},"categories":[],"tags":[],"class_list":["post-27992","post","type-post","status-publish","format-standard","hentry"],"aioseo_notices":[],"amp_enabled":true,"_links":{"self":[{"href":"https:\/\/ejornais.com.br\/index.php\/wp-json\/wp\/v2\/posts\/27992","targetHints":{"allow":["GET"]}}],"collection":[{"href":"https:\/\/ejornais.com.br\/index.php\/wp-json\/wp\/v2\/posts"}],"about":[{"href":"https:\/\/ejornais.com.br\/index.php\/wp-json\/wp\/v2\/types\/post"}],"author":[{"embeddable":true,"href":"https:\/\/ejornais.com.br\/index.php\/wp-json\/wp\/v2\/users\/1"}],"replies":[{"embeddable":true,"href":"https:\/\/ejornais.com.br\/index.php\/wp-json\/wp\/v2\/comments?post=27992"}],"version-history":[{"count":0,"href":"https:\/\/ejornais.com.br\/index.php\/wp-json\/wp\/v2\/posts\/27992\/revisions"}],"wp:attachment":[{"href":"https:\/\/ejornais.com.br\/index.php\/wp-json\/wp\/v2\/media?parent=27992"}],"wp:term":[{"taxonomy":"category","embeddable":true,"href":"https:\/\/ejornais.com.br\/index.php\/wp-json\/wp\/v2\/categories?post=27992"},{"taxonomy":"post_tag","embeddable":true,"href":"https:\/\/ejornais.com.br\/index.php\/wp-json\/wp\/v2\/tags?post=27992"}],"curies":[{"name":"wp","href":"https:\/\/api.w.org\/{rel}","templated":true}]}}