{"id":28195,"date":"2024-06-26T16:05:22","date_gmt":"2024-06-26T19:05:22","guid":{"rendered":"https:\/\/ejornais.com.br\/index.php\/2024\/06\/26\/agencia-minas-gerais-plataforma-traz-informacoes-sobre-drogas-e-servicos-de-auxilio-a-usuarios-em-minas\/"},"modified":"2024-06-26T16:05:22","modified_gmt":"2024-06-26T19:05:22","slug":"agencia-minas-gerais-plataforma-traz-informacoes-sobre-drogas-e-servicos-de-auxilio-a-usuarios-em-minas","status":"publish","type":"post","link":"https:\/\/ejornais.com.br\/index.php\/2024\/06\/26\/agencia-minas-gerais-plataforma-traz-informacoes-sobre-drogas-e-servicos-de-auxilio-a-usuarios-em-minas\/","title":{"rendered":"Ag\u00eancia Minas Gerais | Plataforma traz informa\u00e7\u00f5es sobre drogas e servi\u00e7os de aux\u00edlio a usu\u00e1rios em Minas"},"content":{"rendered":"<p><\/p>\n<div>\n<p>O Governo de Minas lan\u00e7ou duas plataformas com informa\u00e7\u00f5es sobre drogas, seus efeitos e danos, que tamb\u00e9m re\u00fanem detalhamentos dos servi\u00e7os disponibilizados pelo Estado aos dependentes qu\u00edmicos e seus familiares. O servi\u00e7o foi disponibilizado nesta quarta-feira (26\/6), Dia Internacional contra o Abuso e o Tr\u00e1fico Il\u00edcito de Drogas.<\/p>\n<p>O Sistema Mineiro de Informa\u00e7\u00f5es sobre Drogas (Sismid) \u00e9 uma inciativa da Secretaria de Estado de Justi\u00e7a e Seguran\u00e7a P\u00fablica (Sejusp), que vai funcionar como uma esp\u00e9cie de reposit\u00f3rio de informa\u00e7\u00f5es de alta credibilidade e, tamb\u00e9m, evid\u00eancias cient\u00edficas, para consultas em geral sobre o tema.<\/p>\n<p>Quem navegar pelo site do Sismid (www.sismid.seguranca.mg.gov.br) vai encontrar cartilhas que poder\u00e3o ser compartilhadas pela rede parceira de apoio a dependentes qu\u00edmicos e estudos cient\u00edficos que envolvem a tem\u00e1tica \u00e1lcool e outras drogas.<\/p>\n<p>L\u00e1 tamb\u00e9m constar\u00e1 um detalhamento, em formato de mapa, de mais de mil pontos de aux\u00edlio para usu\u00e1rios e seus familiares, realizados pelo Governo do Estado e pela rede privada parceira.<\/p>\n<p>O atendimento do Centro Estadual de Refer\u00eancia em \u00c1lcool e Drogas (Cread), disponibilizado via WhatsApp, tamb\u00e9m est\u00e1 contemplado na plataforma, que tem um bot\u00e3o de acesso r\u00e1pido para esse atendimento especializado realizado pela equipe de psic\u00f3logos e assistentes sociais da Subsecretaria de Pol\u00edticas sobre Drogas (Supod), da Sejusp.\u00a0<\/p>\n<p>Para saber mais sobre esse servi\u00e7o, clique aqui.<\/p>\n<p><strong>Informa\u00e7\u00e3o com credibilidade<\/strong><\/p>\n<p>Uma iniciativa nas redes sociais, chamada de &#8220;Tamo Junto, Minas&#8221;, tamb\u00e9m est\u00e1 no ar e pretende produzir conte\u00fados sobre o tema \u00e1lcool e drogas de forma descomplicada, confi\u00e1vel e r\u00e1pida.<\/p>\n<p>Um perfil no Instagram e outro no Tik Tok (ambos @tamojuntominas) trar\u00e3o posts com informa\u00e7\u00f5es sobre as consequ\u00eancias do uso de \u00e1lcool e outras drogas, al\u00e9m de insights sobre aux\u00edlios que os mineiros poder\u00e3o contar nessa luta contra a depend\u00eancia.<\/p>\n<p>\u201cEm tempos de fake news e informa\u00e7\u00f5es sem credibilidade na rede, o perfil do &#8216;Tamo Junto, Minas&#8217; quer ser uma fonte de informa\u00e7\u00e3o com credibilidade e evid\u00eancia na internet. Esperamos atingir um grande n\u00famero de pessoas, especialmente, jovens\u201d, destaca a subsecret\u00e1ria de Pol\u00edticas sobre Drogas da Sejusp, Fabiane Oliveira.<\/p>\n<p>Tanto o Sismid quanto o perfil do &#8220;Tamo Junto, Minas&#8221; pretendem ser uma estrat\u00e9gia do Estado para a preven\u00e7\u00e3o do uso abusivo de \u00e1lcool e outras drogas, a partir da sensibiliza\u00e7\u00e3o para o tema.<\/p>\n<p>As aplica\u00e7\u00f5es tamb\u00e9m representam avan\u00e7os na disponibiliza\u00e7\u00e3o de informa\u00e7\u00f5es de qualidade sobre o assunto, com fontes confi\u00e1veis e evid\u00eancias cient\u00edficas, que poder\u00e3o ser base para o p\u00fablico interessado no tema e, tamb\u00e9m, pesquisadores.<\/p>\n<p><strong>Parceria Governo e UFMG<\/strong><\/p>\n<p>As duas plataformas s\u00e3o fruto da parceria entre o Governo de Minas e a Universidade Federal de Minas Gerais (UFMG), que atua conjuntamente com o Estado na qualifica\u00e7\u00e3o do atendimento do usu\u00e1rio de drogas e seus familiares.<\/p>\n<p>Para o professor da Faculdade de Medicina da UFMG Frederico Garcia, o Sismid \u00e9 uma importante ferramenta de educa\u00e7\u00e3o, orienta\u00e7\u00e3o e divulga\u00e7\u00e3o cient\u00edfica.\u00a0<\/p>\n<p>\u201cAl\u00e9m de trabalhar em rede, aportando v\u00e1rias vis\u00f5es sobre a quest\u00e3o sobre drogas, O Sismid permitir\u00e1 ao cidad\u00e3o comum se atualizar no que h\u00e1 de mais inovador sobre o tema. Esperamos que este trabalho de curadoria pela UFMG torne esta ferramenta p\u00fablica ainda mais poderosa&#8221;, refor\u00e7a Frederico Garcia.<\/p>\n<\/p><\/div>\n","protected":false},"excerpt":{"rendered":"<p>O Governo de Minas lan\u00e7ou duas plataformas com informa\u00e7\u00f5es sobre drogas, seus efeitos e danos, que tamb\u00e9m re\u00fanem detalhamentos dos<\/p>\n","protected":false},"author":1,"featured_media":0,"comment_status":"","ping_status":"","sticky":false,"template":"","format":"standard","meta":{"colormag_page_container_layout":"default_layout","colormag_page_sidebar_layout":"default_layout","footnotes":""},"categories":[1],"tags":[],"class_list":["post-28195","post","type-post","status-publish","format-standard","hentry","category-ejornais"],"aioseo_notices":[],"amp_enabled":true,"_links":{"self":[{"href":"https:\/\/ejornais.com.br\/index.php\/wp-json\/wp\/v2\/posts\/28195","targetHints":{"allow":["GET"]}}],"collection":[{"href":"https:\/\/ejornais.com.br\/index.php\/wp-json\/wp\/v2\/posts"}],"about":[{"href":"https:\/\/ejornais.com.br\/index.php\/wp-json\/wp\/v2\/types\/post"}],"author":[{"embeddable":true,"href":"https:\/\/ejornais.com.br\/index.php\/wp-json\/wp\/v2\/users\/1"}],"replies":[{"embeddable":true,"href":"https:\/\/ejornais.com.br\/index.php\/wp-json\/wp\/v2\/comments?post=28195"}],"version-history":[{"count":0,"href":"https:\/\/ejornais.com.br\/index.php\/wp-json\/wp\/v2\/posts\/28195\/revisions"}],"wp:attachment":[{"href":"https:\/\/ejornais.com.br\/index.php\/wp-json\/wp\/v2\/media?parent=28195"}],"wp:term":[{"taxonomy":"category","embeddable":true,"href":"https:\/\/ejornais.com.br\/index.php\/wp-json\/wp\/v2\/categories?post=28195"},{"taxonomy":"post_tag","embeddable":true,"href":"https:\/\/ejornais.com.br\/index.php\/wp-json\/wp\/v2\/tags?post=28195"}],"curies":[{"name":"wp","href":"https:\/\/api.w.org\/{rel}","templated":true}]}}