{"id":28327,"date":"2024-06-28T06:36:32","date_gmt":"2024-06-28T09:36:32","guid":{"rendered":"https:\/\/ejornais.com.br\/index.php\/2024\/06\/28\/prefeito-celebra-marca-do-instituto-candida-vargas-que-zerou-a-fila-de-cirurgias-de-histerectomia\/"},"modified":"2024-06-28T06:36:32","modified_gmt":"2024-06-28T09:36:32","slug":"prefeito-celebra-marca-do-instituto-candida-vargas-que-zerou-a-fila-de-cirurgias-de-histerectomia","status":"publish","type":"post","link":"https:\/\/ejornais.com.br\/index.php\/2024\/06\/28\/prefeito-celebra-marca-do-instituto-candida-vargas-que-zerou-a-fila-de-cirurgias-de-histerectomia\/","title":{"rendered":"Prefeito celebra marca do Instituto C\u00e2ndida Vargas que zerou a fila de cirurgias de histerectomia"},"content":{"rendered":"<p><\/p>\n<div>\n<p>O Instituto C\u00e2ndida Vargas (ICV), que faz parte da rede hospitalar da Prefeitura de Jo\u00e3o Pessoa, zerou a fila de espera para cirurgias de histerectomia. Na tarde desta quinta-feira (27), durante comemora\u00e7\u00e3o do S\u00e3o Jo\u00e3o dos profissionais da unidade, o prefeito C\u00edcero Lucena celebrou essa marca \u2013 desde o in\u00edcio de maio, foram realizadas 78 histerectomias, 61 laqueaduras tub\u00e1rias e 149 cirurgias diversas.<\/p>\n<figure class=\"wp-block-gallery has-nested-images columns-default is-cropped wp-block-gallery-1 is-layout-flex wp-block-gallery-is-layout-flex\">\n<figure class=\"wp-block-image size-large\"><\/figure>\n<figure class=\"wp-block-image size-large\"><\/figure>\n<figure class=\"wp-block-image size-large\"><\/figure>\n<\/figure>\n<p>\u201cNossa sa\u00fade avan\u00e7a, tendo conquista que, al\u00e9m do paciente, al\u00e9m de quem colabora com isso, Deus est\u00e1 vendo o nosso esfor\u00e7o, nossa dedica\u00e7\u00e3o e a nossa vontade de fazer. O Instituto C\u00e2ndida Vargas vem sendo equipado, recebendo novos materiais e melhorando sua efici\u00eancia justamente para dar essa resposta que a popula\u00e7\u00e3o de Jo\u00e3o Pessoa espera\u201d, afirmou o prefeito.<\/p>\n<p>A histerectomia, procedimento cir\u00fargico que envolve a remo\u00e7\u00e3o do \u00fatero, \u00e9 frequentemente realizada para tratar condi\u00e7\u00f5es como fibromas, endometriose e hemorragias severas. A realiza\u00e7\u00e3o dessas cirurgias \u00e9 fundamental para a sa\u00fade das pacientes, permitindo-lhes uma melhor qualidade de vida. J\u00e1 entre as cirurgias diversas, est\u00e3o ooforectomia, colpoperineoplastia e bartholinectomia.<\/p>\n<p>Segundo o diretor-geral do ICV, Quintino R\u00e9gis, o empenho da equipe do ICV em eliminar a fila de espera para esses procedimentos \u00e9 um reflexo do compromisso da institui\u00e7\u00e3o com a sa\u00fade da mulher. \u201cTodas as pacientes j\u00e1 est\u00e3o devidamente agendadas para seus procedimentos, garantindo que ningu\u00e9m precise esperar mais do que o necess\u00e1rio para receber o tratamento adequado\u201d, destacou.<\/p>\n<p>\u201cEstamos trabalhando incansavelmente para garantir que todas as mulheres recebam o atendimento que merecem. Nossa equipe \u00e9 dedicada e altamente capacitada, e estamos sempre buscando melhorias cont\u00ednuas em nossos processos para proporcionar o melhor cuidado poss\u00edvel\u201d, revelou a m\u00e9dica e diretora t\u00e9cnica do ICV, Juliana Soares. Ela acrescentou que as mulheres que tiverem a necessidade podem procurar a unidade de sa\u00fade de seu bairro ou ainda pelo aplicativo Jo\u00e3o Pessoa na Palma da M\u00e3o.<\/p>\n<p>\u201cO Instituto C\u00e2ndida Vargas continua a se destacar como uma refer\u00eancia em sa\u00fade da mulher, com uma equipe comprometida e uma infraestrutura preparada para atender as necessidades das pacientes com efici\u00eancia e qualidade\u201d, afirmou o diretor-administrativo do ICV, Marcelo Melo. Ele enfatizou que s\u00f3 est\u00e1 sendo poss\u00edvel alcan\u00e7ar esses resultados com os investimentos da prefeitura. \u201cAntes, funcionavam apenas duas salas cir\u00fargicas, e hoje funcionam cinco salas com equipamentos totalmente novos\u201d, disse. Al\u00e9m disso, Marcelo destacou que, em 2023, houve um aumento de 58,2% no n\u00famero de procedimentos em rela\u00e7\u00e3o ao ano anterior.<\/p>\n<p><strong>Inspe\u00e7\u00e3o nas obras do Hospital Dia<\/strong> \u2013 Tamb\u00e9m nesta quarta-feira, o prefeito C\u00edcero Lucena inspecionou as obras do Hospital Dia, em Jaguaribe, que est\u00e1 recebendo os \u00faltimos acabamentos para ser entregue ainda no m\u00eas de julho.<\/p>\n<figure class=\"wp-block-gallery has-nested-images columns-default is-cropped wp-block-gallery-2 is-layout-flex wp-block-gallery-is-layout-flex\">\n<figure class=\"wp-block-image size-large\"><\/figure>\n<figure class=\"wp-block-image size-large\"><\/figure>\n<figure class=\"wp-block-image size-large\"><\/figure>\n<\/figure>\n<p>\u201cO primeiro do Norte e do Nordeste voltado para fazer pequenas cirurgias, onde as pessoas entrar\u00e3o de manh\u00e3 e sair\u00e3o de tarde para casa. N\u00f3s vamos fazer 20 colonoscopias por dia, fazer 40 endoscopias. N\u00f3s vamos poder operar a ves\u00edcula e poder operar a h\u00e9rnia\u201d, explicou C\u00edcero Lucena.<\/p>\n<\/p><\/div>\n","protected":false},"excerpt":{"rendered":"<p>O Instituto C\u00e2ndida Vargas (ICV), que faz parte da rede hospitalar da Prefeitura de Jo\u00e3o Pessoa, zerou a fila de<\/p>\n","protected":false},"author":1,"featured_media":0,"comment_status":"","ping_status":"","sticky":false,"template":"","format":"standard","meta":{"colormag_page_container_layout":"default_layout","colormag_page_sidebar_layout":"default_layout","footnotes":""},"categories":[1],"tags":[],"class_list":["post-28327","post","type-post","status-publish","format-standard","hentry","category-ejornais"],"aioseo_notices":[],"amp_enabled":true,"_links":{"self":[{"href":"https:\/\/ejornais.com.br\/index.php\/wp-json\/wp\/v2\/posts\/28327","targetHints":{"allow":["GET"]}}],"collection":[{"href":"https:\/\/ejornais.com.br\/index.php\/wp-json\/wp\/v2\/posts"}],"about":[{"href":"https:\/\/ejornais.com.br\/index.php\/wp-json\/wp\/v2\/types\/post"}],"author":[{"embeddable":true,"href":"https:\/\/ejornais.com.br\/index.php\/wp-json\/wp\/v2\/users\/1"}],"replies":[{"embeddable":true,"href":"https:\/\/ejornais.com.br\/index.php\/wp-json\/wp\/v2\/comments?post=28327"}],"version-history":[{"count":0,"href":"https:\/\/ejornais.com.br\/index.php\/wp-json\/wp\/v2\/posts\/28327\/revisions"}],"wp:attachment":[{"href":"https:\/\/ejornais.com.br\/index.php\/wp-json\/wp\/v2\/media?parent=28327"}],"wp:term":[{"taxonomy":"category","embeddable":true,"href":"https:\/\/ejornais.com.br\/index.php\/wp-json\/wp\/v2\/categories?post=28327"},{"taxonomy":"post_tag","embeddable":true,"href":"https:\/\/ejornais.com.br\/index.php\/wp-json\/wp\/v2\/tags?post=28327"}],"curies":[{"name":"wp","href":"https:\/\/api.w.org\/{rel}","templated":true}]}}