{"id":28640,"date":"2024-07-02T09:59:54","date_gmt":"2024-07-02T12:59:54","guid":{"rendered":"https:\/\/ejornais.com.br\/index.php\/2024\/07\/02\/muhcab-reabre-na-gamboa-requalificado-e-com-exposicoes-e-programacao-especial-que-exaltam-a-ancestralidade-prefeitura-da-cidade-do-rio-de-janeiro\/"},"modified":"2024-07-02T09:59:54","modified_gmt":"2024-07-02T12:59:54","slug":"muhcab-reabre-na-gamboa-requalificado-e-com-exposicoes-e-programacao-especial-que-exaltam-a-ancestralidade-prefeitura-da-cidade-do-rio-de-janeiro","status":"publish","type":"post","link":"https:\/\/ejornais.com.br\/index.php\/2024\/07\/02\/muhcab-reabre-na-gamboa-requalificado-e-com-exposicoes-e-programacao-especial-que-exaltam-a-ancestralidade-prefeitura-da-cidade-do-rio-de-janeiro\/","title":{"rendered":"Muhcab reabre na Gamboa requalificado e com exposi\u00e7\u00f5es e programa\u00e7\u00e3o especial que exaltam a ancestralidade &#8211; Prefeitura da Cidade do Rio de Janeiro"},"content":{"rendered":"<p><\/p>\n<div wp_automatic_readability=\"140.61081251976\">\n<div class=\"image-post\" wp_automatic_readability=\"34\">\n                     Roda de samba animou a reinaugura\u00e7\u00e3o do Muhcab, no s\u00e1bado (29\/6) &#8211; Babi Reis\/Secretaria Municipal de Cultura                  <\/div>\n<p>Construir um futuro sem racismo e com mais diversidade. Esses s\u00e3o alguns dos objetivos do Museu da Hist\u00f3ria e da Cultura Afro-Brasileira (Muhcab), na Gamboa, que reabriu ao p\u00fablico no s\u00e1bado (29\/6), depois de seis meses em obras. O museu foi totalmente reformado, modernizado e requalificado. Trata-se de um Museu de Territ\u00f3rio da Prefeitura do Rio via Secretaria Municipal de Cultura, de papel fundamental no resgate, preserva\u00e7\u00e3o e revitaliza\u00e7\u00e3o da mem\u00f3ria afro-brasileira.<\/p>\n<p>Entre as melhorias feitas no Muhcab, destaque para a reforma dos banheiros, constru\u00e7\u00e3o de rampas de acesso, troca completa das instala\u00e7\u00f5es el\u00e9tricas e, sobretudo, a requalifica\u00e7\u00e3o de todo o acervo: cerca de 180 achados arqueol\u00f3gicos descobertos nas obras do Porto Maravilha em torno da exposi\u00e7\u00e3o \u201cAchados do Valongo\u201d. H\u00e1 v\u00e1rios espa\u00e7os novos no Muhcab, que passa a oferecer agora salas de ensaio, inform\u00e1tica e leitura, um mini anfiteatro, mais um audit\u00f3rio, outras salas expositivas, uma \u00e1rea com mini arquibancada e jardim para atividades com crian\u00e7as e tamb\u00e9m hall de conviv\u00eancia.<\/p>\n<p>Para celebrar a retomada, os port\u00f5es do im\u00f3vel, por onde passa o VLT, foram abertos ao p\u00fablico, com show da cantora maranhense Rita Beneditto, roda de samba e feijoada. A festa ocorreu na parte externa, na Pra\u00e7a das Yab\u00e1s. Na nova Biblioteca Municipal Jos\u00e9 Bonif\u00e1cio, tamb\u00e9m inaugurada neste s\u00e1bado, houve um papo com a escritora Concei\u00e7\u00e3o Evaristo, sobre seu \u00faltimo livro: \u201cMacab\u00e9a: Flor de Mulungu\u201d. A biblioteca que fica dentro do museu ter\u00e1 foco em literatura negra. S\u00e3o cerca de dois mil livros, incluindo literatura infantil.<\/p>\n<p>Um dos 15 pontos de mem\u00f3ria que comp\u00f5em a Pequena \u00c1frica, na Zona Portu\u00e1ria do Rio, o Muhcab foi aberto ao p\u00fablico em novembro de 2021 pela prefeitura \u2013 via Secretaria Municipal de Cultura \u2013 no im\u00f3vel onde funcionou o Centro Cultural Jos\u00e9 Bonif\u00e1cio, na Gamboa. Vizinho ao Cais do Valongo (Patrim\u00f4nio Mundial \/ Unesco), o museu foi criado em 2017, via decreto, mas nunca tinha sido aberto ao p\u00fablico. O acervo guarda aproximadamente 2,5 mil itens, entre pinturas, esculturas e fotografias, al\u00e9m de trabalhos de artistas pl\u00e1sticos contempor\u00e2neos, que dialogam com o espa\u00e7o.<\/p>\n<p><strong>Passado e presente se encontram nas exposi\u00e7\u00f5es do Muhcab<\/strong><\/p>\n<p>Nas salas de exposi\u00e7\u00e3o do Muhcab, passado e presente se encontram. Uma das novidades \u00e9 a mostra \u201cOs Super Her\u00f3is Negros Brasileiros\u201d, com produ\u00e7\u00e3o de Paula Ramagem, reunindo, na Sala Mestre Mar\u00e7al, imagens de personagens de HQs produzidos por quadrinistas negros.<\/p>\n<blockquote wp_automatic_readability=\"13\">\n<p>-O\u00a0 resultado de uma amizade que come\u00e7ou no Maranh\u00e3o e, pela for\u00e7a dos orix\u00e1s, levou esses dois grandes artistas, Fernando Mendon\u00e7a e Rita Benneditto a se reencontrarem no Rio. O objetivo \u00e9 trazer \u00e0 luz sua import\u00e2ncia em nossa hist\u00f3ria, ancestralidade, sua humanidade e seus super poderes \u2013 contou Paula Ramagem.<\/p>\n<\/blockquote>\n<p>O visitante tamb\u00e9m poder\u00e1 conhecer as publica\u00e7\u00f5es e assistir a palestras com criadores como Valu Vasconcelos, Ropram, Ellyan Lopes e o CEO da Editora Kimera, Vanderlei Sadrack, o Stan Lee brasileiro. Adalberto Bernardino, Erick Lustosa e Raphael Gomide assinam a curadoria.<\/p>\n<p>Outra mostra, na Sala Mercedes Batista, \u201cCanto, Cores e Telas: TecnoMacumba no tra\u00e7o de Fernando Mendon\u00e7a\u201d, apresenta mais de 20 pinturas de grande porte a partir dos shows da Rita Benneditto, onde o artista fazia pinturas ao vivo, elaborando imagens relacionadas \u00e0s religi\u00f5es de matrizes africanas, sobretudo orix\u00e1s. A exposi\u00e7\u00e3o tem recursos do edital Pr\u00f3-Carioca \u2013 Edi\u00e7\u00e3o Paulo Gustavo.<\/p>\n<p>\u201cProtagonismos, mem\u00f3ria, orgulho e identidade\u201d segue em cartaz, com obras do acervo do Muhcab, ocupando a maior parte das cinco salas. Destaque para a pintura \u201cPersistir\u201d, do artista digital Artedeft, na qual um menino negro observa a favela. Nesse sentido, o Muhcab incorpora \u00e0 sua identidade o\u00a0afrofuturismo, movimento est\u00e9tico e pol\u00edtico que olha o passado enquanto imagina novas representa\u00e7\u00f5es para o futuro dos povos negros. Um dos objetivos da Secretaria Municipal de Cultura \u00e9 transformar o Muhcab numa refer\u00eancia internacional de arte contempor\u00e2nea.<\/p>\n<p><strong>Achados do Valongo<\/strong><\/p>\n<p>Por iniciativa da Secretaria Municipal de Cultura e do Instituto Rio Patrim\u00f4nio da Humanidade, em parceria com pesquisadores da Universidade do Estado do Rio de Janeiro (Uerj) e do Museu Nacional, a exposi\u00e7\u00e3o \u201cAchados do Valongo\u201d re\u00fane 180 itens como pia\u00e7avas, cer\u00e2micas, pedras e pe\u00e7as em vidro que contam um pouco da hist\u00f3ria da heran\u00e7a africana no Rio. S\u00e3o achados arqueol\u00f3gicos do antigo Cais do Valongo, na Zona Portu\u00e1ria, lugar onde operou o maior mercado de escravizados do Brasil. Fazem parte do acervo do Laborat\u00f3rio Aberto de Arqueologia Urbana (Laau) da Prefeitura do Rio, e ficar\u00e3o em cartaz no Muhcab por pelo menos um ano.<\/p>\n<p>Descoberto em 2011, na fase inicial do projeto Porto Maravilha, de revitaliza\u00e7\u00e3o da regi\u00e3o, o cais era adjacente ao mercado. Estima-se que por l\u00e1 passaram 700 mil africanos escravizados, entre 1790 e 1831, oriundos principalmente de portos do atual territ\u00f3rio de Angola, mas tamb\u00e9m de Mo\u00e7ambique.<\/p>\n<p>A escava\u00e7\u00e3o arqueol\u00f3gica de 2011 abriu um peda\u00e7o de terreno de quatro mil metros quadrados. De l\u00e1 sa\u00edram centenas de artefatos de matrizes africanas, como contas de colares, b\u00fazios, brincos e pulseiras de cobre, cristais, pe\u00e7as de cer\u00e2mica, an\u00e9is de pia\u00e7ava, figas, cachimbos de barro, materiais de cobre, \u00e2mbar, corais e miniaturas de uso ritual.<\/p>\n<p>             <!-- Compartilhe ---><\/p>\n<p>\t\t\t <!-- TAGS --><\/p>\n<section class=\"category-tags\">\n<div class=\"marcacao-category\">\n<article class=\"category-post\">\n<p>Categoria: <\/p>\n<\/article>\n<li>1 de julho de 2024<\/li><\/div>\n<article class=\"tags\">\n\t\t\t\t\tMarca\u00e7\u00f5es: afro-brasileira ancestralidade arte cais do valongo museu Museu da Hist\u00f3ria e Cultura Afro-Brasileira<br \/><\/article>\n<\/section>\n<p>            <!-- Mais Not&iacute;cias --><\/p>\n<p>\t\t<!-- Conte&uacute;do SIDEBAR --><\/p><\/div>\n","protected":false},"excerpt":{"rendered":"<p>Roda de samba animou a reinaugura\u00e7\u00e3o do Muhcab, no s\u00e1bado (29\/6) &#8211; Babi Reis\/Secretaria Municipal de Cultura Construir um futuro<\/p>\n","protected":false},"author":1,"featured_media":0,"comment_status":"","ping_status":"","sticky":false,"template":"","format":"standard","meta":{"colormag_page_container_layout":"default_layout","colormag_page_sidebar_layout":"default_layout","footnotes":""},"categories":[1],"tags":[],"class_list":["post-28640","post","type-post","status-publish","format-standard","hentry","category-ejornais"],"aioseo_notices":[],"amp_enabled":true,"_links":{"self":[{"href":"https:\/\/ejornais.com.br\/index.php\/wp-json\/wp\/v2\/posts\/28640","targetHints":{"allow":["GET"]}}],"collection":[{"href":"https:\/\/ejornais.com.br\/index.php\/wp-json\/wp\/v2\/posts"}],"about":[{"href":"https:\/\/ejornais.com.br\/index.php\/wp-json\/wp\/v2\/types\/post"}],"author":[{"embeddable":true,"href":"https:\/\/ejornais.com.br\/index.php\/wp-json\/wp\/v2\/users\/1"}],"replies":[{"embeddable":true,"href":"https:\/\/ejornais.com.br\/index.php\/wp-json\/wp\/v2\/comments?post=28640"}],"version-history":[{"count":0,"href":"https:\/\/ejornais.com.br\/index.php\/wp-json\/wp\/v2\/posts\/28640\/revisions"}],"wp:attachment":[{"href":"https:\/\/ejornais.com.br\/index.php\/wp-json\/wp\/v2\/media?parent=28640"}],"wp:term":[{"taxonomy":"category","embeddable":true,"href":"https:\/\/ejornais.com.br\/index.php\/wp-json\/wp\/v2\/categories?post=28640"},{"taxonomy":"post_tag","embeddable":true,"href":"https:\/\/ejornais.com.br\/index.php\/wp-json\/wp\/v2\/tags?post=28640"}],"curies":[{"name":"wp","href":"https:\/\/api.w.org\/{rel}","templated":true}]}}