{"id":28717,"date":"2024-07-03T08:23:22","date_gmt":"2024-07-03T11:23:22","guid":{"rendered":"https:\/\/ejornais.com.br\/index.php\/2024\/07\/03\/prefeitura-assina-termo-de-cooperacao-para-digitalizacao-de-documentos-historicos-da-cidade-agencia-de-noticias\/"},"modified":"2024-07-03T08:23:22","modified_gmt":"2024-07-03T11:23:22","slug":"prefeitura-assina-termo-de-cooperacao-para-digitalizacao-de-documentos-historicos-da-cidade-agencia-de-noticias","status":"publish","type":"post","link":"https:\/\/ejornais.com.br\/index.php\/2024\/07\/03\/prefeitura-assina-termo-de-cooperacao-para-digitalizacao-de-documentos-historicos-da-cidade-agencia-de-noticias\/","title":{"rendered":"Prefeitura assina termo de coopera\u00e7\u00e3o para digitaliza\u00e7\u00e3o de documentos hist\u00f3ricos da cidade \u2013 Ag\u00eancia de Not\u00edcias"},"content":{"rendered":"<p><\/p>\n<div wp_automatic_readability=\"31\">\n<div class=\"col\" wp_automatic_readability=\"7\">\n<p class=\"mt-0\">\n                        <strong><br \/>\n                            <span class=\"far fa-calendar mr-1 mt-2\"\/><br \/>\n                            2 de julho de 2024<br \/>\n                            <span class=\"far fa-clock ml-3 mt-2\"\/><br \/>\n                            18:28<br \/>\n                        <\/strong>\n                    <\/p>\n<p class=\"mb-0\">Por: <strong>Lu\u00eds Gustavo Adabro<\/strong><\/p>\n<\/p><\/div>\n<\/p><\/div>\n<div wp_automatic_readability=\"67.213367609255\">\n<p><em>Fotos: Renata Giron<\/em><\/p>\n<p>A Prefeitura de Sorocaba, por meio da Secretaria da Cultura (Secult), assinou, na tarde desta ter\u00e7a-feira (2), o termo de coopera\u00e7\u00e3o t\u00e9cnica para a cria\u00e7\u00e3o e compartilhamento de imagens digitais, com o apoio da Igreja de Jesus Cristo dos Santos dos \u00daltimos Dias, para digitaliza\u00e7\u00e3o de registros e declara\u00e7\u00f5es de \u00f3bitos, guias e livros de sepultamentos dos quatro cemit\u00e9rios municipais da cidade, entre os anos de 1880 a 2023. A a\u00e7\u00e3o aconteceu no sexto andar do Pa\u00e7o Municipal e contou com autoridades do Executivo e Legislativo da cidade.<\/p>\n<p>A parceria tem o objetivo de manter viva a hist\u00f3ria da cidade e de todas as fam\u00edlias sorocabanas, de forma digital, sem deteriora\u00e7\u00e3o de materiais centen\u00e1rios, para estudos dos mun\u00edcipes sobre a \u00e1rvore geneal\u00f3gica, al\u00e9m de consultas de documenta\u00e7\u00e3o familiar. Os trabalhos come\u00e7ar\u00e3o em agosto deste ano e a previs\u00e3o de t\u00e9rmino \u00e9 de seis meses.<\/p>\n<p>Atualmente, todos esses documentos f\u00edsicos est\u00e3o \u00e0 disposi\u00e7\u00e3o para consultas na Instituto Hist\u00f3rico Geneal\u00f3gico e Geogr\u00e1fico de Sorocaba (IHGGS), localizado na Zona Leste da cidade. Ap\u00f3s todas as digitaliza\u00e7\u00f5es, os documentos estar\u00e3o dispon\u00edveis em um site que ser\u00e1 criado exclusivamente para essa finaliza, al\u00e9m de serem divulgadas no site FamilySearch, patrocinado pela igreja.<\/p>\n<p>O Instituto Hist\u00f3rico Geneal\u00f3gico e Geogr\u00e1fico de Sorocaba est\u00e1 localizado na Rua Dr. Ruy Barbosa, 84, na Vila Hort\u00eancia. Mais informa\u00e7\u00f5es podem ser obtidas pelo telefone: (15) 3231-1669 e pelo e-mail: ihggs@yahoo.com.br.<\/p>\n<p><!-- Root element of PhotoSwipe. Must have class pswp. --><\/p><\/div>\n","protected":false},"excerpt":{"rendered":"<p>2 de julho de 2024 18:28 Por: Lu\u00eds Gustavo Adabro Fotos: Renata Giron A Prefeitura de Sorocaba, por meio da<\/p>\n","protected":false},"author":1,"featured_media":0,"comment_status":"","ping_status":"","sticky":false,"template":"","format":"standard","meta":{"colormag_page_container_layout":"default_layout","colormag_page_sidebar_layout":"default_layout","footnotes":""},"categories":[1],"tags":[],"class_list":["post-28717","post","type-post","status-publish","format-standard","hentry","category-ejornais"],"aioseo_notices":[],"amp_enabled":true,"_links":{"self":[{"href":"https:\/\/ejornais.com.br\/index.php\/wp-json\/wp\/v2\/posts\/28717","targetHints":{"allow":["GET"]}}],"collection":[{"href":"https:\/\/ejornais.com.br\/index.php\/wp-json\/wp\/v2\/posts"}],"about":[{"href":"https:\/\/ejornais.com.br\/index.php\/wp-json\/wp\/v2\/types\/post"}],"author":[{"embeddable":true,"href":"https:\/\/ejornais.com.br\/index.php\/wp-json\/wp\/v2\/users\/1"}],"replies":[{"embeddable":true,"href":"https:\/\/ejornais.com.br\/index.php\/wp-json\/wp\/v2\/comments?post=28717"}],"version-history":[{"count":0,"href":"https:\/\/ejornais.com.br\/index.php\/wp-json\/wp\/v2\/posts\/28717\/revisions"}],"wp:attachment":[{"href":"https:\/\/ejornais.com.br\/index.php\/wp-json\/wp\/v2\/media?parent=28717"}],"wp:term":[{"taxonomy":"category","embeddable":true,"href":"https:\/\/ejornais.com.br\/index.php\/wp-json\/wp\/v2\/categories?post=28717"},{"taxonomy":"post_tag","embeddable":true,"href":"https:\/\/ejornais.com.br\/index.php\/wp-json\/wp\/v2\/tags?post=28717"}],"curies":[{"name":"wp","href":"https:\/\/api.w.org\/{rel}","templated":true}]}}