{"id":29199,"date":"2024-07-11T12:54:53","date_gmt":"2024-07-11T15:54:53","guid":{"rendered":"https:\/\/ejornais.com.br\/index.php\/2024\/07\/11\/inscricao-para-formacao-de-alunos-oficiais-da-pm\/"},"modified":"2024-07-11T12:54:53","modified_gmt":"2024-07-11T15:54:53","slug":"inscricao-para-formacao-de-alunos-oficiais-da-pm","status":"publish","type":"post","link":"https:\/\/ejornais.com.br\/index.php\/2024\/07\/11\/inscricao-para-formacao-de-alunos-oficiais-da-pm\/","title":{"rendered":"inscri\u00e7\u00e3o para forma\u00e7\u00e3o de alunos-oficiais da PM"},"content":{"rendered":"<p><img decoding=\"async\" src=\"https:\/\/www.saopaulo.sp.gov.br\/wp-content\/uploads\/2024\/07\/00055434.jpeg\" \/><\/p>\n<div id=\"\">&#13;<br \/>\n                                <!-- Title -->&#13;<br \/>\n                                &#13;<br \/>\n&#13;<br \/>\n                                <!-- Excerpt -->&#13;<\/p>\n<p class=\"excerpt\">S\u00e3o 200 vagas autorizadas pelo governo de S\u00e3o Paulo para recompor efetivo da corpora\u00e7\u00e3o; remunera\u00e7\u00e3o b\u00e1sica \u00e9 de R$ 4,8 mil<\/p>\n<p>&#13;<br \/>\n&#13;<br \/>\n                                &#13;\n                            <\/p><\/div>\n<div id=\"\">&#13;<\/p>\n<figure id=\"attachment_5915627\" style=\"width: 100%;max-width: 1024px\" class=\"wp-caption alignnone\"><figcaption class=\"wp-caption-text\">Forma\u00e7\u00e3o de alunos-oficiais da Pol\u00edcia Militar<\/figcaption><\/figure>\n<p>Termina nesta quinta-feira (11) o prazo para as inscri\u00e7\u00f5es para o concurso p\u00fablico de forma\u00e7\u00e3o de alunos-oficiais da Pol\u00edcia Militar. S\u00e3o 200 vagas autorizadas pelo governo de S\u00e3o Paulo. O edital foi publicado em 10 de junho. As inscri\u00e7\u00f5es devem ser feitas pelo site da Vunesp, organizadora do evento.<\/p>\n<p>Os aprovados iniciar\u00e3o a gradua\u00e7\u00e3o de bacharelado em Ci\u00eancias Policiais de Seguran\u00e7a e Ordem P\u00fablica na Academia de Pol\u00edcia Militar do Barro Branco, localizada na zona norte de S\u00e3o Paulo. A remunera\u00e7\u00e3o b\u00e1sica inicial para o cargo de aluno-oficial \u00e9 de R$ 4,8 mil.<\/p>\n<p>Como requisito do concurso, os candidatos devem ter completado o ensino m\u00e9dio, ter entre 17 e 30 anos e ser brasileiros. Mulheres precisam ter altura m\u00ednima de 1,55m, e homens, de 1,60m.<\/p>\n<p>LEIA TAMB\u00c9M:\u00a0Mulher passa em 1\u00b0 lugar da turma entre mais de mil soldados<\/p>\n<p>Ap\u00f3s a inscri\u00e7\u00e3o, os alunos aprovados passar\u00e3o por uma sele\u00e7\u00e3o e em seguida pela nomea\u00e7\u00e3o, posse e ser\u00e3o avaliados por meio de provas f\u00edsicas e te\u00f3ricas.<\/p>\n<p>Esse \u00e9 mais um passo para a redu\u00e7\u00e3o do d\u00e9ficit do efetivo da Pol\u00edcia Militar que, atualmente, \u00e9 de 13,6%. Em mar\u00e7o deste ano, o governo havia autorizado a contrata\u00e7\u00e3o de 2,7 mil soldados de 2\u00aa classe da Pol\u00edcia Militar.<\/p>\n<\/p><\/div>\n","protected":false},"excerpt":{"rendered":"<p>&#13; &#13; &#13; &#13; &#13; S\u00e3o 200 vagas autorizadas pelo governo de S\u00e3o Paulo para recompor efetivo da corpora\u00e7\u00e3o; remunera\u00e7\u00e3o<\/p>\n","protected":false},"author":1,"featured_media":0,"comment_status":"","ping_status":"","sticky":false,"template":"","format":"standard","meta":{"colormag_page_container_layout":"default_layout","colormag_page_sidebar_layout":"default_layout","footnotes":""},"categories":[1],"tags":[],"class_list":["post-29199","post","type-post","status-publish","format-standard","hentry","category-ejornais"],"aioseo_notices":[],"amp_enabled":true,"_links":{"self":[{"href":"https:\/\/ejornais.com.br\/index.php\/wp-json\/wp\/v2\/posts\/29199","targetHints":{"allow":["GET"]}}],"collection":[{"href":"https:\/\/ejornais.com.br\/index.php\/wp-json\/wp\/v2\/posts"}],"about":[{"href":"https:\/\/ejornais.com.br\/index.php\/wp-json\/wp\/v2\/types\/post"}],"author":[{"embeddable":true,"href":"https:\/\/ejornais.com.br\/index.php\/wp-json\/wp\/v2\/users\/1"}],"replies":[{"embeddable":true,"href":"https:\/\/ejornais.com.br\/index.php\/wp-json\/wp\/v2\/comments?post=29199"}],"version-history":[{"count":0,"href":"https:\/\/ejornais.com.br\/index.php\/wp-json\/wp\/v2\/posts\/29199\/revisions"}],"wp:attachment":[{"href":"https:\/\/ejornais.com.br\/index.php\/wp-json\/wp\/v2\/media?parent=29199"}],"wp:term":[{"taxonomy":"category","embeddable":true,"href":"https:\/\/ejornais.com.br\/index.php\/wp-json\/wp\/v2\/categories?post=29199"},{"taxonomy":"post_tag","embeddable":true,"href":"https:\/\/ejornais.com.br\/index.php\/wp-json\/wp\/v2\/tags?post=29199"}],"curies":[{"name":"wp","href":"https:\/\/api.w.org\/{rel}","templated":true}]}}