{"id":29309,"date":"2024-07-13T23:49:31","date_gmt":"2024-07-14T02:49:31","guid":{"rendered":"https:\/\/ejornais.com.br\/index.php\/2024\/07\/13\/metro-oferece-cinema-gratuito-aos-passageiros-na-linha-3-vermelha\/"},"modified":"2024-07-13T23:49:31","modified_gmt":"2024-07-14T02:49:31","slug":"metro-oferece-cinema-gratuito-aos-passageiros-na-linha-3-vermelha","status":"publish","type":"post","link":"https:\/\/ejornais.com.br\/index.php\/2024\/07\/13\/metro-oferece-cinema-gratuito-aos-passageiros-na-linha-3-vermelha\/","title":{"rendered":"Metr\u00f4 oferece cinema gratuito aos passageiros na Linha 3-Vermelha"},"content":{"rendered":"<p><img decoding=\"async\" src=\"https:\/\/www.saopaulo.sp.gov.br\/wp-content\/uploads\/2023\/03\/iStock-1164764932.jpg\" \/><\/p>\n<div id=\"\">&#13;<br \/>\n                                <!-- Title -->&#13;<br \/>\n                                &#13;<br \/>\n&#13;<br \/>\n                                <!-- Excerpt -->&#13;<\/p>\n<p class=\"excerpt\">Projeto Cinemetr\u00f4 estar\u00e1 at\u00e9 o dia 20 na esta\u00e7\u00e3o Santa Cec\u00edlia e de 22 de julho a 5 de agosto na esta\u00e7\u00e3o Rep\u00fablica<\/p>\n<p>&#13;<br \/>\n&#13;<br \/>\n                                &#13;\n                            <\/p><\/div>\n<div id=\"\">&#13;<\/p>\n<figure id=\"attachment_5804162\" style=\"width: 100%;max-width: 753px\" class=\"wp-caption alignnone caption-hide\"><figcaption class=\"wp-caption-text\">As esta\u00e7\u00f5es de metr\u00f4 contar\u00e3o com salas de cinema e pipoca<\/figcaption><\/figure>\n<p>O Metr\u00f4 preparou uma a\u00e7\u00e3o in\u00e9dita para que os passageiros aproveitem as f\u00e9rias de julho. At\u00e9 o dia 20, ser\u00e3o exibidas gratuitamente, das 15h \u00e0s 21h, sess\u00f5es de cinema na esta\u00e7\u00e3o Santa Cec\u00edlia (Linha 3-Vermelha), por meio do projeto Cinemetr\u00f4, em parceria com a Epson. E de 22 de julho a 5 de agosto, o projeto estar\u00e1 na esta\u00e7\u00e3o Rep\u00fablica (Linha 3-Vermelha), com exibi\u00e7\u00e3o de filmes nos mesmos hor\u00e1rios.<\/p>\n<p>No roteiro, ser\u00e1 disponibilizada uma s\u00e9rie de filmes infanto-juvenil, como A Baleia M\u00e1gica, Historietas Assombradas, Meu Nome \u00e9 Mallum e Quintal, al\u00e9m de O Pai do Gol para jovens e adultos. No intervalo desses filmes, ser\u00e3o exibidos v\u00eddeos curtos, contando hist\u00f3rias dos 50 anos de opera\u00e7\u00e3o do Metr\u00f4, que ser\u00e1 completado em setembro.<\/p>\n<p>Essas esta\u00e7\u00f5es contar\u00e3o com uma sala de cinema com 40 bancos confort\u00e1veis e pipoca, garantindo experi\u00eancia completa e a divers\u00e3o das fam\u00edlias. Os locais tamb\u00e9m ter\u00e3o atendentes para tirar d\u00favidas dos expectadores e interessados em acompanhar as sess\u00f5es.<\/p>\n<p>O projeto faz parte do \u201cF\u00e9rias no Metr\u00f4\u201d, que disponibiliza aos passageiros uma s\u00e9rie de atividades culturais entre julho e agosto, e faz parte das comemora\u00e7\u00f5es dos 50 anos da empresa.<\/p>\n<h2>Programa\u00e7\u00e3o:<\/h2>\n<p><strong>Esta\u00e7\u00e3o Santa Cecilia<br \/><\/strong>At\u00e9 20 de julho \u2013 das 15h \u00e0s 21h<\/p>\n<p><strong>Esta\u00e7\u00e3o Rep\u00fablica<br \/><\/strong>De 22 de julho a 5 de agosto \u2013\u00a0das\u00a015h\u00a0\u00e0s\u00a021h<\/p>\n<p>Siga o canal \u201cGoverno de S\u00e3o Paulo\u201d no WhatsApp:<br \/>https:\/\/bit.ly\/govspnozap<\/p>\n<\/p><\/div>\n","protected":false},"excerpt":{"rendered":"<p>&#13; &#13; &#13; &#13; &#13; Projeto Cinemetr\u00f4 estar\u00e1 at\u00e9 o dia 20 na esta\u00e7\u00e3o Santa Cec\u00edlia e de 22 de<\/p>\n","protected":false},"author":1,"featured_media":0,"comment_status":"","ping_status":"","sticky":false,"template":"","format":"standard","meta":{"colormag_page_container_layout":"default_layout","colormag_page_sidebar_layout":"default_layout","footnotes":""},"categories":[1],"tags":[],"class_list":["post-29309","post","type-post","status-publish","format-standard","hentry","category-ejornais"],"aioseo_notices":[],"aioseo_head":"\n\t\t<!-- All in One SEO 5.0.1.1 - aioseo.com -->\n\t<meta name=\"description\" content=\"Projeto Cinemetr\u00f4 estar\u00e1 at\u00e9 o dia 20 na esta\u00e7\u00e3o Santa Cec\u00edlia e de 22 de julho a 5 de agosto na esta\u00e7\u00e3o Rep\u00fablica O Metr\u00f4 preparou uma a\u00e7\u00e3o in\u00e9dita para que os passageiros aproveitem as f\u00e9rias de julho. At\u00e9 o dia 20, ser\u00e3o exibidas gratuitamente, das 15h\" \/>\n\t<meta name=\"robots\" content=\"max-image-preview:large\" \/>\n\t<link rel=\"canonical\" href=\"https:\/\/ejornais.com.br\/index.php\/2024\/07\/13\/metro-oferece-cinema-gratuito-aos-passageiros-na-linha-3-vermelha\/\" \/>\n\t<meta name=\"generator\" content=\"All in One SEO (AIOSEO) 5.0.1.1\" \/>\n\t\t<meta property=\"og:locale\" content=\"pt_BR\" \/>\n\t\t<meta property=\"og:site_name\" content=\"eJornais - Cat\u00e1logo de Jornais no mundo, Not\u00edcias, Blog e Esportes ao vivo\" \/>\n\t\t<meta property=\"og:type\" content=\"article\" \/>\n\t\t<meta property=\"og:title\" content=\"Metr\u00f4 oferece cinema gratuito aos passageiros na Linha 3-Vermelha - eJornais\" \/>\n\t\t<meta property=\"og:description\" content=\"Projeto Cinemetr\u00f4 estar\u00e1 at\u00e9 o dia 20 na esta\u00e7\u00e3o Santa Cec\u00edlia e de 22 de julho a 5 de agosto na esta\u00e7\u00e3o Rep\u00fablica O Metr\u00f4 preparou uma a\u00e7\u00e3o in\u00e9dita para que os passageiros aproveitem as f\u00e9rias de julho. At\u00e9 o dia 20, ser\u00e3o exibidas gratuitamente, das 15h\" \/>\n\t\t<meta property=\"og:url\" content=\"https:\/\/ejornais.com.br\/index.php\/2024\/07\/13\/metro-oferece-cinema-gratuito-aos-passageiros-na-linha-3-vermelha\/\" \/>\n\t\t<meta property=\"article:published_time\" content=\"2024-07-14T02:49:31+00:00\" \/>\n\t\t<meta property=\"article:modified_time\" content=\"2024-07-14T02:49:31+00:00\" \/>\n\t\t<meta name=\"twitter:card\" content=\"summary_large_image\" \/>\n\t\t<meta name=\"twitter:title\" content=\"Metr\u00f4 oferece cinema gratuito aos passageiros na Linha 3-Vermelha - eJornais\" \/>\n\t\t<meta name=\"twitter:description\" content=\"Projeto Cinemetr\u00f4 estar\u00e1 at\u00e9 o dia 20 na esta\u00e7\u00e3o Santa Cec\u00edlia e de 22 de julho a 5 de agosto na esta\u00e7\u00e3o Rep\u00fablica O Metr\u00f4 preparou uma a\u00e7\u00e3o in\u00e9dita para que os passageiros aproveitem as f\u00e9rias de julho. At\u00e9 o dia 20, ser\u00e3o exibidas gratuitamente, das 15h\" \/>\n\t\t<script type=\"application\/ld+json\" class=\"aioseo-schema\">\n\t\t\t{\"@context\":\"https:\\\/\\\/schema.org\",\"@graph\":[{\"@type\":\"BlogPosting\",\"@id\":\"https:\\\/\\\/ejornais.com.br\\\/index.php\\\/2024\\\/07\\\/13\\\/metro-oferece-cinema-gratuito-aos-passageiros-na-linha-3-vermelha\\\/#blogposting\",\"name\":\"Metr\\u00f4 oferece cinema gratuito aos passageiros na Linha 3-Vermelha - eJornais\",\"headline\":\"Metr\\u00f4 oferece cinema gratuito aos passageiros na Linha 3-Vermelha\",\"author\":{\"@id\":\"https:\\\/\\\/ejornais.com.br\\\/index.php\\\/author\\\/#author\"},\"publisher\":{\"@id\":\"https:\\\/\\\/ejornais.com.br\\\/#organization\"},\"image\":{\"@type\":\"ImageObject\",\"url\":\"https:\\\/\\\/www.saopaulo.sp.gov.br\\\/wp-content\\\/uploads\\\/2023\\\/03\\\/iStock-1164764932.jpg\",\"@id\":\"https:\\\/\\\/ejornais.com.br\\\/index.php\\\/2024\\\/07\\\/13\\\/metro-oferece-cinema-gratuito-aos-passageiros-na-linha-3-vermelha\\\/#articleImage\"},\"datePublished\":\"2024-07-13T23:49:31-03:00\",\"dateModified\":\"2024-07-13T23:49:31-03:00\",\"inLanguage\":\"pt-BR\",\"mainEntityOfPage\":{\"@id\":\"https:\\\/\\\/ejornais.com.br\\\/index.php\\\/2024\\\/07\\\/13\\\/metro-oferece-cinema-gratuito-aos-passageiros-na-linha-3-vermelha\\\/#webpage\"},\"isPartOf\":{\"@id\":\"https:\\\/\\\/ejornais.com.br\\\/index.php\\\/2024\\\/07\\\/13\\\/metro-oferece-cinema-gratuito-aos-passageiros-na-linha-3-vermelha\\\/#webpage\"},\"articleSection\":\"Cat\\u00e1logo de Jornais\"},{\"@type\":\"BreadcrumbList\",\"@id\":\"https:\\\/\\\/ejornais.com.br\\\/index.php\\\/2024\\\/07\\\/13\\\/metro-oferece-cinema-gratuito-aos-passageiros-na-linha-3-vermelha\\\/#breadcrumblist\",\"itemListElement\":[{\"@type\":\"ListItem\",\"@id\":\"https:\\\/\\\/ejornais.com.br#listItem\",\"position\":1,\"name\":\"In\\u00edcio\",\"item\":\"https:\\\/\\\/ejornais.com.br\",\"nextItem\":{\"@type\":\"ListItem\",\"@id\":\"https:\\\/\\\/ejornais.com.br\\\/index.php\\\/category\\\/ejornais\\\/#listItem\",\"name\":\"Cat\\u00e1logo de Jornais\"}},{\"@type\":\"ListItem\",\"@id\":\"https:\\\/\\\/ejornais.com.br\\\/index.php\\\/category\\\/ejornais\\\/#listItem\",\"position\":2,\"name\":\"Cat\\u00e1logo de Jornais\",\"item\":\"https:\\\/\\\/ejornais.com.br\\\/index.php\\\/category\\\/ejornais\\\/\",\"nextItem\":{\"@type\":\"ListItem\",\"@id\":\"https:\\\/\\\/ejornais.com.br\\\/index.php\\\/2024\\\/07\\\/13\\\/metro-oferece-cinema-gratuito-aos-passageiros-na-linha-3-vermelha\\\/#listItem\",\"name\":\"Metr\\u00f4 oferece cinema gratuito aos passageiros na Linha 3-Vermelha\"},\"previousItem\":{\"@type\":\"ListItem\",\"@id\":\"https:\\\/\\\/ejornais.com.br#listItem\",\"name\":\"In\\u00edcio\"}},{\"@type\":\"ListItem\",\"@id\":\"https:\\\/\\\/ejornais.com.br\\\/index.php\\\/2024\\\/07\\\/13\\\/metro-oferece-cinema-gratuito-aos-passageiros-na-linha-3-vermelha\\\/#listItem\",\"position\":3,\"name\":\"Metr\\u00f4 oferece cinema gratuito aos passageiros na Linha 3-Vermelha\",\"previousItem\":{\"@type\":\"ListItem\",\"@id\":\"https:\\\/\\\/ejornais.com.br\\\/index.php\\\/category\\\/ejornais\\\/#listItem\",\"name\":\"Cat\\u00e1logo de Jornais\"}}]},{\"@type\":\"Organization\",\"@id\":\"https:\\\/\\\/ejornais.com.br\\\/#organization\",\"name\":\"eJornais\",\"description\":\"Cat\\u00e1logo de Jornais no mundo, Not\\u00edcias, Blog e Esportes ao vivo\",\"url\":\"https:\\\/\\\/ejornais.com.br\\\/\"},{\"@type\":\"Person\",\"@id\":\"https:\\\/\\\/ejornais.com.br\\\/index.php\\\/author\\\/#author\",\"url\":\"https:\\\/\\\/ejornais.com.br\\\/index.php\\\/author\\\/\"},{\"@type\":\"WebPage\",\"@id\":\"https:\\\/\\\/ejornais.com.br\\\/index.php\\\/2024\\\/07\\\/13\\\/metro-oferece-cinema-gratuito-aos-passageiros-na-linha-3-vermelha\\\/#webpage\",\"url\":\"https:\\\/\\\/ejornais.com.br\\\/index.php\\\/2024\\\/07\\\/13\\\/metro-oferece-cinema-gratuito-aos-passageiros-na-linha-3-vermelha\\\/\",\"name\":\"Metr\\u00f4 oferece cinema gratuito aos passageiros na Linha 3-Vermelha - eJornais\",\"description\":\"Projeto Cinemetr\\u00f4 estar\\u00e1 at\\u00e9 o dia 20 na esta\\u00e7\\u00e3o Santa Cec\\u00edlia e de 22 de julho a 5 de agosto na esta\\u00e7\\u00e3o Rep\\u00fablica O Metr\\u00f4 preparou uma a\\u00e7\\u00e3o in\\u00e9dita para que os passageiros aproveitem as f\\u00e9rias de julho. At\\u00e9 o dia 20, ser\\u00e3o exibidas gratuitamente, das 15h\",\"inLanguage\":\"pt-BR\",\"isPartOf\":{\"@id\":\"https:\\\/\\\/ejornais.com.br\\\/#website\"},\"breadcrumb\":{\"@id\":\"https:\\\/\\\/ejornais.com.br\\\/index.php\\\/2024\\\/07\\\/13\\\/metro-oferece-cinema-gratuito-aos-passageiros-na-linha-3-vermelha\\\/#breadcrumblist\"},\"author\":{\"@id\":\"https:\\\/\\\/ejornais.com.br\\\/index.php\\\/author\\\/#author\"},\"creator\":{\"@id\":\"https:\\\/\\\/ejornais.com.br\\\/index.php\\\/author\\\/#author\"},\"datePublished\":\"2024-07-13T23:49:31-03:00\",\"dateModified\":\"2024-07-13T23:49:31-03:00\"},{\"@type\":\"WebSite\",\"@id\":\"https:\\\/\\\/ejornais.com.br\\\/#website\",\"url\":\"https:\\\/\\\/ejornais.com.br\\\/\",\"name\":\"eJornais\",\"description\":\"Cat\\u00e1logo de Jornais no mundo, Not\\u00edcias, Blog e Esportes ao vivo\",\"inLanguage\":\"pt-BR\",\"publisher\":{\"@id\":\"https:\\\/\\\/ejornais.com.br\\\/#organization\"}}]}\n\t\t<\/script>\n\t\t<!-- All in One SEO -->\n\n","aioseo_head_json":{"title":"Metr\u00f4 oferece cinema gratuito aos passageiros na Linha 3-Vermelha - eJornais","description":"Projeto Cinemetr\u00f4 estar\u00e1 at\u00e9 o dia 20 na esta\u00e7\u00e3o Santa Cec\u00edlia e de 22 de julho a 5 de agosto na esta\u00e7\u00e3o Rep\u00fablica O Metr\u00f4 preparou uma a\u00e7\u00e3o in\u00e9dita para que os passageiros aproveitem as f\u00e9rias de julho. At\u00e9 o dia 20, ser\u00e3o exibidas gratuitamente, das 15h","canonical_url":"https:\/\/ejornais.com.br\/index.php\/2024\/07\/13\/metro-oferece-cinema-gratuito-aos-passageiros-na-linha-3-vermelha\/","robots":"max-image-preview:large","keywords":"","webmasterTools":{"miscellaneous":""},"schema":{"@context":"https:\/\/schema.org","@graph":[{"@type":"BlogPosting","@id":"https:\/\/ejornais.com.br\/index.php\/2024\/07\/13\/metro-oferece-cinema-gratuito-aos-passageiros-na-linha-3-vermelha\/#blogposting","name":"Metr\u00f4 oferece cinema gratuito aos passageiros na Linha 3-Vermelha - eJornais","headline":"Metr\u00f4 oferece cinema gratuito aos passageiros na Linha 3-Vermelha","author":{"@id":"https:\/\/ejornais.com.br\/index.php\/author\/#author"},"publisher":{"@id":"https:\/\/ejornais.com.br\/#organization"},"image":{"@type":"ImageObject","url":"https:\/\/www.saopaulo.sp.gov.br\/wp-content\/uploads\/2023\/03\/iStock-1164764932.jpg","@id":"https:\/\/ejornais.com.br\/index.php\/2024\/07\/13\/metro-oferece-cinema-gratuito-aos-passageiros-na-linha-3-vermelha\/#articleImage"},"datePublished":"2024-07-13T23:49:31-03:00","dateModified":"2024-07-13T23:49:31-03:00","inLanguage":"pt-BR","mainEntityOfPage":{"@id":"https:\/\/ejornais.com.br\/index.php\/2024\/07\/13\/metro-oferece-cinema-gratuito-aos-passageiros-na-linha-3-vermelha\/#webpage"},"isPartOf":{"@id":"https:\/\/ejornais.com.br\/index.php\/2024\/07\/13\/metro-oferece-cinema-gratuito-aos-passageiros-na-linha-3-vermelha\/#webpage"},"articleSection":"Cat\u00e1logo de Jornais"},{"@type":"BreadcrumbList","@id":"https:\/\/ejornais.com.br\/index.php\/2024\/07\/13\/metro-oferece-cinema-gratuito-aos-passageiros-na-linha-3-vermelha\/#breadcrumblist","itemListElement":[{"@type":"ListItem","@id":"https:\/\/ejornais.com.br#listItem","position":1,"name":"In\u00edcio","item":"https:\/\/ejornais.com.br","nextItem":{"@type":"ListItem","@id":"https:\/\/ejornais.com.br\/index.php\/category\/ejornais\/#listItem","name":"Cat\u00e1logo de Jornais"}},{"@type":"ListItem","@id":"https:\/\/ejornais.com.br\/index.php\/category\/ejornais\/#listItem","position":2,"name":"Cat\u00e1logo de Jornais","item":"https:\/\/ejornais.com.br\/index.php\/category\/ejornais\/","nextItem":{"@type":"ListItem","@id":"https:\/\/ejornais.com.br\/index.php\/2024\/07\/13\/metro-oferece-cinema-gratuito-aos-passageiros-na-linha-3-vermelha\/#listItem","name":"Metr\u00f4 oferece cinema gratuito aos passageiros na Linha 3-Vermelha"},"previousItem":{"@type":"ListItem","@id":"https:\/\/ejornais.com.br#listItem","name":"In\u00edcio"}},{"@type":"ListItem","@id":"https:\/\/ejornais.com.br\/index.php\/2024\/07\/13\/metro-oferece-cinema-gratuito-aos-passageiros-na-linha-3-vermelha\/#listItem","position":3,"name":"Metr\u00f4 oferece cinema gratuito aos passageiros na Linha 3-Vermelha","previousItem":{"@type":"ListItem","@id":"https:\/\/ejornais.com.br\/index.php\/category\/ejornais\/#listItem","name":"Cat\u00e1logo de Jornais"}}]},{"@type":"Organization","@id":"https:\/\/ejornais.com.br\/#organization","name":"eJornais","description":"Cat\u00e1logo de Jornais no mundo, Not\u00edcias, Blog e Esportes ao vivo","url":"https:\/\/ejornais.com.br\/"},{"@type":"Person","@id":"https:\/\/ejornais.com.br\/index.php\/author\/#author","url":"https:\/\/ejornais.com.br\/index.php\/author\/"},{"@type":"WebPage","@id":"https:\/\/ejornais.com.br\/index.php\/2024\/07\/13\/metro-oferece-cinema-gratuito-aos-passageiros-na-linha-3-vermelha\/#webpage","url":"https:\/\/ejornais.com.br\/index.php\/2024\/07\/13\/metro-oferece-cinema-gratuito-aos-passageiros-na-linha-3-vermelha\/","name":"Metr\u00f4 oferece cinema gratuito aos passageiros na Linha 3-Vermelha - eJornais","description":"Projeto Cinemetr\u00f4 estar\u00e1 at\u00e9 o dia 20 na esta\u00e7\u00e3o Santa Cec\u00edlia e de 22 de julho a 5 de agosto na esta\u00e7\u00e3o Rep\u00fablica O Metr\u00f4 preparou uma a\u00e7\u00e3o in\u00e9dita para que os passageiros aproveitem as f\u00e9rias de julho. At\u00e9 o dia 20, ser\u00e3o exibidas gratuitamente, das 15h","inLanguage":"pt-BR","isPartOf":{"@id":"https:\/\/ejornais.com.br\/#website"},"breadcrumb":{"@id":"https:\/\/ejornais.com.br\/index.php\/2024\/07\/13\/metro-oferece-cinema-gratuito-aos-passageiros-na-linha-3-vermelha\/#breadcrumblist"},"author":{"@id":"https:\/\/ejornais.com.br\/index.php\/author\/#author"},"creator":{"@id":"https:\/\/ejornais.com.br\/index.php\/author\/#author"},"datePublished":"2024-07-13T23:49:31-03:00","dateModified":"2024-07-13T23:49:31-03:00"},{"@type":"WebSite","@id":"https:\/\/ejornais.com.br\/#website","url":"https:\/\/ejornais.com.br\/","name":"eJornais","description":"Cat\u00e1logo de Jornais no mundo, Not\u00edcias, Blog e Esportes ao vivo","inLanguage":"pt-BR","publisher":{"@id":"https:\/\/ejornais.com.br\/#organization"}}]},"og:locale":"pt_BR","og:site_name":"eJornais - Cat\u00e1logo de Jornais no mundo, Not\u00edcias, Blog e Esportes ao vivo","og:type":"article","og:title":"Metr\u00f4 oferece cinema gratuito aos passageiros na Linha 3-Vermelha - eJornais","og:description":"Projeto Cinemetr\u00f4 estar\u00e1 at\u00e9 o dia 20 na esta\u00e7\u00e3o Santa Cec\u00edlia e de 22 de julho a 5 de agosto na esta\u00e7\u00e3o Rep\u00fablica O Metr\u00f4 preparou uma a\u00e7\u00e3o in\u00e9dita para que os passageiros aproveitem as f\u00e9rias de julho. At\u00e9 o dia 20, ser\u00e3o exibidas gratuitamente, das 15h","og:url":"https:\/\/ejornais.com.br\/index.php\/2024\/07\/13\/metro-oferece-cinema-gratuito-aos-passageiros-na-linha-3-vermelha\/","article:published_time":"2024-07-14T02:49:31+00:00","article:modified_time":"2024-07-14T02:49:31+00:00","twitter:card":"summary_large_image","twitter:title":"Metr\u00f4 oferece cinema gratuito aos passageiros na Linha 3-Vermelha - eJornais","twitter:description":"Projeto Cinemetr\u00f4 estar\u00e1 at\u00e9 o dia 20 na esta\u00e7\u00e3o Santa Cec\u00edlia e de 22 de julho a 5 de agosto na esta\u00e7\u00e3o Rep\u00fablica O Metr\u00f4 preparou uma a\u00e7\u00e3o in\u00e9dita para que os passageiros aproveitem as f\u00e9rias de julho. At\u00e9 o dia 20, ser\u00e3o exibidas gratuitamente, das 15h"},"aioseo_meta_data":{"post_id":"29309","title":null,"description":null,"keywords":null,"keyphrases":null,"primary_term":null,"canonical_url":null,"og_title":null,"og_description":null,"og_object_type":"default","og_image_type":"default","og_image_url":null,"og_image_width":null,"og_image_height":null,"og_image_custom_url":null,"og_image_custom_fields":null,"og_video":null,"og_custom_url":null,"og_article_section":null,"og_article_tags":null,"twitter_use_og":false,"twitter_card":"default","twitter_image_type":"default","twitter_image_url":null,"twitter_image_custom_url":null,"twitter_image_custom_fields":null,"twitter_title":null,"twitter_description":null,"schema":{"blockGraphs":[],"customGraphs":[],"default":{"data":{"Article":[],"Course":[],"Dataset":[],"FAQPage":[],"Movie":[],"Person":[],"Product":[],"ProductReview":[],"Car":[],"Recipe":[],"Service":[],"SoftwareApplication":[],"WebPage":[]},"graphName":"","isEnabled":true},"graphs":[]},"schema_type":"default","schema_type_options":null,"pillar_content":false,"robots_default":true,"robots_noindex":false,"robots_noarchive":false,"robots_nosnippet":false,"robots_nofollow":false,"robots_noimageindex":false,"robots_noodp":false,"robots_notranslate":false,"robots_max_snippet":null,"robots_max_videopreview":null,"robots_max_imagepreview":"large","priority":null,"frequency":null,"local_seo":null,"breadcrumb_settings":null,"limit_modified_date":false,"ai":null,"created":"2024-07-14 02:54:39","updated":"2025-06-05 19:02:13","seo_analyzer_scan_date":null,"focus_keyword":null,"additional_keywords":null,"truseo_locale":null},"aioseo_breadcrumb":"<div class=\"aioseo-breadcrumbs\"><span class=\"aioseo-breadcrumb\">\n\t\t\t<a href=\"https:\/\/ejornais.com.br\" title=\"In\u00edcio\">In\u00edcio<\/a>\n\t\t<\/span><span class=\"aioseo-breadcrumb-separator\">&raquo;<\/span><span class=\"aioseo-breadcrumb\">\n\t\t\t<a href=\"https:\/\/ejornais.com.br\/index.php\/category\/ejornais\/\" title=\"Cat\u00e1logo de Jornais\">Cat\u00e1logo de Jornais<\/a>\n\t\t<\/span><span class=\"aioseo-breadcrumb-separator\">&raquo;<\/span><span class=\"aioseo-breadcrumb\">\n\t\t\tMetr\u00f4 oferece cinema gratuito aos passageiros na Linha 3-Vermelha\n\t\t<\/span><\/div>","aioseo_breadcrumb_json":[{"label":"In\u00edcio","link":"https:\/\/ejornais.com.br"},{"label":"Cat\u00e1logo de Jornais","link":"https:\/\/ejornais.com.br\/index.php\/category\/ejornais\/"},{"label":"Metr\u00f4 oferece cinema gratuito aos passageiros na Linha 3-Vermelha","link":"https:\/\/ejornais.com.br\/index.php\/2024\/07\/13\/metro-oferece-cinema-gratuito-aos-passageiros-na-linha-3-vermelha\/"}],"amp_enabled":true,"_links":{"self":[{"href":"https:\/\/ejornais.com.br\/index.php\/wp-json\/wp\/v2\/posts\/29309","targetHints":{"allow":["GET"]}}],"collection":[{"href":"https:\/\/ejornais.com.br\/index.php\/wp-json\/wp\/v2\/posts"}],"about":[{"href":"https:\/\/ejornais.com.br\/index.php\/wp-json\/wp\/v2\/types\/post"}],"author":[{"embeddable":true,"href":"https:\/\/ejornais.com.br\/index.php\/wp-json\/wp\/v2\/users\/1"}],"replies":[{"embeddable":true,"href":"https:\/\/ejornais.com.br\/index.php\/wp-json\/wp\/v2\/comments?post=29309"}],"version-history":[{"count":0,"href":"https:\/\/ejornais.com.br\/index.php\/wp-json\/wp\/v2\/posts\/29309\/revisions"}],"wp:attachment":[{"href":"https:\/\/ejornais.com.br\/index.php\/wp-json\/wp\/v2\/media?parent=29309"}],"wp:term":[{"taxonomy":"category","embeddable":true,"href":"https:\/\/ejornais.com.br\/index.php\/wp-json\/wp\/v2\/categories?post=29309"},{"taxonomy":"post_tag","embeddable":true,"href":"https:\/\/ejornais.com.br\/index.php\/wp-json\/wp\/v2\/tags?post=29309"}],"curies":[{"name":"wp","href":"https:\/\/api.w.org\/{rel}","templated":true}]}}