{"id":29472,"date":"2024-07-18T15:00:54","date_gmt":"2024-07-18T18:00:54","guid":{"rendered":"https:\/\/ejornais.com.br\/index.php\/2024\/07\/18\/prefeitura-de-nova-iguacu-faz-capacitacao-em-prevencao-aos-incendios-florestais-em-propriedades-rurais\/"},"modified":"2024-07-18T15:00:54","modified_gmt":"2024-07-18T18:00:54","slug":"prefeitura-de-nova-iguacu-faz-capacitacao-em-prevencao-aos-incendios-florestais-em-propriedades-rurais","status":"publish","type":"post","link":"https:\/\/ejornais.com.br\/index.php\/2024\/07\/18\/prefeitura-de-nova-iguacu-faz-capacitacao-em-prevencao-aos-incendios-florestais-em-propriedades-rurais\/","title":{"rendered":"Prefeitura de Nova Igua\u00e7u faz c\u200bapacita\u00e7\u00e3o em preven\u00e7\u00e3o aos inc\u00eandios florestais em propriedades rurais"},"content":{"rendered":"<p><\/p>\n<div id=\"post_32122\">\n<header>\n<h2>Prefeitura de Nova Igua\u00e7u faz c\u200bapacita\u00e7\u00e3o em preven\u00e7\u00e3o aos inc\u00eandios florestais em propriedades rurais<\/h2>\n<h4>\n                <em><br \/>\n                    <time class=\"text-muted\" datetime=\"18-07-2024\">18 de julho de 2024<\/time><br \/>\n                <\/em><br \/>\n            <\/h4>\n<\/header>\n<section>\n<p style=\"text-align: justify;\"><span style=\"font-weight: 400;\">Propriet\u00e1rios de \u00e1reas rurais de Tingu\u00e1, em Nova Igua\u00e7u, participaram, nesta ter\u00e7a-feira (16), da segunda edi\u00e7\u00e3o do curso \u201cCapacita\u00e7\u00e3o em preven\u00e7\u00e3o aos inc\u00eandios florestais em propriedades rurais\u201d. A capacita\u00e7\u00e3o promovida pela Prefeitura tem como objetivo reduzir os casos de queimadas na regi\u00e3o.<\/span><\/p>\n<p style=\"text-align: justify;\"><span style=\"font-weight: 400;\">O Estado do Rio de Janeiro j\u00e1 registrou quase tr\u00eas vezes mais inc\u00eandios florestais em 2024 do que no mesmo per\u00edodo de 2023. De acordo com o Corpo de Bombeiros, entre janeiro e junho deste ano, foram 8,1 mil ocorr\u00eancias de fogo em vegeta\u00e7\u00e3o, em compara\u00e7\u00e3o com 3,1 mil epis\u00f3dios no mesmo per\u00edodo do ano passado.<\/span><\/p>\n<p style=\"text-align: justify;\"><span style=\"font-weight: 400;\">Al\u00e9m das t\u00e9cnicas de preven\u00e7\u00e3o, m\u00e9todos de extin\u00e7\u00e3o e propaga\u00e7\u00e3o, foram discutidos os erros mais comuns cometidos pelos propriet\u00e1rios rurais, como a manuten\u00e7\u00e3o inadequada de equipamentos mec\u00e2nicos e o armazenamento incorreto de produtos qu\u00edmicos.\u00a0<\/span><\/p>\n<p style=\"text-align: justify;\"><span style=\"font-weight: 400;\">A escolha de Tingu\u00e1 como local para o treinamento foi estrat\u00e9gica devido \u00e0 alta ocorr\u00eancia de inc\u00eandios florestais na regi\u00e3o. Carlos Januzzi, chefe da \u00c1rea de Prote\u00e7\u00e3o Ambiental de Tingu\u00e1 (APA Tingu\u00e1), enfatizou a import\u00e2ncia da conscientiza\u00e7\u00e3o sobre a preven\u00e7\u00e3o e o perigo do uso inadequado do fogo.<\/span><\/p>\n<p style=\"text-align: justify;\"><span style=\"font-weight: 400;\">\u201cN\u00f3s analisamos quais s\u00e3o os locais com maior ocorr\u00eancia de inc\u00eandios florestais nas \u00e1reas rurais de Nova Igua\u00e7u e escolhemos quatro \u00e1reas de prote\u00e7\u00e3o ambiental. A APA Tingu\u00e1 \u00e9 uma delas, com muitas propriedades rurais, o que facilita a conscientiza\u00e7\u00e3o dos propriet\u00e1rios sobre a preven\u00e7\u00e3o de inc\u00eandios\u201d, explicou Januzzi.<\/span><\/p>\n<\/p>\n<p style=\"text-align: justify;\"><span style=\"font-weight: 400;\">Rosilene Jesus Alves, moradora de Tingu\u00e1 e uma das propriet\u00e1rias rurais presentes no evento, compartilhou sua motiva\u00e7\u00e3o para participar da capacita\u00e7\u00e3o.\u00a0<\/span><\/p>\n<p style=\"text-align: justify;\"><span style=\"font-weight: 400;\">\u201cEstou aqui porque tenho uma propriedade rural que j\u00e1 pegou fogo uma vez. Um s\u00edtio pr\u00f3ximo tamb\u00e9m foi afetado, e me chamaram para ajudar, mas n\u00e3o pude contribuir por falta de conhecimento. Al\u00e9m de proteger minha \u00e1rea, pretendo ajudar outros sitiantes pr\u00f3ximos a combater caso ocorra um inc\u00eandio. Se eu estiver preparada para uma resposta inicial, j\u00e1 facilita um pouco mais o trabalho do Corpo de Bombeiros\u201d, afirmou Rosilene.<\/span><\/p>\n<\/section><\/div>\n","protected":false},"excerpt":{"rendered":"<p>Prefeitura de Nova Igua\u00e7u faz c\u200bapacita\u00e7\u00e3o em preven\u00e7\u00e3o aos inc\u00eandios florestais em propriedades rurais 18 de julho de 2024 Propriet\u00e1rios<\/p>\n","protected":false},"author":1,"featured_media":0,"comment_status":"","ping_status":"","sticky":false,"template":"","format":"standard","meta":{"colormag_page_container_layout":"default_layout","colormag_page_sidebar_layout":"default_layout","footnotes":""},"categories":[1],"tags":[],"class_list":["post-29472","post","type-post","status-publish","format-standard","hentry","category-ejornais"],"aioseo_notices":[],"amp_enabled":true,"_links":{"self":[{"href":"https:\/\/ejornais.com.br\/index.php\/wp-json\/wp\/v2\/posts\/29472","targetHints":{"allow":["GET"]}}],"collection":[{"href":"https:\/\/ejornais.com.br\/index.php\/wp-json\/wp\/v2\/posts"}],"about":[{"href":"https:\/\/ejornais.com.br\/index.php\/wp-json\/wp\/v2\/types\/post"}],"author":[{"embeddable":true,"href":"https:\/\/ejornais.com.br\/index.php\/wp-json\/wp\/v2\/users\/1"}],"replies":[{"embeddable":true,"href":"https:\/\/ejornais.com.br\/index.php\/wp-json\/wp\/v2\/comments?post=29472"}],"version-history":[{"count":0,"href":"https:\/\/ejornais.com.br\/index.php\/wp-json\/wp\/v2\/posts\/29472\/revisions"}],"wp:attachment":[{"href":"https:\/\/ejornais.com.br\/index.php\/wp-json\/wp\/v2\/media?parent=29472"}],"wp:term":[{"taxonomy":"category","embeddable":true,"href":"https:\/\/ejornais.com.br\/index.php\/wp-json\/wp\/v2\/categories?post=29472"},{"taxonomy":"post_tag","embeddable":true,"href":"https:\/\/ejornais.com.br\/index.php\/wp-json\/wp\/v2\/tags?post=29472"}],"curies":[{"name":"wp","href":"https:\/\/api.w.org\/{rel}","templated":true}]}}