{"id":29636,"date":"2024-07-22T20:08:28","date_gmt":"2024-07-22T23:08:28","guid":{"rendered":"https:\/\/ejornais.com.br\/index.php\/2024\/07\/22\/policia-de-sp-apreende-quase-9-milhoes-de-cigarros-em-itapolis\/"},"modified":"2024-07-22T20:08:28","modified_gmt":"2024-07-22T23:08:28","slug":"policia-de-sp-apreende-quase-9-milhoes-de-cigarros-em-itapolis","status":"publish","type":"post","link":"https:\/\/ejornais.com.br\/index.php\/2024\/07\/22\/policia-de-sp-apreende-quase-9-milhoes-de-cigarros-em-itapolis\/","title":{"rendered":"Pol\u00edcia de SP apreende quase 9 milh\u00f5es de cigarros em It\u00e1polis"},"content":{"rendered":"<p><img decoding=\"async\" src=\"https:\/\/www.saopaulo.sp.gov.br\/wp-content\/uploads\/2024\/07\/00055588.jpeg\" \/><\/p>\n<div id=\"\">&#13;<br \/>\n                                <!-- Title -->&#13;<br \/>\n                                &#13;<br \/>\n&#13;<br \/>\n                                <!-- Excerpt -->&#13;<\/p>\n<p class=\"excerpt\">Suspeito transportava o produto quando foi abordado e detido pela PM Rodovi\u00e1ria; caminh\u00e3o levava cerca de 440 mil ma\u00e7os de cigarro<\/p>\n<p>&#13;<br \/>\n&#13;<br \/>\n                                &#13;\n                            <\/p><\/div>\n<div id=\"\">&#13;<\/p>\n<figure id=\"attachment_5920373\" style=\"width: 100%;max-width: 719px\" class=\"wp-caption alignnone\"><figcaption class=\"wp-caption-text\">Pol\u00edcia rodovi\u00e1ria apreende quase 9 milh\u00f5es de cigarros no interior de SP<\/figcaption><\/figure>\n<p>A Pol\u00edcia Militar Rodovi\u00e1ria apreendeu quase 9 milh\u00f5es de cigarros que estavam em um caminh\u00e3o semirreboque. O flagrante aconteceu nesta segunda-feira (22), no munic\u00edpio de It\u00e1polis. O suspeito de contrabandear os produtos il\u00edcitos foi detido.<\/p>\n<p>O ve\u00edculo foi parado na rodovia Laurentino Mascari, durante fiscaliza\u00e7\u00e3o do 3\u00ba Batalh\u00e3o de Pol\u00edcia Rodovi\u00e1ria (BPRv). O caminh\u00e3o transportava na carroceria cerca de 440 mil ma\u00e7os de cigarro, todos sem nota fiscal.<\/p>\n<p>Conforme a PM Rodovi\u00e1ria, a carga est\u00e1 avaliada em mais de R$ 2 milh\u00f5es e tinha como destinado a regi\u00e3o de Franca, no interior paulista.<\/p>\n<p>A ocorr\u00eancia foi apresentada na delegacia da Pol\u00edcia Federal em S\u00e3o Jos\u00e9 do Rio Preto.<\/p>\n<figure id=\"attachment_5920376\" style=\"width: 100%;max-width: 768px\" class=\"wp-caption alignnone\"><figcaption class=\"wp-caption-text\">Suspeito transportava o produto em um caminh\u00e3o quando foi abordado em It\u00e1polis<\/figcaption><\/figure>\n<\/p><\/div>\n","protected":false},"excerpt":{"rendered":"<p>&#13; &#13; &#13; &#13; &#13; Suspeito transportava o produto quando foi abordado e detido pela PM Rodovi\u00e1ria; caminh\u00e3o levava cerca<\/p>\n","protected":false},"author":1,"featured_media":0,"comment_status":"","ping_status":"","sticky":false,"template":"","format":"standard","meta":{"colormag_page_container_layout":"default_layout","colormag_page_sidebar_layout":"default_layout","footnotes":""},"categories":[1],"tags":[],"class_list":["post-29636","post","type-post","status-publish","format-standard","hentry","category-ejornais"],"aioseo_notices":[],"amp_enabled":true,"_links":{"self":[{"href":"https:\/\/ejornais.com.br\/index.php\/wp-json\/wp\/v2\/posts\/29636","targetHints":{"allow":["GET"]}}],"collection":[{"href":"https:\/\/ejornais.com.br\/index.php\/wp-json\/wp\/v2\/posts"}],"about":[{"href":"https:\/\/ejornais.com.br\/index.php\/wp-json\/wp\/v2\/types\/post"}],"author":[{"embeddable":true,"href":"https:\/\/ejornais.com.br\/index.php\/wp-json\/wp\/v2\/users\/1"}],"replies":[{"embeddable":true,"href":"https:\/\/ejornais.com.br\/index.php\/wp-json\/wp\/v2\/comments?post=29636"}],"version-history":[{"count":0,"href":"https:\/\/ejornais.com.br\/index.php\/wp-json\/wp\/v2\/posts\/29636\/revisions"}],"wp:attachment":[{"href":"https:\/\/ejornais.com.br\/index.php\/wp-json\/wp\/v2\/media?parent=29636"}],"wp:term":[{"taxonomy":"category","embeddable":true,"href":"https:\/\/ejornais.com.br\/index.php\/wp-json\/wp\/v2\/categories?post=29636"},{"taxonomy":"post_tag","embeddable":true,"href":"https:\/\/ejornais.com.br\/index.php\/wp-json\/wp\/v2\/tags?post=29636"}],"curies":[{"name":"wp","href":"https:\/\/api.w.org\/{rel}","templated":true}]}}