{"id":29765,"date":"2024-07-25T15:32:09","date_gmt":"2024-07-25T18:32:09","guid":{"rendered":"https:\/\/ejornais.com.br\/index.php\/2024\/07\/25\/agencia-minas-gerais-ciclo-de-debates-economicos-do-bdmg-recebe-os-autores-de-30-anos-do-real\/"},"modified":"2024-07-25T15:32:09","modified_gmt":"2024-07-25T18:32:09","slug":"agencia-minas-gerais-ciclo-de-debates-economicos-do-bdmg-recebe-os-autores-de-30-anos-do-real","status":"publish","type":"post","link":"https:\/\/ejornais.com.br\/index.php\/2024\/07\/25\/agencia-minas-gerais-ciclo-de-debates-economicos-do-bdmg-recebe-os-autores-de-30-anos-do-real\/","title":{"rendered":"Ag\u00eancia Minas Gerais | Ciclo de debates econ\u00f4micos do BDMG recebe os autores de \u201c30 anos do Real"},"content":{"rendered":"<p><\/p>\n<div>\n<p>Os 30 anos do Plano Real foi o tema da edi\u00e7\u00e3o desta quarta-feira (24\/7) do Ciclo de Debates Econ\u00f4micos promovido pelo Banco de Desenvolvimento de Minas Gerais (BDMG), em Belo Horizonte. Os economistas Gustavo Franco e Edmar Bacha lan\u00e7aram no evento o livro \u201c30 Anos do Real &#8211; Cr\u00f4nicas no Calor do Momento\u201d, de autoria dos dois e do tamb\u00e9m economista Pedro Malan.<\/p>\n<p>O governador Romeu Zema, que participou de forma virtual do evento, destacou as melhorias alcan\u00e7adas pelo Plano Real e compartilhou suas mem\u00f3rias da \u00e9poca. \u201cAp\u00f3s 1994, tivemos um fortalecimento do sistema financeiro com concess\u00e3o de cr\u00e9dito, fortalecimento da democracia e metas de infla\u00e7\u00f5es civilizadas, com queda da infla\u00e7\u00e3o e c\u00e2mbio flutuante, gra\u00e7as a esse marco, que foi o Plano Real\u201d, afirmou.<\/p>\n<figure class=\"image\" style=\"float:right\">&#13;<figcaption><em><sub>Governador participou de maneira virtual (BDMG \/ Divulga\u00e7\u00e3o)<\/sub><\/em><\/figcaption>&#13;<br \/>\n<\/figure>\n<p>&#13;<br \/>\n\u201cTenho certeza de que os mais favorecidos foram aqueles que ganhavam menos, que n\u00e3o tinham como salvaguardar o seu poder de compra. Fica meu agradecimento porque voc\u00eas fizeram a diferen\u00e7a\u201d, completou Romeu Zema, dirigindo-se \u00e0 equipe respons\u00e1vel por elaborar o plano econ\u00f4mico.<\/p>\n<p>Durante a abertura, o presidente do BDMG, Gabriel Vi\u00e9gas Neto, destacou os avan\u00e7os conquistados a partir da implementa\u00e7\u00e3o do Plano Real, como o controle da infla\u00e7\u00e3o, a promo\u00e7\u00e3o de pol\u00edticas sociais e a cria\u00e7\u00e3o de um ambiente para investimentos, com gera\u00e7\u00e3o de emprego e renda.<\/p>\n<p>\u201cMais do que lembrar do passado, foi uma oportunidade de nos inspirarmos para o futuro. O Plano Real n\u00e3o apenas estabilizou a economia, mas transformou a vida de milh\u00f5es de brasileiros, principalmente daqueles em situa\u00e7\u00e3o de maior fragilidade\u201d, destacou Gabriel Vi\u00e9gas Neto.<\/p>\n<p>\u201cAfinal, a infla\u00e7\u00e3o atinge diretamente a classe trabalhadora e os mais pobres, pois corr\u00f3i seu poder de compra com velocidade. A nova pol\u00edtica monet\u00e1ria possibilitou a amplia\u00e7\u00e3o do acesso ao cr\u00e9dito, facilitando a aquisi\u00e7\u00e3o de bens dur\u00e1veis e a realiza\u00e7\u00e3o de sonhos, como a casa pr\u00f3pria\u201d, ressaltou o presidente do BDMG.<\/p>\n<p><strong>Desafios da \u00e9poca<\/strong><\/p>\n<p>Durante o bate-papo, os autores falaram sobre controle da infla\u00e7\u00e3o, promo\u00e7\u00e3o de pol\u00edticas sociais e desafios superados, al\u00e9m da cria\u00e7\u00e3o de um ambiente para investimentos, com gera\u00e7\u00e3o de emprego e renda.<\/p>\n<p>O mineiro Edmar Bacha,\u00a0ex-presidente do Banco Nacional de Desenvolvimento Econ\u00f4mico e Social (BNDES) e do Instituto Brasileiro de Geografia e Estatistica (IBGE), pontuou que ele e a equipe econ\u00f4mica \u00e0 frente do governo \u00e0 \u00e9poca n\u00e3o sabiam que o plano implementado daria certo. \u201cN\u00e3o foi f\u00e1cil. Muitos planos j\u00e1 tinham fracassado. T\u00e3o importante quanto a implementa\u00e7\u00e3o do plano foi a consolida\u00e7\u00e3o e a estabiliza\u00e7\u00e3o posterior \u00e0 implanta\u00e7\u00e3o, quando vimos que a infla\u00e7\u00e3o estava reduzindo ao longo dos anos e que a popula\u00e7\u00e3o havia entendido o que estava sendo feito\u201d, disse.<\/p>\n<figure class=\"image\" style=\"float:left\">&#13;<figcaption><em><sub>Livro celebra os 30 anos do Plano Real (BDMG \/ Divulga\u00e7\u00e3o)<\/sub><\/em><\/figcaption>&#13;<br \/>\n<\/figure>\n<p>&#13;<br \/>\n\u201cA democracia \u00e9 nosso grande trunfo como demonstra o sucesso do Plano Real, exemplo maior da uni\u00e3o da boa t\u00e9cnica com a pol\u00edtica, com P mai\u00fasculo. Nosso objetivo \u00e9 conseguir canalizar a for\u00e7a da democracia para constru\u00e7\u00e3o de um pa\u00eds rico, justo, sustent\u00e1vel e aberto ao mundo\u201d, finalizou Bacha.<\/p>\n<p>Ex-presidente do Banco Central, Gustavo Franco refor\u00e7ou a import\u00e2ncia do Plano Real para a recria\u00e7\u00e3o da identidade do pa\u00eds e do futuro vivido nestes \u00faltimos 30 anos. \u201cA moeda de antigamente era como uma bandeira que era humilhada, pegava fogo. A infla\u00e7\u00e3o crescia desordenadamente, o consumidor ia ao supermercado e os pre\u00e7os aumentavam absurdamente, a moeda perdia poder de compra. Foi um grande desafio\u201d, lembrou.<\/p>\n<p>\u201cPercebo no Parlamento atual uma cabe\u00e7a diferente para os assuntos de infla\u00e7\u00e3o e or\u00e7amento. Espero que nos pr\u00f3ximos 30 anos a gente se transforme em um pa\u00eds rico\u201d, completou, ao defender reformas or\u00e7ament\u00e1rias no pa\u00eds.<\/p>\n<p>O debate foi mediado pelo economista-chefe do BDMG, Izak Carlos da Silva. O evento contou ainda com as presen\u00e7as dos secret\u00e1rios de Estado de Comunica\u00e7\u00e3o Social (Secom), Bernardo Santos, e de Desenvolvimento Econ\u00f4mico (Sede-MG), Fernando Passalio.<\/p>\n<\/p><\/div>\n","protected":false},"excerpt":{"rendered":"<p>Os 30 anos do Plano Real foi o tema da edi\u00e7\u00e3o desta quarta-feira (24\/7) do Ciclo de Debates Econ\u00f4micos promovido<\/p>\n","protected":false},"author":1,"featured_media":0,"comment_status":"","ping_status":"","sticky":false,"template":"","format":"standard","meta":{"colormag_page_container_layout":"default_layout","colormag_page_sidebar_layout":"default_layout","footnotes":""},"categories":[1],"tags":[],"class_list":["post-29765","post","type-post","status-publish","format-standard","hentry","category-ejornais"],"aioseo_notices":[],"amp_enabled":true,"_links":{"self":[{"href":"https:\/\/ejornais.com.br\/index.php\/wp-json\/wp\/v2\/posts\/29765","targetHints":{"allow":["GET"]}}],"collection":[{"href":"https:\/\/ejornais.com.br\/index.php\/wp-json\/wp\/v2\/posts"}],"about":[{"href":"https:\/\/ejornais.com.br\/index.php\/wp-json\/wp\/v2\/types\/post"}],"author":[{"embeddable":true,"href":"https:\/\/ejornais.com.br\/index.php\/wp-json\/wp\/v2\/users\/1"}],"replies":[{"embeddable":true,"href":"https:\/\/ejornais.com.br\/index.php\/wp-json\/wp\/v2\/comments?post=29765"}],"version-history":[{"count":0,"href":"https:\/\/ejornais.com.br\/index.php\/wp-json\/wp\/v2\/posts\/29765\/revisions"}],"wp:attachment":[{"href":"https:\/\/ejornais.com.br\/index.php\/wp-json\/wp\/v2\/media?parent=29765"}],"wp:term":[{"taxonomy":"category","embeddable":true,"href":"https:\/\/ejornais.com.br\/index.php\/wp-json\/wp\/v2\/categories?post=29765"},{"taxonomy":"post_tag","embeddable":true,"href":"https:\/\/ejornais.com.br\/index.php\/wp-json\/wp\/v2\/tags?post=29765"}],"curies":[{"name":"wp","href":"https:\/\/api.w.org\/{rel}","templated":true}]}}