{"id":29966,"date":"2024-07-30T17:35:51","date_gmt":"2024-07-30T20:35:51","guid":{"rendered":"https:\/\/ejornais.com.br\/index.php\/2024\/07\/30\/mato-grosso-do-sul-intensifica-combate-ao-trafico-de-pessoas-com-seminario-estadual-agencia-de-noticias-do-governo-de-mato-grosso-do-sul\/"},"modified":"2024-07-30T17:35:51","modified_gmt":"2024-07-30T20:35:51","slug":"mato-grosso-do-sul-intensifica-combate-ao-trafico-de-pessoas-com-seminario-estadual-agencia-de-noticias-do-governo-de-mato-grosso-do-sul","status":"publish","type":"post","link":"https:\/\/ejornais.com.br\/index.php\/2024\/07\/30\/mato-grosso-do-sul-intensifica-combate-ao-trafico-de-pessoas-com-seminario-estadual-agencia-de-noticias-do-governo-de-mato-grosso-do-sul\/","title":{"rendered":"Mato Grosso do Sul intensifica combate ao tr\u00e1fico de pessoas com Semin\u00e1rio Estadual \u2013 Ag\u00eancia de Noticias do Governo de Mato Grosso do Sul"},"content":{"rendered":"<p><\/p>\n<div>\n<p style=\"text-align: center;\"><em>Encontro fortalece estrat\u00e9gias de combate ao crime que afeta milhares de pessoas<\/em><\/p>\n<p>A Secretaria de Estado de Justi\u00e7a e Seguran\u00e7a P\u00fablica (Sejusp) e o Minist\u00e9rio P\u00fablico de Mato Grosso do Sul (MPMS) realizaram nesta ter\u00e7a-feira (30) o I Semin\u00e1rio Estadual de Enfrentamento ao Tr\u00e1fico de Pessoas. O evento, sediado em Campo Grande, teve como objetivo discutir estrat\u00e9gias para combater esse crime que atinge milhares de pessoas no Brasil e no mundo.<\/p>\n<p>O vice-governador Jos\u00e9 Carlos Barbosa, o Barbosinha, destacou que o evento \u00e9 um passo crucial na luta contra o tr\u00e1fico de pessoas. \u201cMato Grosso do Sul tem se destacado em a\u00e7\u00f5es preventivas e integradas, e a realiza\u00e7\u00e3o deste encontro refor\u00e7a nosso compromisso em proteger os direitos humanos e combater este crime hediondo em pleno s\u00e9culo XXI\u201d, afirma.<\/p>\n<p>O tr\u00e1fico humano, grave viola\u00e7\u00e3o dos direitos humanos, envolve o recrutamento e explora\u00e7\u00e3o de pessoas por meio de coer\u00e7\u00e3o e engano, se manifestando de diversas formas, incluindo abuso sexual, trabalho for\u00e7ado e remo\u00e7\u00e3o de \u00f3rg\u00e3os. Mato Grosso do Sul foi escolhido como sede devido ao seu destaque em a\u00e7\u00f5es de enfrentamento e preven\u00e7\u00e3o, promovendo atua\u00e7\u00f5es coordenadas entre os governos estadual e federal e a sociedade civil.<\/p>\n<p>&#8220;A integra\u00e7\u00e3o de todas as institui\u00e7\u00f5es nesse combate \u00e9 um motivo de comemora\u00e7\u00e3o neste momento. Temos importantes fronteiras com Paraguai e Bol\u00edvia, muitas pessoas v\u00eam para o territ\u00f3rio brasileiro por essas vias. A\u00e7\u00f5es como as de hoje, al\u00e9m de capacitar as nossas for\u00e7as de seguran\u00e7a na ponta, alinhamos pol\u00edticas para o enfrentamento desse grave crime\u201d, destacou o Secret\u00e1rio de Estado de Justi\u00e7a e Seguran\u00e7a P\u00fablica, Ant\u00f4nio Carlos Videira.<\/p>\n<p>Videira ainda enfatizou a relev\u00e2ncia do semin\u00e1rio no contexto estadual. \u201cTemos um estado crescente e muita gente vem em busca de emprego, mas tamb\u00e9m muitas s\u00e3o aliciadas. Precisamos enfrentar essa situa\u00e7\u00e3o capacitando nossas equipes, porque o tr\u00e1fico de drogas, de pessoas, tem um reflexo al\u00e9m das nossas divisas, dos grandes centros, onde principalmente essas pessoas mais vulner\u00e1veis s\u00e3o transportadas, levadas\u201d, ressalta o secret\u00e1rio.<\/p>\n<p>Dados do Comit\u00ea Estadual de Enfrentamento ao Tr\u00e1fico de Pessoas (Cetrap\/MS) revelam a gravidade dessa situa\u00e7\u00e3o. Mato Grosso do Sul \u00e9 o 3\u00ba estado com maior n\u00famero de casos, principalmente relacionados ao trabalho escravo. Globalmente, o tr\u00e1fico humano \u00e9 a 3\u00aa atividade ilegal mais lucrativa, movimentando mais de 30 bilh\u00f5es de d\u00f3lares anualmente. No Brasil, foram registradas mais de 5 mil den\u00fancias entre 2012 e 2019, mas a suposi\u00e7\u00e3o \u00e9 de que os n\u00fameros reais sejam ainda maiores devido \u00e0 falta de um sistema unificado de coleta de dados.<\/p>\n<p>Conforme o vice-governador Barbosinha, a mudan\u00e7a deste cen\u00e1rio em MS vem acontecendo pela colabora\u00e7\u00e3o entre diferentes n\u00edveis de governo. \u201cA parceria entre governo federal, estados e munic\u00edpios \u00e9 essencial para o sucesso das a\u00e7\u00f5es de combate ao tr\u00e1fico de pessoas. Assim, criamos uma rede s\u00f3lida de prote\u00e7\u00e3o e combate, garantindo ainda mais seguran\u00e7a para todos\u201d, afirma.<\/p>\n<p>O semin\u00e1rio tamb\u00e9m teve como foco sensibilizar a popula\u00e7\u00e3o e fortalecer a rede de combate ao tr\u00e1fico de pessoas. Al\u00e9m das palestras e debates com a participa\u00e7\u00e3o de especialistas, representantes de diversas institui\u00e7\u00f5es e \u00f3rg\u00e3os governamentais, foram discutidas boas pr\u00e1ticas e estrat\u00e9gias para melhorar a identifica\u00e7\u00e3o e enfrentamento desse crime.<\/p>\n<p>\u201cCom essa troca de experi\u00eancias e conhecimentos, Mato Grosso do Sul se prepara para intensificar suas a\u00e7\u00f5es e consolidar-se como refer\u00eancia nacional na luta contra o tr\u00e1fico de pessoas\u201d, finaliza o vice-governador Barbosinha.<\/p>\n<p><em>Lucas Cavalheiro, Comunica\u00e7\u00e3o Vice-governadoria<br \/>Fotos: Jo\u00e3o Garrig\u00f3<\/em><\/p>\n<\/div>\n","protected":false},"excerpt":{"rendered":"<p>Encontro fortalece estrat\u00e9gias de combate ao crime que afeta milhares de pessoas A Secretaria de Estado de Justi\u00e7a e Seguran\u00e7a<\/p>\n","protected":false},"author":1,"featured_media":0,"comment_status":"","ping_status":"","sticky":false,"template":"","format":"standard","meta":{"colormag_page_container_layout":"default_layout","colormag_page_sidebar_layout":"default_layout","footnotes":""},"categories":[],"tags":[],"class_list":["post-29966","post","type-post","status-publish","format-standard","hentry"],"aioseo_notices":[],"aioseo_head":"\n\t\t<!-- All in One SEO 5.0.1.1 - aioseo.com -->\n\t<meta name=\"description\" content=\"Encontro fortalece estrat\u00e9gias de combate ao crime que afeta milhares de pessoas A Secretaria de Estado de Justi\u00e7a e Seguran\u00e7a P\u00fablica (Sejusp) e o Minist\u00e9rio P\u00fablico de Mato Grosso do Sul (MPMS) realizaram nesta ter\u00e7a-feira (30) o I Semin\u00e1rio Estadual de Enfrentamento ao Tr\u00e1fico de Pessoas. O evento, sediado em Campo Grande, teve como objetivo\" \/>\n\t<meta name=\"robots\" content=\"max-image-preview:large\" \/>\n\t<link rel=\"canonical\" href=\"https:\/\/ejornais.com.br\/index.php\/2024\/07\/30\/mato-grosso-do-sul-intensifica-combate-ao-trafico-de-pessoas-com-seminario-estadual-agencia-de-noticias-do-governo-de-mato-grosso-do-sul\/\" \/>\n\t<meta name=\"generator\" content=\"All in One SEO (AIOSEO) 5.0.1.1\" \/>\n\t\t<meta property=\"og:locale\" content=\"pt_BR\" \/>\n\t\t<meta property=\"og:site_name\" content=\"eJornais - Cat\u00e1logo de Jornais no mundo, Not\u00edcias, Blog e Esportes ao vivo\" \/>\n\t\t<meta property=\"og:type\" content=\"article\" \/>\n\t\t<meta property=\"og:title\" content=\"Mato Grosso do Sul intensifica combate ao tr\u00e1fico de pessoas com Semin\u00e1rio Estadual \u2013 Ag\u00eancia de Noticias do Governo de Mato Grosso do Sul - eJornais\" \/>\n\t\t<meta property=\"og:description\" content=\"Encontro fortalece estrat\u00e9gias de combate ao crime que afeta milhares de pessoas A Secretaria de Estado de Justi\u00e7a e Seguran\u00e7a P\u00fablica (Sejusp) e o Minist\u00e9rio P\u00fablico de Mato Grosso do Sul (MPMS) realizaram nesta ter\u00e7a-feira (30) o I Semin\u00e1rio Estadual de Enfrentamento ao Tr\u00e1fico de Pessoas. O evento, sediado em Campo Grande, teve como objetivo\" \/>\n\t\t<meta property=\"og:url\" content=\"https:\/\/ejornais.com.br\/index.php\/2024\/07\/30\/mato-grosso-do-sul-intensifica-combate-ao-trafico-de-pessoas-com-seminario-estadual-agencia-de-noticias-do-governo-de-mato-grosso-do-sul\/\" \/>\n\t\t<meta property=\"article:published_time\" content=\"2024-07-30T20:35:51+00:00\" \/>\n\t\t<meta property=\"article:modified_time\" content=\"2024-07-30T20:35:51+00:00\" \/>\n\t\t<meta name=\"twitter:card\" content=\"summary_large_image\" \/>\n\t\t<meta name=\"twitter:title\" content=\"Mato Grosso do Sul intensifica combate ao tr\u00e1fico de pessoas com Semin\u00e1rio Estadual \u2013 Ag\u00eancia de Noticias do Governo de Mato Grosso do Sul - eJornais\" \/>\n\t\t<meta name=\"twitter:description\" content=\"Encontro fortalece estrat\u00e9gias de combate ao crime que afeta milhares de pessoas A Secretaria de Estado de Justi\u00e7a e Seguran\u00e7a P\u00fablica (Sejusp) e o Minist\u00e9rio P\u00fablico de Mato Grosso do Sul (MPMS) realizaram nesta ter\u00e7a-feira (30) o I Semin\u00e1rio Estadual de Enfrentamento ao Tr\u00e1fico de Pessoas. O evento, sediado em Campo Grande, teve como objetivo\" \/>\n\t\t<script type=\"application\/ld+json\" class=\"aioseo-schema\">\n\t\t\t{\"@context\":\"https:\\\/\\\/schema.org\",\"@graph\":[{\"@type\":\"BlogPosting\",\"@id\":\"https:\\\/\\\/ejornais.com.br\\\/index.php\\\/2024\\\/07\\\/30\\\/mato-grosso-do-sul-intensifica-combate-ao-trafico-de-pessoas-com-seminario-estadual-agencia-de-noticias-do-governo-de-mato-grosso-do-sul\\\/#blogposting\",\"name\":\"Mato Grosso do Sul intensifica combate ao tr\\u00e1fico de pessoas com Semin\\u00e1rio Estadual \\u2013 Ag\\u00eancia de Noticias do Governo de Mato Grosso do Sul - eJornais\",\"headline\":\"Mato Grosso do Sul intensifica combate ao tr\\u00e1fico de pessoas com Semin\\u00e1rio Estadual \\u2013 Ag\\u00eancia de Noticias do Governo de Mato Grosso do Sul\",\"author\":{\"@id\":\"https:\\\/\\\/ejornais.com.br\\\/index.php\\\/author\\\/#author\"},\"publisher\":{\"@id\":\"https:\\\/\\\/ejornais.com.br\\\/#organization\"},\"datePublished\":\"2024-07-30T17:35:51-03:00\",\"dateModified\":\"2024-07-30T17:35:51-03:00\",\"inLanguage\":\"pt-BR\",\"mainEntityOfPage\":{\"@id\":\"https:\\\/\\\/ejornais.com.br\\\/index.php\\\/2024\\\/07\\\/30\\\/mato-grosso-do-sul-intensifica-combate-ao-trafico-de-pessoas-com-seminario-estadual-agencia-de-noticias-do-governo-de-mato-grosso-do-sul\\\/#webpage\"},\"isPartOf\":{\"@id\":\"https:\\\/\\\/ejornais.com.br\\\/index.php\\\/2024\\\/07\\\/30\\\/mato-grosso-do-sul-intensifica-combate-ao-trafico-de-pessoas-com-seminario-estadual-agencia-de-noticias-do-governo-de-mato-grosso-do-sul\\\/#webpage\"}},{\"@type\":\"BreadcrumbList\",\"@id\":\"https:\\\/\\\/ejornais.com.br\\\/index.php\\\/2024\\\/07\\\/30\\\/mato-grosso-do-sul-intensifica-combate-ao-trafico-de-pessoas-com-seminario-estadual-agencia-de-noticias-do-governo-de-mato-grosso-do-sul\\\/#breadcrumblist\",\"itemListElement\":[{\"@type\":\"ListItem\",\"@id\":\"https:\\\/\\\/ejornais.com.br#listItem\",\"position\":1,\"name\":\"In\\u00edcio\",\"item\":\"https:\\\/\\\/ejornais.com.br\",\"nextItem\":{\"@type\":\"ListItem\",\"@id\":\"https:\\\/\\\/ejornais.com.br\\\/index.php\\\/2024\\\/07\\\/30\\\/mato-grosso-do-sul-intensifica-combate-ao-trafico-de-pessoas-com-seminario-estadual-agencia-de-noticias-do-governo-de-mato-grosso-do-sul\\\/#listItem\",\"name\":\"Mato Grosso do Sul intensifica combate ao tr\\u00e1fico de pessoas com Semin\\u00e1rio Estadual \\u2013 Ag\\u00eancia de Noticias do Governo de Mato Grosso do Sul\"}},{\"@type\":\"ListItem\",\"@id\":\"https:\\\/\\\/ejornais.com.br\\\/index.php\\\/2024\\\/07\\\/30\\\/mato-grosso-do-sul-intensifica-combate-ao-trafico-de-pessoas-com-seminario-estadual-agencia-de-noticias-do-governo-de-mato-grosso-do-sul\\\/#listItem\",\"position\":2,\"name\":\"Mato Grosso do Sul intensifica combate ao tr\\u00e1fico de pessoas com Semin\\u00e1rio Estadual \\u2013 Ag\\u00eancia de Noticias do Governo de Mato Grosso do Sul\",\"previousItem\":{\"@type\":\"ListItem\",\"@id\":\"https:\\\/\\\/ejornais.com.br#listItem\",\"name\":\"In\\u00edcio\"}}]},{\"@type\":\"Organization\",\"@id\":\"https:\\\/\\\/ejornais.com.br\\\/#organization\",\"name\":\"eJornais\",\"description\":\"Cat\\u00e1logo de Jornais no mundo, Not\\u00edcias, Blog e Esportes ao vivo\",\"url\":\"https:\\\/\\\/ejornais.com.br\\\/\"},{\"@type\":\"Person\",\"@id\":\"https:\\\/\\\/ejornais.com.br\\\/index.php\\\/author\\\/#author\",\"url\":\"https:\\\/\\\/ejornais.com.br\\\/index.php\\\/author\\\/\"},{\"@type\":\"WebPage\",\"@id\":\"https:\\\/\\\/ejornais.com.br\\\/index.php\\\/2024\\\/07\\\/30\\\/mato-grosso-do-sul-intensifica-combate-ao-trafico-de-pessoas-com-seminario-estadual-agencia-de-noticias-do-governo-de-mato-grosso-do-sul\\\/#webpage\",\"url\":\"https:\\\/\\\/ejornais.com.br\\\/index.php\\\/2024\\\/07\\\/30\\\/mato-grosso-do-sul-intensifica-combate-ao-trafico-de-pessoas-com-seminario-estadual-agencia-de-noticias-do-governo-de-mato-grosso-do-sul\\\/\",\"name\":\"Mato Grosso do Sul intensifica combate ao tr\\u00e1fico de pessoas com Semin\\u00e1rio Estadual \\u2013 Ag\\u00eancia de Noticias do Governo de Mato Grosso do Sul - eJornais\",\"description\":\"Encontro fortalece estrat\\u00e9gias de combate ao crime que afeta milhares de pessoas A Secretaria de Estado de Justi\\u00e7a e Seguran\\u00e7a P\\u00fablica (Sejusp) e o Minist\\u00e9rio P\\u00fablico de Mato Grosso do Sul (MPMS) realizaram nesta ter\\u00e7a-feira (30) o I Semin\\u00e1rio Estadual de Enfrentamento ao Tr\\u00e1fico de Pessoas. O evento, sediado em Campo Grande, teve como objetivo\",\"inLanguage\":\"pt-BR\",\"isPartOf\":{\"@id\":\"https:\\\/\\\/ejornais.com.br\\\/#website\"},\"breadcrumb\":{\"@id\":\"https:\\\/\\\/ejornais.com.br\\\/index.php\\\/2024\\\/07\\\/30\\\/mato-grosso-do-sul-intensifica-combate-ao-trafico-de-pessoas-com-seminario-estadual-agencia-de-noticias-do-governo-de-mato-grosso-do-sul\\\/#breadcrumblist\"},\"author\":{\"@id\":\"https:\\\/\\\/ejornais.com.br\\\/index.php\\\/author\\\/#author\"},\"creator\":{\"@id\":\"https:\\\/\\\/ejornais.com.br\\\/index.php\\\/author\\\/#author\"},\"datePublished\":\"2024-07-30T17:35:51-03:00\",\"dateModified\":\"2024-07-30T17:35:51-03:00\"},{\"@type\":\"WebSite\",\"@id\":\"https:\\\/\\\/ejornais.com.br\\\/#website\",\"url\":\"https:\\\/\\\/ejornais.com.br\\\/\",\"name\":\"eJornais\",\"description\":\"Cat\\u00e1logo de Jornais no mundo, Not\\u00edcias, Blog e Esportes ao vivo\",\"inLanguage\":\"pt-BR\",\"publisher\":{\"@id\":\"https:\\\/\\\/ejornais.com.br\\\/#organization\"}}]}\n\t\t<\/script>\n\t\t<!-- All in One SEO -->\n\n","aioseo_head_json":{"title":"Mato Grosso do Sul intensifica combate ao tr\u00e1fico de pessoas com Semin\u00e1rio Estadual \u2013 Ag\u00eancia de Noticias do Governo de Mato Grosso do Sul - eJornais","description":"Encontro fortalece estrat\u00e9gias de combate ao crime que afeta milhares de pessoas A Secretaria de Estado de Justi\u00e7a e Seguran\u00e7a P\u00fablica (Sejusp) e o Minist\u00e9rio P\u00fablico de Mato Grosso do Sul (MPMS) realizaram nesta ter\u00e7a-feira (30) o I Semin\u00e1rio Estadual de Enfrentamento ao Tr\u00e1fico de Pessoas. O evento, sediado em Campo Grande, teve como objetivo","canonical_url":"https:\/\/ejornais.com.br\/index.php\/2024\/07\/30\/mato-grosso-do-sul-intensifica-combate-ao-trafico-de-pessoas-com-seminario-estadual-agencia-de-noticias-do-governo-de-mato-grosso-do-sul\/","robots":"max-image-preview:large","keywords":"","webmasterTools":{"miscellaneous":""},"schema":{"@context":"https:\/\/schema.org","@graph":[{"@type":"BlogPosting","@id":"https:\/\/ejornais.com.br\/index.php\/2024\/07\/30\/mato-grosso-do-sul-intensifica-combate-ao-trafico-de-pessoas-com-seminario-estadual-agencia-de-noticias-do-governo-de-mato-grosso-do-sul\/#blogposting","name":"Mato Grosso do Sul intensifica combate ao tr\u00e1fico de pessoas com Semin\u00e1rio Estadual \u2013 Ag\u00eancia de Noticias do Governo de Mato Grosso do Sul - eJornais","headline":"Mato Grosso do Sul intensifica combate ao tr\u00e1fico de pessoas com Semin\u00e1rio Estadual \u2013 Ag\u00eancia de Noticias do Governo de Mato Grosso do Sul","author":{"@id":"https:\/\/ejornais.com.br\/index.php\/author\/#author"},"publisher":{"@id":"https:\/\/ejornais.com.br\/#organization"},"datePublished":"2024-07-30T17:35:51-03:00","dateModified":"2024-07-30T17:35:51-03:00","inLanguage":"pt-BR","mainEntityOfPage":{"@id":"https:\/\/ejornais.com.br\/index.php\/2024\/07\/30\/mato-grosso-do-sul-intensifica-combate-ao-trafico-de-pessoas-com-seminario-estadual-agencia-de-noticias-do-governo-de-mato-grosso-do-sul\/#webpage"},"isPartOf":{"@id":"https:\/\/ejornais.com.br\/index.php\/2024\/07\/30\/mato-grosso-do-sul-intensifica-combate-ao-trafico-de-pessoas-com-seminario-estadual-agencia-de-noticias-do-governo-de-mato-grosso-do-sul\/#webpage"}},{"@type":"BreadcrumbList","@id":"https:\/\/ejornais.com.br\/index.php\/2024\/07\/30\/mato-grosso-do-sul-intensifica-combate-ao-trafico-de-pessoas-com-seminario-estadual-agencia-de-noticias-do-governo-de-mato-grosso-do-sul\/#breadcrumblist","itemListElement":[{"@type":"ListItem","@id":"https:\/\/ejornais.com.br#listItem","position":1,"name":"In\u00edcio","item":"https:\/\/ejornais.com.br","nextItem":{"@type":"ListItem","@id":"https:\/\/ejornais.com.br\/index.php\/2024\/07\/30\/mato-grosso-do-sul-intensifica-combate-ao-trafico-de-pessoas-com-seminario-estadual-agencia-de-noticias-do-governo-de-mato-grosso-do-sul\/#listItem","name":"Mato Grosso do Sul intensifica combate ao tr\u00e1fico de pessoas com Semin\u00e1rio Estadual \u2013 Ag\u00eancia de Noticias do Governo de Mato Grosso do Sul"}},{"@type":"ListItem","@id":"https:\/\/ejornais.com.br\/index.php\/2024\/07\/30\/mato-grosso-do-sul-intensifica-combate-ao-trafico-de-pessoas-com-seminario-estadual-agencia-de-noticias-do-governo-de-mato-grosso-do-sul\/#listItem","position":2,"name":"Mato Grosso do Sul intensifica combate ao tr\u00e1fico de pessoas com Semin\u00e1rio Estadual \u2013 Ag\u00eancia de Noticias do Governo de Mato Grosso do Sul","previousItem":{"@type":"ListItem","@id":"https:\/\/ejornais.com.br#listItem","name":"In\u00edcio"}}]},{"@type":"Organization","@id":"https:\/\/ejornais.com.br\/#organization","name":"eJornais","description":"Cat\u00e1logo de Jornais no mundo, Not\u00edcias, Blog e Esportes ao vivo","url":"https:\/\/ejornais.com.br\/"},{"@type":"Person","@id":"https:\/\/ejornais.com.br\/index.php\/author\/#author","url":"https:\/\/ejornais.com.br\/index.php\/author\/"},{"@type":"WebPage","@id":"https:\/\/ejornais.com.br\/index.php\/2024\/07\/30\/mato-grosso-do-sul-intensifica-combate-ao-trafico-de-pessoas-com-seminario-estadual-agencia-de-noticias-do-governo-de-mato-grosso-do-sul\/#webpage","url":"https:\/\/ejornais.com.br\/index.php\/2024\/07\/30\/mato-grosso-do-sul-intensifica-combate-ao-trafico-de-pessoas-com-seminario-estadual-agencia-de-noticias-do-governo-de-mato-grosso-do-sul\/","name":"Mato Grosso do Sul intensifica combate ao tr\u00e1fico de pessoas com Semin\u00e1rio Estadual \u2013 Ag\u00eancia de Noticias do Governo de Mato Grosso do Sul - eJornais","description":"Encontro fortalece estrat\u00e9gias de combate ao crime que afeta milhares de pessoas A Secretaria de Estado de Justi\u00e7a e Seguran\u00e7a P\u00fablica (Sejusp) e o Minist\u00e9rio P\u00fablico de Mato Grosso do Sul (MPMS) realizaram nesta ter\u00e7a-feira (30) o I Semin\u00e1rio Estadual de Enfrentamento ao Tr\u00e1fico de Pessoas. O evento, sediado em Campo Grande, teve como objetivo","inLanguage":"pt-BR","isPartOf":{"@id":"https:\/\/ejornais.com.br\/#website"},"breadcrumb":{"@id":"https:\/\/ejornais.com.br\/index.php\/2024\/07\/30\/mato-grosso-do-sul-intensifica-combate-ao-trafico-de-pessoas-com-seminario-estadual-agencia-de-noticias-do-governo-de-mato-grosso-do-sul\/#breadcrumblist"},"author":{"@id":"https:\/\/ejornais.com.br\/index.php\/author\/#author"},"creator":{"@id":"https:\/\/ejornais.com.br\/index.php\/author\/#author"},"datePublished":"2024-07-30T17:35:51-03:00","dateModified":"2024-07-30T17:35:51-03:00"},{"@type":"WebSite","@id":"https:\/\/ejornais.com.br\/#website","url":"https:\/\/ejornais.com.br\/","name":"eJornais","description":"Cat\u00e1logo de Jornais no mundo, Not\u00edcias, Blog e Esportes ao vivo","inLanguage":"pt-BR","publisher":{"@id":"https:\/\/ejornais.com.br\/#organization"}}]},"og:locale":"pt_BR","og:site_name":"eJornais - Cat\u00e1logo de Jornais no mundo, Not\u00edcias, Blog e Esportes ao vivo","og:type":"article","og:title":"Mato Grosso do Sul intensifica combate ao tr\u00e1fico de pessoas com Semin\u00e1rio Estadual \u2013 Ag\u00eancia de Noticias do Governo de Mato Grosso do Sul - eJornais","og:description":"Encontro fortalece estrat\u00e9gias de combate ao crime que afeta milhares de pessoas A Secretaria de Estado de Justi\u00e7a e Seguran\u00e7a P\u00fablica (Sejusp) e o Minist\u00e9rio P\u00fablico de Mato Grosso do Sul (MPMS) realizaram nesta ter\u00e7a-feira (30) o I Semin\u00e1rio Estadual de Enfrentamento ao Tr\u00e1fico de Pessoas. O evento, sediado em Campo Grande, teve como objetivo","og:url":"https:\/\/ejornais.com.br\/index.php\/2024\/07\/30\/mato-grosso-do-sul-intensifica-combate-ao-trafico-de-pessoas-com-seminario-estadual-agencia-de-noticias-do-governo-de-mato-grosso-do-sul\/","article:published_time":"2024-07-30T20:35:51+00:00","article:modified_time":"2024-07-30T20:35:51+00:00","twitter:card":"summary_large_image","twitter:title":"Mato Grosso do Sul intensifica combate ao tr\u00e1fico de pessoas com Semin\u00e1rio Estadual \u2013 Ag\u00eancia de Noticias do Governo de Mato Grosso do Sul - eJornais","twitter:description":"Encontro fortalece estrat\u00e9gias de combate ao crime que afeta milhares de pessoas A Secretaria de Estado de Justi\u00e7a e Seguran\u00e7a P\u00fablica (Sejusp) e o Minist\u00e9rio P\u00fablico de Mato Grosso do Sul (MPMS) realizaram nesta ter\u00e7a-feira (30) o I Semin\u00e1rio Estadual de Enfrentamento ao Tr\u00e1fico de Pessoas. O evento, sediado em Campo Grande, teve como objetivo"},"aioseo_meta_data":{"post_id":"29966","title":null,"description":null,"keywords":null,"keyphrases":null,"primary_term":null,"canonical_url":null,"og_title":null,"og_description":null,"og_object_type":"default","og_image_type":"default","og_image_url":null,"og_image_width":null,"og_image_height":null,"og_image_custom_url":null,"og_image_custom_fields":null,"og_video":null,"og_custom_url":null,"og_article_section":null,"og_article_tags":null,"twitter_use_og":false,"twitter_card":"default","twitter_image_type":"default","twitter_image_url":null,"twitter_image_custom_url":null,"twitter_image_custom_fields":null,"twitter_title":null,"twitter_description":null,"schema":{"blockGraphs":[],"customGraphs":[],"default":{"data":{"Article":[],"Course":[],"Dataset":[],"FAQPage":[],"Movie":[],"Person":[],"Product":[],"ProductReview":[],"Car":[],"Recipe":[],"Service":[],"SoftwareApplication":[],"WebPage":[]},"graphName":"","isEnabled":true},"graphs":[]},"schema_type":"default","schema_type_options":null,"pillar_content":false,"robots_default":true,"robots_noindex":false,"robots_noarchive":false,"robots_nosnippet":false,"robots_nofollow":false,"robots_noimageindex":false,"robots_noodp":false,"robots_notranslate":false,"robots_max_snippet":null,"robots_max_videopreview":null,"robots_max_imagepreview":"large","priority":null,"frequency":null,"local_seo":null,"breadcrumb_settings":null,"limit_modified_date":false,"ai":null,"created":"2024-07-30 20:36:48","updated":"2025-06-05 20:01:35","seo_analyzer_scan_date":null,"focus_keyword":null,"additional_keywords":null,"truseo_locale":null},"aioseo_breadcrumb":"<div class=\"aioseo-breadcrumbs\"><span class=\"aioseo-breadcrumb\">\n\t\t\t<a href=\"https:\/\/ejornais.com.br\" title=\"In\u00edcio\">In\u00edcio<\/a>\n\t\t<\/span><span class=\"aioseo-breadcrumb-separator\">&raquo;<\/span><span class=\"aioseo-breadcrumb\">\n\t\t\tMato Grosso do Sul intensifica combate ao tr\u00e1fico de pessoas com Semin\u00e1rio Estadual \u2013 Ag\u00eancia de Noticias do Governo de Mato Grosso do Sul\n\t\t<\/span><\/div>","aioseo_breadcrumb_json":[{"label":"In\u00edcio","link":"https:\/\/ejornais.com.br"},{"label":"Mato Grosso do Sul intensifica combate ao tr\u00e1fico de pessoas com Semin\u00e1rio Estadual \u2013 Ag\u00eancia de Noticias do Governo de Mato Grosso do Sul","link":"https:\/\/ejornais.com.br\/index.php\/2024\/07\/30\/mato-grosso-do-sul-intensifica-combate-ao-trafico-de-pessoas-com-seminario-estadual-agencia-de-noticias-do-governo-de-mato-grosso-do-sul\/"}],"amp_enabled":true,"_links":{"self":[{"href":"https:\/\/ejornais.com.br\/index.php\/wp-json\/wp\/v2\/posts\/29966","targetHints":{"allow":["GET"]}}],"collection":[{"href":"https:\/\/ejornais.com.br\/index.php\/wp-json\/wp\/v2\/posts"}],"about":[{"href":"https:\/\/ejornais.com.br\/index.php\/wp-json\/wp\/v2\/types\/post"}],"author":[{"embeddable":true,"href":"https:\/\/ejornais.com.br\/index.php\/wp-json\/wp\/v2\/users\/1"}],"replies":[{"embeddable":true,"href":"https:\/\/ejornais.com.br\/index.php\/wp-json\/wp\/v2\/comments?post=29966"}],"version-history":[{"count":0,"href":"https:\/\/ejornais.com.br\/index.php\/wp-json\/wp\/v2\/posts\/29966\/revisions"}],"wp:attachment":[{"href":"https:\/\/ejornais.com.br\/index.php\/wp-json\/wp\/v2\/media?parent=29966"}],"wp:term":[{"taxonomy":"category","embeddable":true,"href":"https:\/\/ejornais.com.br\/index.php\/wp-json\/wp\/v2\/categories?post=29966"},{"taxonomy":"post_tag","embeddable":true,"href":"https:\/\/ejornais.com.br\/index.php\/wp-json\/wp\/v2\/tags?post=29966"}],"curies":[{"name":"wp","href":"https:\/\/api.w.org\/{rel}","templated":true}]}}