{"id":29996,"date":"2024-07-31T15:28:26","date_gmt":"2024-07-31T18:28:26","guid":{"rendered":"https:\/\/ejornais.com.br\/index.php\/2024\/07\/31\/sp-dobra-valor-pra-compra-de-alimentos-do-setor\/"},"modified":"2024-07-31T15:28:26","modified_gmt":"2024-07-31T18:28:26","slug":"sp-dobra-valor-pra-compra-de-alimentos-do-setor","status":"publish","type":"post","link":"https:\/\/ejornais.com.br\/index.php\/2024\/07\/31\/sp-dobra-valor-pra-compra-de-alimentos-do-setor\/","title":{"rendered":"SP dobra valor pra compra de alimentos do setor"},"content":{"rendered":"<p><img decoding=\"async\" src=\"https:\/\/www.saopaulo.sp.gov.br\/wp-content\/uploads\/2020\/04\/PPAIS.jpeg\" \/><\/p>\n<div id=\"\">&#13;<br \/>\n                                <!-- Title -->&#13;<br \/>\n                                &#13;<br \/>\n&#13;<br \/>\n                                <!-- Excerpt -->&#13;<\/p>\n<p class=\"excerpt\">Medida faz parte de pacote de a\u00e7\u00f5es do Governo de S\u00e3o Paulo em apoio \u00e0 agricultura familiar<\/p>\n<p>&#13;<br \/>\n&#13;<br \/>\n                                &#13;\n                            <\/p><\/div>\n<div id=\"\">&#13;<\/p>\n<p><iframe loading=\"lazy\" title=\"SP dobra valor m\u00e1ximo para compra de alimentos da agricultura familiar by Governo do Estado de S\u00e3o Paulo\" width=\"587\" height=\"330\" scrolling=\"no\" frameborder=\"no\" src=\"https:\/\/w.soundcloud.com\/player\/?visual=true&amp;url=https%3A%2F%2Fapi.soundcloud.com%2Ftracks%2F1885631676&amp;show_artwork=true&amp;maxheight=330&amp;maxwidth=587\"><\/iframe><\/p>\n<p>O Governo de S\u00e3o Paulo aumentou o valor anual usado para comprar alimentos da agricultura familiar. Por meio de um decreto publicado nesta quarta-feira (31), o valor m\u00e1ximo que o Governo poder\u00e1 comprar de cada agricultor em um ano dobrou: foi de R$ 52 mil para R$ 104 mil. A medida faz parte de um pacote de a\u00e7\u00f5es em apoio \u00e0 agricultura familiar.<\/p>\n<p>A iniciativa vai ser poss\u00edvel por meio do Programa Paulista de Interesse Social, que reserva 30% do or\u00e7amento estadual para compras de alimentos in natura ou manufaturados da agricultura familiar. Al\u00e9m disso, o valor m\u00e1ximo para compra de leite pasteurizado e de seus derivados tamb\u00e9m aumentou, chegando aos mesmos R$ 104 mil.<\/p>\n<p>As duas a\u00e7\u00f5es fazem parte de um pacote de a\u00e7\u00f5es do Governo do Estado de S\u00e3o Paulo em apoio \u00e0 agricultura familiar. As medidas tamb\u00e9m incluem a entrega de 521 t\u00edtulos de regulariza\u00e7\u00e3o fundi\u00e1ria.<\/p>\n<p>\u201cHoje n\u00f3s demos um passo fundamental aqui, que \u00e9 a amplia\u00e7\u00e3o do nosso programa de agricultura de interesse social. \u00c9 o produto da agricultura familiar que vai para a merenda escolar e que vai ser consumido nos pres\u00eddios\u201d, disse o governador Tarc\u00edsio de Freitas.<\/p>\n<p>O governo paulista tamb\u00e9m entregou 138 fossas biodigestoras para produtores rurais. Esses equipamentos servem para produzir fertilizantes que potencializam a produ\u00e7\u00e3o das propriedades rurais familiares. O investimento foi de quase R$ 2 milh\u00f5es.<\/p>\n<p>O pacote de a\u00e7\u00f5es inclui iniciativas de habita\u00e7\u00e3o. Por meio de parceria entre a CDHU e o Itesp, o governo autorizou a constru\u00e7\u00e3o de 42 moradias em assentamento no oeste paulista, com investimento de R$ 3,7 milh\u00f5es.<\/p>\n<h2>Coopera\u00e7\u00e3o e recomposi\u00e7\u00e3o florestal<\/h2>\n<p>Outro autorizo do governador Tarc\u00edsio de Freitas prev\u00ea a produ\u00e7\u00e3o baseada em sistemas agrossilvipastoris, que integra a pecu\u00e1ria com reflorestamento. Em uma mesma \u00e1rea, s\u00e3o combinadas lavoura, cria\u00e7\u00e3o de animais e recomposi\u00e7\u00e3o de mata, que permite o aumento da produ\u00e7\u00e3o de alimentos por meio de pr\u00e1ticas agr\u00edcolas que n\u00e3o agridem o meio ambiente.<\/p>\n<p>O investimento para a a\u00e7\u00e3o ser\u00e1 de R$ 8 milh\u00f5es, em parceria p\u00fablico-privada, e soma, com a medida, 322 hectares j\u00e1 recompostos ou com recomposi\u00e7\u00e3o em andamento.<\/p>\n<p>Dentro do programa Parcerias Produtivas, a cargo do Itesp, o governo tamb\u00e9m autorizou a assinatura de dois contratos de coopera\u00e7\u00e3o entre produtores rurais e a agroind\u00fastria. Por meio da parceria, o assentado pode oferecer at\u00e9 70% de seu lote para cultivo agroindustrial. Nos 30% restantes, as empresas privadas prestam assist\u00eancia t\u00e9cnica para os agricultores familiares.<\/p>\n<p>No \u00faltimo levantamento, o governo paulista j\u00e1 havia implementado o modelo em 4500 hectares, com aproximadamente 700 fam\u00edlias beneficiadas.<\/p>\n<\/p><\/div>\n","protected":false},"excerpt":{"rendered":"<p>&#13; &#13; &#13; &#13; &#13; Medida faz parte de pacote de a\u00e7\u00f5es do Governo de S\u00e3o Paulo em apoio \u00e0<\/p>\n","protected":false},"author":1,"featured_media":0,"comment_status":"","ping_status":"","sticky":false,"template":"","format":"standard","meta":{"colormag_page_container_layout":"default_layout","colormag_page_sidebar_layout":"default_layout","footnotes":""},"categories":[1],"tags":[],"class_list":["post-29996","post","type-post","status-publish","format-standard","hentry","category-ejornais"],"aioseo_notices":[],"amp_enabled":true,"_links":{"self":[{"href":"https:\/\/ejornais.com.br\/index.php\/wp-json\/wp\/v2\/posts\/29996","targetHints":{"allow":["GET"]}}],"collection":[{"href":"https:\/\/ejornais.com.br\/index.php\/wp-json\/wp\/v2\/posts"}],"about":[{"href":"https:\/\/ejornais.com.br\/index.php\/wp-json\/wp\/v2\/types\/post"}],"author":[{"embeddable":true,"href":"https:\/\/ejornais.com.br\/index.php\/wp-json\/wp\/v2\/users\/1"}],"replies":[{"embeddable":true,"href":"https:\/\/ejornais.com.br\/index.php\/wp-json\/wp\/v2\/comments?post=29996"}],"version-history":[{"count":0,"href":"https:\/\/ejornais.com.br\/index.php\/wp-json\/wp\/v2\/posts\/29996\/revisions"}],"wp:attachment":[{"href":"https:\/\/ejornais.com.br\/index.php\/wp-json\/wp\/v2\/media?parent=29996"}],"wp:term":[{"taxonomy":"category","embeddable":true,"href":"https:\/\/ejornais.com.br\/index.php\/wp-json\/wp\/v2\/categories?post=29996"},{"taxonomy":"post_tag","embeddable":true,"href":"https:\/\/ejornais.com.br\/index.php\/wp-json\/wp\/v2\/tags?post=29996"}],"curies":[{"name":"wp","href":"https:\/\/api.w.org\/{rel}","templated":true}]}}