{"id":30234,"date":"2024-08-06T07:05:59","date_gmt":"2024-08-06T10:05:59","guid":{"rendered":"https:\/\/ejornais.com.br\/index.php\/2024\/08\/06\/instituto-penal-reforca-seguranca-com-telamentos-tecnologia-e-melhor-controle-de-circulacao-interna\/"},"modified":"2024-08-06T07:05:59","modified_gmt":"2024-08-06T10:05:59","slug":"instituto-penal-reforca-seguranca-com-telamentos-tecnologia-e-melhor-controle-de-circulacao-interna","status":"publish","type":"post","link":"https:\/\/ejornais.com.br\/index.php\/2024\/08\/06\/instituto-penal-reforca-seguranca-com-telamentos-tecnologia-e-melhor-controle-de-circulacao-interna\/","title":{"rendered":"Instituto Penal refor\u00e7a seguran\u00e7a com telamentos, tecnologia e melhor controle de circula\u00e7\u00e3o interna"},"content":{"rendered":"<p><\/p>\n<div>\n<p>Com o objetivo de aprimorar a seguran\u00e7a e a infraestrutura do IPCG (Instituto Penal de Campo Grande), uma das maiores unidades prisionais de Mato Grosso do Sul, est\u00e3o sendo implementadas a\u00e7\u00f5es para melhorar as condi\u00e7\u00f5es, tanto para os internos sob cust\u00f3dia quanto para os servidores.<\/p>\n<figure id=\"attachment_81364\" aria-describedby=\"caption-attachment-81364\" style=\"width: 267px\" class=\"wp-caption alignleft\"><figcaption id=\"caption-attachment-81364\" class=\"wp-caption-text\">Telamento est\u00e1 sendo instalado sobre as galerias.<\/figcaption><\/figure>\n<p>Uma das principais inova\u00e7\u00f5es \u00e9 a instala\u00e7\u00e3o de estruturas met\u00e1licas e telas sobre as galerias, come\u00e7ando pela Galeria 2B do Pavilh\u00e3o II, onde est\u00e3o os reeducandos em per\u00edodo de inclus\u00e3o \u2013 al\u00e9m de outros j\u00e1 em cust\u00f3dia definitiva. A medida tem como foco prevenir o arremesso de objetos il\u00edcitos a partir do meio externo, assim como dificultar tentativas de fuga.<\/p>\n<p>O projeto-piloto tamb\u00e9m inclui a instala\u00e7\u00e3o de \u201cespa\u00e7os para controle de fluxo\u201d \u2013 o que na pr\u00e1tica consiste na instala\u00e7\u00e3o de ambientes confinados de passagem, onde internos ou visitantes precisam acessar para adentrar (ou sair) do ambiente, visando gerenciar o fluxo dos internos durante atendimento, al\u00e9m de um sistema de travas de seguran\u00e7a nas celas, acionadas pelos servidores fora do ambiente de cust\u00f3dia \u2013 m\u00e9todos estes j\u00e1 utilizados em outras penitenci\u00e1rias do estado.<\/p>\n<p>\u201cA Galeria 2B est\u00e1 servindo de modelo para a implementa\u00e7\u00e3o do telamento e sistemas de seguran\u00e7a. Estamos introduzindo novos mecanismos para garantir maior controle no fluxo de internos que deixam diariamente suas viv\u00eancias para os atendimentos em diversos setores da unidade penal\u201d, afirma o diretor do IPCG, policial penal Leoney Martins, que assumiu a dire\u00e7\u00e3o da unidade h\u00e1 pouco mais de um m\u00eas. \u201cA meta \u00e9 expandir essas melhorias, gradualmente, em cada uma das 13 galerias do pres\u00eddio recebendo atualiza\u00e7\u00f5es semelhantes ao longo dos pr\u00f3ximos meses\u201d, finalizou.<\/p>\n<p>Outra inova\u00e7\u00e3o importante \u00e9 a implanta\u00e7\u00e3o de um sistema automatizado para a abertura de acessos internos do pres\u00eddio. Este sistema utiliza travas autom\u00e1ticas, cujo controle dever\u00e1 ser centralizado na sala de videomonitoramento.<\/p>\n<p>Para tanto, ser\u00e3o implementadas atualiza\u00e7\u00f5es estruturais na sala de videomonitoramento, que incluir\u00e3o tecnologias para facilitar a vigil\u00e2ncia e otimizar a opera\u00e7\u00e3o dos port\u00f5es.<\/p>\n<p>Outra medida, \u00e9 a tecnologia de abertura por indu\u00e7\u00e3o em alguns port\u00f5es, atrav\u00e9s de mecanismos do tipo \u201cbotoeira\u201d, disponibilizadas exclusivamente a determinados setores.<\/p>\n<p>Para o diretor-adjunto do IPCG, policial penal Charles Bueno de Andrade, essa abordagem permitir\u00e1 uma gest\u00e3o mais eficiente, reduzindo a necessidade de servidores em postos fixos, os quais podem ser direcionados a outros postos mais sens\u00edveis, proporcionando controle mais rigoroso e eficiente na circula\u00e7\u00e3o interna.<\/p>\n<\/p>\n<p>Al\u00e9m disso, est\u00e1 sendo realizada a amplia\u00e7\u00e3o do sistema de monitoramento por c\u00e2meras de seguran\u00e7a para monitorar todas as galerias da unidade.<\/p>\n<p>Ainda no contexto tecnol\u00f3gico, um sistema de reconhecimento facial ser\u00e1 implementado, inicialmente, para controlar o acesso de visitantes masculinos, aumentando a seguran\u00e7a na entrada e sa\u00edda do pres\u00eddio, sistema que tamb\u00e9m visa evitar a possibilidade de fugas atrav\u00e9s da substitui\u00e7\u00e3o do visitante pelo interno.<\/p>\n<p>Outras medidas incluem a reestrutura\u00e7\u00e3o da portaria para otimizar o fluxo de pessoas que necessitam acessar o ambiente prisional, atrav\u00e9s de sua condu\u00e7\u00e3o por fluxo direcionado e passagem pelos sistemas de raio-x corporal e de bagagem.<\/p>\n<p>Na \u00e1rea el\u00e9trica, est\u00e1 sendo realizada a substitui\u00e7\u00e3o de cabeamento exposto \u00e0s intemp\u00e9ries com a instala\u00e7\u00e3o de eletrodutos e consequente melhoria da ilumina\u00e7\u00e3o com a adi\u00e7\u00e3o de refletores de led, tendo como objetivo aumentar a seguran\u00e7a e efici\u00eancia das opera\u00e7\u00f5es dentro da unidade, al\u00e9m da economia de energia el\u00e9trica.<\/p>\n<p><strong>Assist\u00eancia e inclus\u00e3o\u00a0<\/strong><\/p>\n<p>O IPCG tamb\u00e9m est\u00e1 buscando avan\u00e7ar em \u00e1reas de assist\u00eancia e inclus\u00e3o. Ser\u00e1 criada uma \u00e1rea controlada exclusiva para visitas de menores e j\u00e1 foi implantada uma galeria totalmente dedicada aos presos da comunidade LGBTQIA+, atendendo \u00e0s recomenda\u00e7\u00f5es do CNPCP (Conselho Nacional de Pol\u00edtica Criminal e Penitenci\u00e1ria).<\/p>\n<p>Al\u00e9m disso, um novo barrac\u00e3o ser\u00e1 implementado para abrigar uma empresa que proporcionar\u00e1 oportunidades de trabalho e oficinas para aproximadamente 300 internos, &#8211; incluindo o p\u00fablico de idosos que enfrentam desafios adicionais para a reintegra\u00e7\u00e3o social devido \u00e0s limita\u00e7\u00f5es f\u00edsicas impostas pela idade \u2013 a\u00e7\u00e3o que dobrar\u00e1 o quantitativo de custodiados em atividades laborais, inclusive com remunera\u00e7\u00e3o.<\/p>\n<p>Ainda no contexto da seguran\u00e7a interna, foram realizadas adequa\u00e7\u00f5es na rotina e na circula\u00e7\u00e3o dos presos para otimizar a gest\u00e3o das atividades. Tamb\u00e9m est\u00e1 em fase de implanta\u00e7\u00e3o o &#8220;Sistema SEP&#8221;, j\u00e1 utilizado na Penitenci\u00e1ria de Navira\u00ed e em outras unidades prisionais do estado. Esse sistema, que utiliza leitura de c\u00f3digo de barras, permitir\u00e1 um acompanhamento e controle mais eficaz da circula\u00e7\u00e3o dos presos envolvidos nas atividades laborais.<\/p>\n<p>Na esfera da sa\u00fade, o IPCG est\u00e1 implementando um protocolo rigoroso de triagem para novos internos, incluindo atendimentos psicossociais e testes r\u00e1pidos de sa\u00fade.<\/p>\n<p>Para melhorar o atendimento cont\u00ednuo, o Setor de Assist\u00eancia M\u00e9dica foi refor\u00e7ado com a adi\u00e7\u00e3o de seis novos profissionais, dentre eles dois m\u00e9dicos, um enfermeiro, um t\u00e9cnico em enfermagem, uma dentista e um t\u00e9cnico-administrativo. Ser\u00e1 realizada uma for\u00e7a-tarefa para acompanhar as demandas de sa\u00fade dos internos em cust\u00f3dia definitiva com apoio do M\u00f3dulo de Sa\u00fade do Complexo Penitenci\u00e1rio, no Jardim Noroeste.<\/p>\n<p>\u201cEssas a\u00e7\u00f5es representam um esfor\u00e7o abrangente para transformar o IPCG em um modelo de seguran\u00e7a e efici\u00eancia em nosso sistema penitenci\u00e1rio\u201d, elogia o diretor-presidente da Agepen, Rodrigo Rossi Maiorchini. Segundo ele, com a implementa\u00e7\u00e3o dessas melhorias, a administra\u00e7\u00e3o espera criar um ambiente mais seguro e bem gerido, promovendo tanto a seguran\u00e7a dos funcion\u00e1rios quanto a reabilita\u00e7\u00e3o dos internos.<\/p>\n<p><em>Comunica\u00e7\u00e3o Agepen<\/em><\/p>\n<\/div>\n","protected":false},"excerpt":{"rendered":"<p>Com o objetivo de aprimorar a seguran\u00e7a e a infraestrutura do IPCG (Instituto Penal de Campo Grande), uma das maiores<\/p>\n","protected":false},"author":1,"featured_media":0,"comment_status":"","ping_status":"","sticky":false,"template":"","format":"standard","meta":{"colormag_page_container_layout":"default_layout","colormag_page_sidebar_layout":"default_layout","footnotes":""},"categories":[],"tags":[],"class_list":["post-30234","post","type-post","status-publish","format-standard","hentry"],"aioseo_notices":[],"amp_enabled":true,"_links":{"self":[{"href":"https:\/\/ejornais.com.br\/index.php\/wp-json\/wp\/v2\/posts\/30234","targetHints":{"allow":["GET"]}}],"collection":[{"href":"https:\/\/ejornais.com.br\/index.php\/wp-json\/wp\/v2\/posts"}],"about":[{"href":"https:\/\/ejornais.com.br\/index.php\/wp-json\/wp\/v2\/types\/post"}],"author":[{"embeddable":true,"href":"https:\/\/ejornais.com.br\/index.php\/wp-json\/wp\/v2\/users\/1"}],"replies":[{"embeddable":true,"href":"https:\/\/ejornais.com.br\/index.php\/wp-json\/wp\/v2\/comments?post=30234"}],"version-history":[{"count":0,"href":"https:\/\/ejornais.com.br\/index.php\/wp-json\/wp\/v2\/posts\/30234\/revisions"}],"wp:attachment":[{"href":"https:\/\/ejornais.com.br\/index.php\/wp-json\/wp\/v2\/media?parent=30234"}],"wp:term":[{"taxonomy":"category","embeddable":true,"href":"https:\/\/ejornais.com.br\/index.php\/wp-json\/wp\/v2\/categories?post=30234"},{"taxonomy":"post_tag","embeddable":true,"href":"https:\/\/ejornais.com.br\/index.php\/wp-json\/wp\/v2\/tags?post=30234"}],"curies":[{"name":"wp","href":"https:\/\/api.w.org\/{rel}","templated":true}]}}