{"id":30245,"date":"2024-08-06T13:28:37","date_gmt":"2024-08-06T16:28:37","guid":{"rendered":"https:\/\/ejornais.com.br\/index.php\/2024\/08\/06\/linha-expressa-comeca-a-operar-no-corredor-transbrasil\/"},"modified":"2024-08-06T13:28:37","modified_gmt":"2024-08-06T16:28:37","slug":"linha-expressa-comeca-a-operar-no-corredor-transbrasil","status":"publish","type":"post","link":"https:\/\/ejornais.com.br\/index.php\/2024\/08\/06\/linha-expressa-comeca-a-operar-no-corredor-transbrasil\/","title":{"rendered":"Linha expressa come\u00e7a a operar no corredor Transbrasil"},"content":{"rendered":"<p><\/p>\n<p>A MOBI-Rio informa o in\u00edcio da opera\u00e7\u00e3o, no dia 5\/8, de mais uma linha expressa no corredor Transbrasil. A linha [&#8230;]<\/p>\n<p>O post Linha expressa come\u00e7a a operar no corredor Transbrasil apareceu primeiro em Prefeitura da Cidade do Rio de Janeiro &#8211; prefeitura.rio.<\/p>\n","protected":false},"excerpt":{"rendered":"<p>A MOBI-Rio informa o in\u00edcio da opera\u00e7\u00e3o, no dia 5\/8, de mais uma linha expressa no corredor Transbrasil. A linha<\/p>\n","protected":false},"author":1,"featured_media":0,"comment_status":"","ping_status":"","sticky":false,"template":"","format":"standard","meta":{"colormag_page_container_layout":"default_layout","colormag_page_sidebar_layout":"default_layout","footnotes":""},"categories":[1],"tags":[],"class_list":["post-30245","post","type-post","status-publish","format-standard","hentry","category-ejornais"],"aioseo_notices":[],"amp_enabled":true,"_links":{"self":[{"href":"https:\/\/ejornais.com.br\/index.php\/wp-json\/wp\/v2\/posts\/30245","targetHints":{"allow":["GET"]}}],"collection":[{"href":"https:\/\/ejornais.com.br\/index.php\/wp-json\/wp\/v2\/posts"}],"about":[{"href":"https:\/\/ejornais.com.br\/index.php\/wp-json\/wp\/v2\/types\/post"}],"author":[{"embeddable":true,"href":"https:\/\/ejornais.com.br\/index.php\/wp-json\/wp\/v2\/users\/1"}],"replies":[{"embeddable":true,"href":"https:\/\/ejornais.com.br\/index.php\/wp-json\/wp\/v2\/comments?post=30245"}],"version-history":[{"count":0,"href":"https:\/\/ejornais.com.br\/index.php\/wp-json\/wp\/v2\/posts\/30245\/revisions"}],"wp:attachment":[{"href":"https:\/\/ejornais.com.br\/index.php\/wp-json\/wp\/v2\/media?parent=30245"}],"wp:term":[{"taxonomy":"category","embeddable":true,"href":"https:\/\/ejornais.com.br\/index.php\/wp-json\/wp\/v2\/categories?post=30245"},{"taxonomy":"post_tag","embeddable":true,"href":"https:\/\/ejornais.com.br\/index.php\/wp-json\/wp\/v2\/tags?post=30245"}],"curies":[{"name":"wp","href":"https:\/\/api.w.org\/{rel}","templated":true}]}}