{"id":30306,"date":"2024-08-07T18:08:19","date_gmt":"2024-08-07T21:08:19","guid":{"rendered":"https:\/\/ejornais.com.br\/index.php\/2024\/08\/07\/iagro-estabelece-normas-para-transito-de-ovinos-e-caprinos-apos-ms-ser-reconhecido-area-livre-de-febre-aftosa\/"},"modified":"2024-08-07T18:08:19","modified_gmt":"2024-08-07T21:08:19","slug":"iagro-estabelece-normas-para-transito-de-ovinos-e-caprinos-apos-ms-ser-reconhecido-area-livre-de-febre-aftosa","status":"publish","type":"post","link":"https:\/\/ejornais.com.br\/index.php\/2024\/08\/07\/iagro-estabelece-normas-para-transito-de-ovinos-e-caprinos-apos-ms-ser-reconhecido-area-livre-de-febre-aftosa\/","title":{"rendered":"Iagro estabelece normas para tr\u00e2nsito de ovinos e caprinos ap\u00f3s MS ser reconhecido \u00e1rea livre de febre aftosa"},"content":{"rendered":"<p><\/p>\n<div id=\"post-486071\">\n<div class=\"text-center\"><\/div>\n<div class=\"entry\">\n<p>A Iagro (Ag\u00eancia Estadual de Vigil\u00e2ncia Sanit\u00e1ria Animal e Vegetal), \u00f3rg\u00e3o vinculado \u00e0 Semadesc (Secretaria de Meio Ambiente, Desenvolvimento, Ci\u00eancia, Tecnologia e Inova\u00e7\u00e3o), publicou a Portaria 3.736 na edi\u00e7\u00e3o dessa quarta-feira (7) do Di\u00e1rio Oficial do Estado estabelecendo normas e procedimentos para o tr\u00e2nsito intraestadual e interestadual de caprinos e ovinos e d\u00e1 outras provid\u00eancias.<\/p>\n<p>A normatiza\u00e7\u00e3o \u00e9 necess\u00e1ria ap\u00f3s Mato Grosso do Sul \u2013 assim como outros Estados \u2013 ter sido considerado \u00e1rea livre de febre aftosa sem vacina\u00e7\u00e3o, explicou a coordenadora do Programa Estadual de Sanidade dos Caprinos e Ovinos, Suzana Cometki Ortega.<\/p>\n<p>\u201cEssa portaria define as regras para ingresso dos pequenos ruminantes no nosso Estado e para o egresso a outros estados, que se dividem em \u00e1rea livre de febre aftosa sem vacina\u00e7\u00e3o com reconhecimento nacional e outros com reconhecimento internacional. E mais um diferencial dessa portaria para a antiga, \u00e9 que agora h\u00e1 a obrigatoriedade da utiliza\u00e7\u00e3o do Aplicativo Transportador no tr\u00e2nsito tamb\u00e9m de ovinos e caprinos. Tanto no tr\u00e2nsito intra-estadual quanto interestadual, \u00e9 obrigat\u00f3rio o uso do aplicativo\u201d, explicou.<\/p>\n<p>Mato Grosso do Sul suspendeu a vacina\u00e7\u00e3o contra febre aftosa em 2023 e teve o reconhecimento de \u00e1rea livre da doen\u00e7a em mar\u00e7o de 2024 pelo Minist\u00e9rio da Agricultura e Pecu\u00e1ria. A nova normativa revoga a Portaria 3658, de outubro de 2020, e passa a vigorar a partir da publica\u00e7\u00e3o no Di\u00e1rio Oficial, ou seja, desde essa quarta-feira (7).<\/p>\n<p>Confira <span style=\"color: #0000ff;\">neste link<\/span> o inteiro teor da Portaria 3.736 da Iagro.<\/p>\n<p><em>Comunica\u00e7\u00e3o Semadesc<\/em><\/p>\n<\/div><\/div>\n","protected":false},"excerpt":{"rendered":"<p>A Iagro (Ag\u00eancia Estadual de Vigil\u00e2ncia Sanit\u00e1ria Animal e Vegetal), \u00f3rg\u00e3o vinculado \u00e0 Semadesc (Secretaria de Meio Ambiente, Desenvolvimento, Ci\u00eancia,<\/p>\n","protected":false},"author":1,"featured_media":0,"comment_status":"","ping_status":"","sticky":false,"template":"","format":"standard","meta":{"colormag_page_container_layout":"default_layout","colormag_page_sidebar_layout":"default_layout","footnotes":""},"categories":[],"tags":[],"class_list":["post-30306","post","type-post","status-publish","format-standard","hentry"],"aioseo_notices":[],"amp_enabled":true,"_links":{"self":[{"href":"https:\/\/ejornais.com.br\/index.php\/wp-json\/wp\/v2\/posts\/30306","targetHints":{"allow":["GET"]}}],"collection":[{"href":"https:\/\/ejornais.com.br\/index.php\/wp-json\/wp\/v2\/posts"}],"about":[{"href":"https:\/\/ejornais.com.br\/index.php\/wp-json\/wp\/v2\/types\/post"}],"author":[{"embeddable":true,"href":"https:\/\/ejornais.com.br\/index.php\/wp-json\/wp\/v2\/users\/1"}],"replies":[{"embeddable":true,"href":"https:\/\/ejornais.com.br\/index.php\/wp-json\/wp\/v2\/comments?post=30306"}],"version-history":[{"count":0,"href":"https:\/\/ejornais.com.br\/index.php\/wp-json\/wp\/v2\/posts\/30306\/revisions"}],"wp:attachment":[{"href":"https:\/\/ejornais.com.br\/index.php\/wp-json\/wp\/v2\/media?parent=30306"}],"wp:term":[{"taxonomy":"category","embeddable":true,"href":"https:\/\/ejornais.com.br\/index.php\/wp-json\/wp\/v2\/categories?post=30306"},{"taxonomy":"post_tag","embeddable":true,"href":"https:\/\/ejornais.com.br\/index.php\/wp-json\/wp\/v2\/tags?post=30306"}],"curies":[{"name":"wp","href":"https:\/\/api.w.org\/{rel}","templated":true}]}}