{"id":30405,"date":"2024-08-09T19:23:29","date_gmt":"2024-08-09T22:23:29","guid":{"rendered":"https:\/\/ejornais.com.br\/index.php\/2024\/08\/09\/homenagem-ao-dia-do-estudante-ifsp\/"},"modified":"2024-08-09T19:23:29","modified_gmt":"2024-08-09T22:23:29","slug":"homenagem-ao-dia-do-estudante-ifsp","status":"publish","type":"post","link":"https:\/\/ejornais.com.br\/index.php\/2024\/08\/09\/homenagem-ao-dia-do-estudante-ifsp\/","title":{"rendered":"Homenagem ao Dia do Estudante &#8211; IFSP"},"content":{"rendered":"<p><\/p>\n<div>\n<div class=\"subtitle\">\n<p><span data-contrast=\"none\">Confira a homenagem\u00a0do Comit\u00ea de Gestores de Comunica\u00e7\u00e3o da Rede Federal<\/span>\u00a0<\/p>\n<\/div>\n<p><!-- fim .content-header-options-1 --><\/p>\n<p><span data-ccp-props=\"{&quot;134233117&quot;:false,&quot;134233118&quot;:false,&quot;201341983&quot;:0,&quot;335551550&quot;:0,&quot;335551620&quot;:0,&quot;335557856&quot;:16777215,&quot;335559738&quot;:240,&quot;335559739&quot;:240,&quot;335559740&quot;:279}\"><\/span><span data-contrast=\"none\">No dia 11 de agosto, celebramos com orgulho e admira\u00e7\u00e3o o Dia do Estudante, uma data que nos convida a refletir sobre a import\u00e2ncia dos jovens em nossas escolas. \u00c9 um momento para reconhecer e homenagear todos aqueles que, com dedica\u00e7\u00e3o e esfor\u00e7o, constroem o alicerce de um futuro promissor para o nosso pa\u00eds.<\/span><span data-ccp-props=\"{&quot;134233117&quot;:false,&quot;134233118&quot;:false,&quot;201341983&quot;:0,&quot;335551550&quot;:0,&quot;335551620&quot;:0,&quot;335557856&quot;:16777215,&quot;335559738&quot;:240,&quot;335559739&quot;:240,&quot;335559740&quot;:279}\">\u00a0<\/span><\/p>\n<p><span data-contrast=\"none\">Nos Institutos Federais, nos CEFETs e no Col\u00e9gio Pedro II, encontramos exemplos inspiradores de compromisso e paix\u00e3o pelo conhecimento. Esses estudantes, espalhados de Norte a Sul e de Leste a Oeste do Brasil, s\u00e3o a raz\u00e3o de ser das nossas institui\u00e7\u00f5es de ensino. Eles dedicam suas vidas \u00e0 busca incessante pelo saber.\u00a0 \u00c9 por meio da educa\u00e7\u00e3o profissional e tecnol\u00f3gica que formamos os profissionais que contribuir\u00e3o com o desenvolvimento socioecon\u00f4mico do Pa\u00eds.<\/span><span data-ccp-props=\"{&quot;134233117&quot;:false,&quot;134233118&quot;:false,&quot;201341983&quot;:0,&quot;335551550&quot;:0,&quot;335551620&quot;:0,&quot;335557856&quot;:16777215,&quot;335559738&quot;:240,&quot;335559739&quot;:240,&quot;335559740&quot;:279}\">\u00a0<\/span><\/p>\n<p><span data-contrast=\"none\">\u00a0Cada aula assistida, cada livro lido, cada experi\u00eancia compartilhada contribui para a forma\u00e7\u00e3o integral de cidad\u00e3os conscientes, capazes de transformar a sociedade. A consci\u00eancia e a responsabilidade desses jovens \u00e9 o que nos d\u00e1 esperan\u00e7a em um mundo melhor.<\/span><span data-ccp-props=\"{&quot;134233117&quot;:false,&quot;134233118&quot;:false,&quot;201341983&quot;:0,&quot;335551550&quot;:0,&quot;335551620&quot;:0,&quot;335557856&quot;:16777215,&quot;335559738&quot;:240,&quot;335559739&quot;:240,&quot;335559740&quot;:279}\">\u00a0<\/span><\/p>\n<p><span data-contrast=\"none\">Os estudantes nos mostram que o c\u00e9u \u00e9 o limite. Eles enfrentam desafios, superam obst\u00e1culos e, com resili\u00eancia, continuam a trilhar o caminho do saber.<\/span><span data-ccp-props=\"{&quot;134233117&quot;:false,&quot;134233118&quot;:false,&quot;201341983&quot;:0,&quot;335551550&quot;:0,&quot;335551620&quot;:0,&quot;335557856&quot;:16777215,&quot;335559738&quot;:240,&quot;335559739&quot;:240,&quot;335559740&quot;:279}\">\u00a0<\/span><\/p>\n<p><span data-contrast=\"none\">Que este dia sirva de inspira\u00e7\u00e3o para que continuem a sonhar, a acreditar e a lutar pelos seus objetivos. Porque voc\u00eas, estudantes de hoje, s\u00e3o os profissionais do amanh\u00e3. E \u00e9 atrav\u00e9s de voc\u00eas que constru\u00edmos um futuro mais justo, fraterno e inclusivo, onde o conhecimento \u00e9 o pilar central e a educa\u00e7\u00e3o o caminho para um mundo melhor.<\/span><span data-ccp-props=\"{&quot;134233117&quot;:false,&quot;134233118&quot;:false,&quot;201341983&quot;:0,&quot;335551550&quot;:0,&quot;335551620&quot;:0,&quot;335557856&quot;:16777215,&quot;335559738&quot;:240,&quot;335559739&quot;:240,&quot;335559740&quot;:279}\">\u00a0<\/span><\/p>\n<p><span data-contrast=\"none\">Parab\u00e9ns a todos os estudantes! O futuro est\u00e1 em suas m\u00e3os, e n\u00f3s acreditamos em cada um de voc\u00eas.<\/span><span data-ccp-props=\"{&quot;134233117&quot;:false,&quot;134233118&quot;:false,&quot;201341983&quot;:0,&quot;335551550&quot;:0,&quot;335551620&quot;:0,&quot;335557856&quot;:16777215,&quot;335559738&quot;:240,&quot;335559739&quot;:240,&quot;335559740&quot;:279}\">\u00a0<\/span><\/p>\n<p><span data-contrast=\"none\">Gescom &#8211; Comit\u00ea de Gestores de Comunica\u00e7\u00e3o da Rede Federal de Educa\u00e7\u00e3o Profissional e Tecnol\u00f3gica.<\/span><span data-ccp-props=\"{&quot;134233117&quot;:false,&quot;134233118&quot;:false,&quot;201341983&quot;:0,&quot;335551550&quot;:0,&quot;335551620&quot;:0,&quot;335557856&quot;:16777215,&quot;335559738&quot;:240,&quot;335559739&quot;:240,&quot;335559740&quot;:279}\">\u00a0<\/span><\/p>\n<\/div>\n<p><script>(function(d, s, id) {\n  var js, fjs = d.getElementsByTagName(s)[0];\n  if (d.getElementById(id)) return;\n  js = d.createElement(s); js.id = id;\n  js.src = \"\/\/connect.facebook.net\/pt_BR\/all.js#xfbml=1&appId=509544779073047\";\n  fjs.parentNode.insertBefore(js, fjs);\n }(document, 'script', 'facebook-jssdk'));<\/script><\/p>\n","protected":false},"excerpt":{"rendered":"<p>Confira a homenagem\u00a0do Comit\u00ea de Gestores de Comunica\u00e7\u00e3o da Rede Federal\u00a0 No dia 11 de agosto, celebramos com orgulho e<\/p>\n","protected":false},"author":1,"featured_media":0,"comment_status":"","ping_status":"","sticky":false,"template":"","format":"standard","meta":{"colormag_page_container_layout":"default_layout","colormag_page_sidebar_layout":"default_layout","footnotes":""},"categories":[1],"tags":[],"class_list":["post-30405","post","type-post","status-publish","format-standard","hentry","category-ejornais"],"aioseo_notices":[],"amp_enabled":true,"_links":{"self":[{"href":"https:\/\/ejornais.com.br\/index.php\/wp-json\/wp\/v2\/posts\/30405","targetHints":{"allow":["GET"]}}],"collection":[{"href":"https:\/\/ejornais.com.br\/index.php\/wp-json\/wp\/v2\/posts"}],"about":[{"href":"https:\/\/ejornais.com.br\/index.php\/wp-json\/wp\/v2\/types\/post"}],"author":[{"embeddable":true,"href":"https:\/\/ejornais.com.br\/index.php\/wp-json\/wp\/v2\/users\/1"}],"replies":[{"embeddable":true,"href":"https:\/\/ejornais.com.br\/index.php\/wp-json\/wp\/v2\/comments?post=30405"}],"version-history":[{"count":0,"href":"https:\/\/ejornais.com.br\/index.php\/wp-json\/wp\/v2\/posts\/30405\/revisions"}],"wp:attachment":[{"href":"https:\/\/ejornais.com.br\/index.php\/wp-json\/wp\/v2\/media?parent=30405"}],"wp:term":[{"taxonomy":"category","embeddable":true,"href":"https:\/\/ejornais.com.br\/index.php\/wp-json\/wp\/v2\/categories?post=30405"},{"taxonomy":"post_tag","embeddable":true,"href":"https:\/\/ejornais.com.br\/index.php\/wp-json\/wp\/v2\/tags?post=30405"}],"curies":[{"name":"wp","href":"https:\/\/api.w.org\/{rel}","templated":true}]}}