{"id":30424,"date":"2024-08-10T08:07:29","date_gmt":"2024-08-10T11:07:29","guid":{"rendered":"https:\/\/ejornais.com.br\/index.php\/2024\/08\/10\/festival-de-cinema-das-escolas-estaduais-de-ms-selecionada-10-curtas-finalistas-agencia-de-noticias-do-governo-de-mato-grosso-do-sul\/"},"modified":"2024-08-10T08:07:29","modified_gmt":"2024-08-10T11:07:29","slug":"festival-de-cinema-das-escolas-estaduais-de-ms-selecionada-10-curtas-finalistas-agencia-de-noticias-do-governo-de-mato-grosso-do-sul","status":"publish","type":"post","link":"https:\/\/ejornais.com.br\/index.php\/2024\/08\/10\/festival-de-cinema-das-escolas-estaduais-de-ms-selecionada-10-curtas-finalistas-agencia-de-noticias-do-governo-de-mato-grosso-do-sul\/","title":{"rendered":"Festival de Cinema das Escolas Estaduais de MS selecionada 10 curtas finalistas \u2013 Ag\u00eancia de Noticias do Governo de Mato Grosso do Sul"},"content":{"rendered":"<p><\/p>\n<div>\n<p style=\"text-align: center;\"><em>Evento objetiva se tornar espa\u00e7o de forma\u00e7\u00e3o e incentivo \u00e0 cultura por meio da produ\u00e7\u00e3o audiovisual aos alunos da Rede Estadual de Ensino<\/em><\/p>\n<p>O Governo de Mato Grosso do Sul, por meio da SED (Secretaria de Estado de Educa\u00e7\u00e3o), divulgou a lista dos 10 curtametragens selecionados pelo j\u00fari t\u00e9cnico para a disputa da fase final do II Festival de Cinema das Escolas Estaduais &#8211; Pr\u00eamio Joel Pizzini. Os curtas ser\u00e3o exibidos em 6 de setembro, das 13h \u00e0s 17h, no audit\u00f3rio do Bioparque Pantanal, em Campo Grande.<\/p>\n<p>Suped (Superintend\u00eancia de Pol\u00edticas Educacionais) e do Nuac (N\u00facleo de Arte e Cultura) s\u00e3o os departamentos da SED respons\u00e1veis por organizar o Festival, que tem como objetivo\u00a0se tornar um espa\u00e7o de forma\u00e7\u00e3o, cria\u00e7\u00e3o, e incentivo \u00e0 cultura e produ\u00e7\u00e3o audiovisual dos alunos matriculados na Rede Estadual de Ensino. Os curtas tivem como tema &#8216;Diversidade, Educa\u00e7\u00e3o e Inclus\u00e3o \u2013 A diferen\u00e7a nos enriquece, o respeito nos une&#8217;.<\/p>\n<p>O secret\u00e1rio de Estado de Educa\u00e7\u00e3o, H\u00e9lio Queiroz Daher, destaca a import\u00e2ncia de abordar a tem\u00e1tica da diversidade no festival como uma forma de refletir a riqueza e a pluralidade. &#8220;O festival de cinema desempenha um papel fundamental tanto para os alunos quanto para a comunidade escolar, proporcionando uma s\u00e9rie de benef\u00edcios educacionais, culturais e sociais. Al\u00e9m disso, discutir a diversidade no ambiente escolar ajuda a combater preconceitos e a promover uma cultura de paz&#8221;, pontua.<\/p>\n<p>Para o gestor do NUAC, professor doutor F\u00e1bio Germano da Silva, o festival da REE\/MS \u00e9 mais uma iniciativa de promover a educa\u00e7\u00e3o e a cultura no Estado dentro de uma perspectiva plural, \u201cal\u00e9m de promover a criatividade, revela talentos e a intera\u00e7\u00e3o entre os participantes ao ponto que se torna um espa\u00e7o para celebrar a diversidade e inclus\u00e3o, temas que est\u00e3o presentes e se fazem necess\u00e1rios no mundo contempor\u00e2neo. Um mundo melhor que tanto queremos come\u00e7a com o respeito e reconhecimento da diversidade em todo o seu contexto\u201d.<\/p>\n<p>Germano ainda pontua que o festival vem se destacando a cada edi\u00e7\u00e3o, consolidando-se como um importante espa\u00e7o para a valoriza\u00e7\u00e3o das produ\u00e7\u00f5es culturais de Mato Grosso do Sul e que a diversidade de talentos e a riqueza das express\u00f5es art\u00edsticas apresentadas no Festival refletem n\u00e3o apenas a criatividade local, mas tamb\u00e9m a capacidade de inova\u00e7\u00e3o e a busca por novas narrativas. \u00a0<\/p>\n<p>\u201cParabenizo todos os envolvidos e a comunidade escolar por incentivar a participa\u00e7\u00e3o dos alunos no festival de cinema! Essa iniciativa \u00e9 fundamental para promover a criatividade, a express\u00e3o art\u00edstica e o trabalho em equipe entre os jovens. O cinema \u00e9 uma poderosa ferramenta de aprendizado e uma forma incr\u00edvel de contar hist\u00f3rias e explorar diferentes perspectivas. Que essa experi\u00eancia enrique\u00e7a ainda mais o aprendizado e a paix\u00e3o dos alunos pela s\u00e9tima arte! \u201d, finaliza o professor.<\/p>\n<div id=\"gallery-1\" class=\"gallery galleryid-486437 gallery-columns-1 gallery-size-large\">\n<figure class=\"gallery-item\">\n<div class=\"gallery-icon landscape\"><\/div>\n<\/figure><\/div>\n<p><strong>Fases<\/strong><\/p>\n<p>A sele\u00e7\u00e3o dos curtas-metragens finalistas aconteceu no dia 5 de agosto, no Museu da Imagem e do Som, no 3\u00ba andar do pr\u00e9dio da FCMS, na avenida Fernando Correa da Costa, 559, centro de Campo Grande. Todos os trabalhos foram submetidos as regras e avali\u00e7\u00e3o do corpo de jurados, composto por profissionais renomados da \u00e1rea audiovisual sul-mato-grossense, Alexandre Sogabe, Carlos Diehl, Lisa Costa, Beatrice Sayd e Marcos Pierry.<\/p>\n<p>O produtor executivo da R\u00e1dio e TV Educativa Carlos Diehl, ressalta o crescimento e qualidade dos v\u00eddeos nessa segunda edi\u00e7\u00e3o, \u201cfico muito feliz de ver a evolu\u00e7\u00e3o dos trabalhos e a participa\u00e7\u00e3o de toda comunidade escolar nesse processo. \u00c9 realmente gratificante ter a oportunidade de participar pela segunda vez como jurado deste festival. A cada edi\u00e7\u00e3o, somos presenteados com hist\u00f3rias que tocam o cora\u00e7\u00e3o e refletem a diversidade. Cada filme traz uma nova perspectiva e nos lembra do poder do cinema em conectar pessoas e provocar reflex\u00f5es. Estou ansioso para ver como esses talentos continuar\u00e3o a se desenvolver e a impactar o p\u00fablico\u201d.<\/p>\n<p><strong>Cineasta Joel Pizzini<\/strong><\/p>\n<p>Joel Pizzini Filho nasceu Rio de Janeiro em 1960 e viveu um per\u00edodo de sua vida em Dourados, juntamente com a sua fam\u00edlia. Seu trabalho no cinema inclui dire\u00e7\u00e3o, roteiro, produ\u00e7\u00e3o e cinematografia. Realizou os filmes: \u00daltimo Trem (2014); Olho Nu (2012); Dormente (2005); 500 Almas (2004); Glauber Rocha (2004); realizado para a tv; Abry (2003); Enigma de um Dia (1996) e Caramujo-Flor (1988), dentre outros.<\/p>\n<p>Recebeu diversos pr\u00eamios por seus filmes, entre eles o Pr\u00eamio Glauber Rocha de melhor filme concedido pela Jornada Internacional de Cinema da Bahia (1997), por Enigma de um Dia, o Pr\u00eamio de Melhor Filme do Festival de Cinema de Bras\u00edlia, por 500 Almas (2004) e o pr\u00eamio de Melhor Document\u00e1rio Pr\u00eamio CPFL Energia, \u00c9 Tudo Verdade \u201cJanela para o Contempor\u00e2neo\u201d para Mr. Sganzerla \u2013 Os Signos da Luz (2012).<\/p>\n<p>Por t\u00e3o relevantes contribui\u00e7\u00f5es para a arte do cinema, a Secretaria de Estado de Educa\u00e7\u00e3o decidiu homenagear o cineasta Joel Pizzini, que al\u00e9m de sua importante produ\u00e7\u00e3o art\u00edstica, mant\u00e9m la\u00e7os estreitos com a cultura sul-mato-grossense.<\/p>\n<div id=\"gallery-2\" class=\"gallery galleryid-486437 gallery-columns-1 gallery-size-large\">\n<figure class=\"gallery-item\">\n<div class=\"gallery-icon landscape\"><\/div>\n<\/figure><\/div>\n<p><strong>Apoio<\/strong><\/p>\n<p>A realiza\u00e7\u00e3o do projeto \u00e9 da SED, por interm\u00e9dio da SUPED e do NUAC, conta com o apoio cultural da SETESC (Secretaria de Estado de Turismo, Esporte e Cultura), FCMS (Funda\u00e7\u00e3o de Cultura de Mato Grosso do Sul), da Fundesporte (Funda\u00e7\u00e3o de Desporto e Lazer de Mato Grosso do Sul), da Fadeb\/MS (Funda\u00e7\u00e3o de Apoio e Desenvolvimento \u00e0 Educa\u00e7\u00e3o B\u00e1sica de Mato Grosso do Sul), da Febafams (Federa\u00e7\u00e3o de Bandas e Fanfarras de Mato Grosso do Sul), MIS (Museu da Imagem e do Som), Bioparque Pantanal, Fertel (Funda\u00e7\u00e3o Estadual Jornalista Luiz Chagas de R\u00e1dio e TV Educativa de Mato Grosso do Sul) e Sanesul (Empresa de Saneamento de Mato Grosso do Sul).<\/p>\n<p><strong>Selecionados<\/strong><\/p>\n<p>Com mais de 30 curtas-metragens inscritos, o festival chega a final com 10 selecionados de v\u00e1rios mun\u00edcipios de MS, como: Dourados, Brasil\u00e2ndia, Rio Verde, Ivinhema, Nova Andradina e Campo Grande.<\/p>\n<p>Todos os dez concorrentes da fase final ir\u00e3o receber um trof\u00e9u e um certificado de participa\u00e7\u00e3o no Festival. Al\u00e9m disso, ser\u00e3o premiados os tr\u00eas melhores filmes, melhor fotografia e melhor roteiro.<\/p>\n<p>Conhe\u00e7a a lista dos 10 finalistas do II Festival de Cinema das Escolas Estaduais de MS\u2013 Pr\u00eamio Joel Pizzini:<\/p>\n<p><span style=\"color: #0000ff;\">CONFIRA OS 10 CURTAS METRAGENS FINALISTAS DO FESTIVAL DE CINEMA DAS ESCOLAS ESTADUAIS DE MS \u2013 PR\u00caMIO JOEL PIZZINI<\/span><\/p>\n<p><em>Adersino Junior, SED<br \/><\/em><em>Fotos: Arquivo NUAC<\/em><\/p>\n<\/div>\n","protected":false},"excerpt":{"rendered":"<p>Evento objetiva se tornar espa\u00e7o de forma\u00e7\u00e3o e incentivo \u00e0 cultura por meio da produ\u00e7\u00e3o audiovisual aos alunos da Rede<\/p>\n","protected":false},"author":1,"featured_media":0,"comment_status":"","ping_status":"","sticky":false,"template":"","format":"standard","meta":{"colormag_page_container_layout":"default_layout","colormag_page_sidebar_layout":"default_layout","footnotes":""},"categories":[1],"tags":[],"class_list":["post-30424","post","type-post","status-publish","format-standard","hentry","category-ejornais"],"aioseo_notices":[],"amp_enabled":true,"_links":{"self":[{"href":"https:\/\/ejornais.com.br\/index.php\/wp-json\/wp\/v2\/posts\/30424","targetHints":{"allow":["GET"]}}],"collection":[{"href":"https:\/\/ejornais.com.br\/index.php\/wp-json\/wp\/v2\/posts"}],"about":[{"href":"https:\/\/ejornais.com.br\/index.php\/wp-json\/wp\/v2\/types\/post"}],"author":[{"embeddable":true,"href":"https:\/\/ejornais.com.br\/index.php\/wp-json\/wp\/v2\/users\/1"}],"replies":[{"embeddable":true,"href":"https:\/\/ejornais.com.br\/index.php\/wp-json\/wp\/v2\/comments?post=30424"}],"version-history":[{"count":0,"href":"https:\/\/ejornais.com.br\/index.php\/wp-json\/wp\/v2\/posts\/30424\/revisions"}],"wp:attachment":[{"href":"https:\/\/ejornais.com.br\/index.php\/wp-json\/wp\/v2\/media?parent=30424"}],"wp:term":[{"taxonomy":"category","embeddable":true,"href":"https:\/\/ejornais.com.br\/index.php\/wp-json\/wp\/v2\/categories?post=30424"},{"taxonomy":"post_tag","embeddable":true,"href":"https:\/\/ejornais.com.br\/index.php\/wp-json\/wp\/v2\/tags?post=30424"}],"curies":[{"name":"wp","href":"https:\/\/api.w.org\/{rel}","templated":true}]}}