{"id":30495,"date":"2024-08-12T01:38:26","date_gmt":"2024-08-12T04:38:26","guid":{"rendered":"https:\/\/ejornais.com.br\/index.php\/2024\/08\/12\/boletim-acidente-aereo-em-vinhedo-09-08-15h15\/"},"modified":"2024-08-12T01:38:26","modified_gmt":"2024-08-12T04:38:26","slug":"boletim-acidente-aereo-em-vinhedo-09-08-15h15","status":"publish","type":"post","link":"https:\/\/ejornais.com.br\/index.php\/2024\/08\/12\/boletim-acidente-aereo-em-vinhedo-09-08-15h15\/","title":{"rendered":"Boletim \u2013 Acidente a\u00e9reo em Vinhedo \u2013 09\/08 \u2013 15h15"},"content":{"rendered":"<p><\/p>\n<div id=\"\">&#13;<br \/>\n                                <!-- Title -->&#13;<br \/>\n                                &#13;<br \/>\n&#13;<br \/>\n                                <!-- Excerpt -->&#13;<\/p>\n<p class=\"excerpt\">O Governo de SP informa que equipes da Defesa Civil do Estado e da Secretaria de Seguran\u00e7a P\u00fablica est\u00e3o mobilizadas no bairro de Capela, em Vinhedo (SP), para o atendimento [\u2026]<\/p>\n<p>&#13;<br \/>\n&#13;<br \/>\n                                &#13;\n                            <\/p><\/div>\n<div id=\"\">&#13;<\/p>\n<p>O Governo de SP informa que equipes da Defesa Civil do Estado e da Secretaria de Seguran\u00e7a P\u00fablica est\u00e3o mobilizadas no bairro de Capela, em Vinhedo (SP), para o atendimento de uma ocorr\u00eancia de queda de aeronave. O avi\u00e3o da Voepass Linhas A\u00e9reas saiu de Cascavel (PR) com destino a Guarulhos (SP) e transportava 62 pessoas, sendo quatro delas tripulantes. O Corpo de Bombeiros foi acionado por volta das 13h e, imediatamente, enviou sete equipes ao local.<\/p>\n<p>A Superintend\u00eancia da Pol\u00edcia T\u00e9cnico-Cient\u00edfica (SPTC), a Pol\u00edcia Civil e Militar est\u00e3o mobilizadas no resgate das v\u00edtimas. Equipes do Instituto M\u00e9dico Legal (IML) e os respons\u00e1veis pelo recolhimento de corpos tamb\u00e9m foram encaminhadas para refor\u00e7o nos trabalhos.<\/p>\n<p>As equipes do Hospital das Cl\u00ednicas da Unicamp e o Hospital Estadual de Sumar\u00e9 est\u00e3o preparadas para o atendimento de eventuais pacientes que forem encaminhados<\/p>\n<p>O governador Tarc\u00edsio de Freitas, que estava em Vit\u00f3ria (ES) para reuni\u00f5es do Cons\u00f3rcio de Integra\u00e7\u00e3o Sul e Sudeste (Cosud), est\u00e1 retornando para o estado de S\u00e3o Paulo e vai para o munic\u00edpio de Vinhedo acompanhar os trabalhos das equipes.<\/p>\n<p>Mais informa\u00e7\u00f5es ser\u00e3o divulgadas em breve.<\/p>\n<\/p><\/div>\n","protected":false},"excerpt":{"rendered":"<p>&#13; &#13; &#13; &#13; &#13; O Governo de SP informa que equipes da Defesa Civil do Estado e da Secretaria<\/p>\n","protected":false},"author":1,"featured_media":0,"comment_status":"","ping_status":"","sticky":false,"template":"","format":"standard","meta":{"colormag_page_container_layout":"default_layout","colormag_page_sidebar_layout":"default_layout","footnotes":""},"categories":[1],"tags":[],"class_list":["post-30495","post","type-post","status-publish","format-standard","hentry","category-ejornais"],"aioseo_notices":[],"amp_enabled":true,"_links":{"self":[{"href":"https:\/\/ejornais.com.br\/index.php\/wp-json\/wp\/v2\/posts\/30495","targetHints":{"allow":["GET"]}}],"collection":[{"href":"https:\/\/ejornais.com.br\/index.php\/wp-json\/wp\/v2\/posts"}],"about":[{"href":"https:\/\/ejornais.com.br\/index.php\/wp-json\/wp\/v2\/types\/post"}],"author":[{"embeddable":true,"href":"https:\/\/ejornais.com.br\/index.php\/wp-json\/wp\/v2\/users\/1"}],"replies":[{"embeddable":true,"href":"https:\/\/ejornais.com.br\/index.php\/wp-json\/wp\/v2\/comments?post=30495"}],"version-history":[{"count":0,"href":"https:\/\/ejornais.com.br\/index.php\/wp-json\/wp\/v2\/posts\/30495\/revisions"}],"wp:attachment":[{"href":"https:\/\/ejornais.com.br\/index.php\/wp-json\/wp\/v2\/media?parent=30495"}],"wp:term":[{"taxonomy":"category","embeddable":true,"href":"https:\/\/ejornais.com.br\/index.php\/wp-json\/wp\/v2\/categories?post=30495"},{"taxonomy":"post_tag","embeddable":true,"href":"https:\/\/ejornais.com.br\/index.php\/wp-json\/wp\/v2\/tags?post=30495"}],"curies":[{"name":"wp","href":"https:\/\/api.w.org\/{rel}","templated":true}]}}