{"id":30508,"date":"2024-08-12T12:50:23","date_gmt":"2024-08-12T15:50:23","guid":{"rendered":"https:\/\/ejornais.com.br\/index.php\/2024\/08\/12\/audiencia-publica-busca-aperfeicoar-programas-bolsa-atleta-e-bolsa-tecnico-em-ms-agencia-de-noticias-do-governo-de-mato-grosso-do-sul\/"},"modified":"2024-08-12T12:50:23","modified_gmt":"2024-08-12T15:50:23","slug":"audiencia-publica-busca-aperfeicoar-programas-bolsa-atleta-e-bolsa-tecnico-em-ms-agencia-de-noticias-do-governo-de-mato-grosso-do-sul","status":"publish","type":"post","link":"https:\/\/ejornais.com.br\/index.php\/2024\/08\/12\/audiencia-publica-busca-aperfeicoar-programas-bolsa-atleta-e-bolsa-tecnico-em-ms-agencia-de-noticias-do-governo-de-mato-grosso-do-sul\/","title":{"rendered":"Audi\u00eancia p\u00fablica busca aperfei\u00e7oar programas Bolsa Atleta e Bolsa T\u00e9cnico em MS \u2013 Ag\u00eancia de Noticias do Governo de Mato Grosso do Sul"},"content":{"rendered":"<p><\/p>\n<div>\n<p><span style=\"font-weight: 400\">Com o intuito de tornar o esporte mais inclusivo e acess\u00edvel, o Governo do Estado de Mato Grosso do Sul, por meio da Fundesporte (Funda\u00e7\u00e3o de Desporto e Lazer) e da Setesc (Secretaria de Estado de Turismo, Esporte e Cultura), promover\u00e1 audi\u00eancia p\u00fablica, nesta ter\u00e7a-feira (13), para discutir os programas Bolsa Atleta e Bolsa T\u00e9cnico.<\/span><\/p>\n<p><span style=\"font-weight: 400\">A consulta p\u00fablica foi estruturada em duas fases. Na primeira, os participantes responderam a um question\u00e1rio on-line, em que puderam identificar problemas e sugerir melhorias baseados na legisla\u00e7\u00e3o e na pr\u00e1tica dos programas. A segunda fase ocorre presencialmente nesta ter\u00e7a-feira (13), \u00e0s 14 horas, no Centro Cultural Jos\u00e9 Oct\u00e1vio Guizzo, em Campo Grande.<\/span><\/p>\n<p><span style=\"font-weight: 400\">O objetivo da audi\u00eancia \u00e9 coletar as demandas da comunidade esportiva para aprimorar e ajustar os programas Bolsa Atleta e Bolsa T\u00e9cnico. A iniciativa visa compreender sugest\u00f5es de altera\u00e7\u00f5es na legisla\u00e7\u00e3o, decretos e portarias, al\u00e9m de considerar a inclus\u00e3o de novos artigos que abordem aspectos ainda n\u00e3o contemplados ou revisem dispositivos existentes.<\/span><\/p>\n<p><span style=\"font-weight: 400\">&#8220;Com o Bolsa Atleta, percebemos claramente o compromisso do Governo do Estado em proporcionar reais oportunidades de crescimento e desenvolvimento aos nossos atletas. O programa n\u00e3o apenas oferece suporte financeiro, mas tamb\u00e9m fortalece a confian\u00e7a e determina\u00e7\u00e3o de cada atleta, permitindo-lhes focar no esporte com mais tranquilidade&#8221;, destaca o secret\u00e1rio de Estado de Turismo, Esporte e Cultura, Marcelo Miranda.<\/span><\/p>\n<p><span style=\"font-weight: 400\">Paulo Ricardo Nu\u00f1ez, diretor-presidente da Fundesporte, enfatiza a import\u00e2ncia da audi\u00eancia p\u00fablica para aproximar ainda mais a comunidade esportiva dos programas da funda\u00e7\u00e3o. \u201c\u00c9 fundamental recebermos o retorno direto dos atletas e t\u00e9cnicos que s\u00e3o beneficiados pelo aux\u00edlio, para que possamos estar atentos ao que deve ser aprimorado. O Bolsa Atleta e T\u00e9cnico \u00e9 um programa vital para a Fundesporte, e nossa inten\u00e7\u00e3o \u00e9 sempre buscar melhorias\u201d.<\/span><\/p>\n<p>Inscreva-se para a Audi\u00eancia P\u00fablica Presencial &#8211; Bolsa Atleta e Bolsa T\u00e9cnico no link.<\/p>\n<p><b>Servi\u00e7o<\/b><\/p>\n<ul>\n<li><span style=\"font-weight: 400\">Evento: Audi\u00eancia p\u00fablica sobre os programas Bolsa Atleta e T\u00e9cnico<\/span><\/li>\n<li><span style=\"font-weight: 400\">Data: 13 de agosto (ter\u00e7a-feira)<\/span><\/li>\n<li><span style=\"font-weight: 400\">Hor\u00e1rio: 14 horas<\/span><\/li>\n<li><span style=\"font-weight: 400\">Local: Centro Cultural Jos\u00e9 Oct\u00e1vio Guizzo &#8211; Rua 26 de Agosto, 453 &#8211; Centro &#8211; Campo Grande<\/span><\/li>\n<\/ul>\n<p><i><span style=\"font-weight: 400\">Bel Manvailer, Comunica\u00e7\u00e3o Setesc<br \/><\/span><\/i><i><span style=\"font-weight: 400\">Foto: Arquivo\/Fundesporte<\/span><\/i><\/p>\n<\/div>\n","protected":false},"excerpt":{"rendered":"<p>Com o intuito de tornar o esporte mais inclusivo e acess\u00edvel, o Governo do Estado de Mato Grosso do Sul,<\/p>\n","protected":false},"author":1,"featured_media":0,"comment_status":"","ping_status":"","sticky":false,"template":"","format":"standard","meta":{"colormag_page_container_layout":"default_layout","colormag_page_sidebar_layout":"default_layout","footnotes":""},"categories":[],"tags":[],"class_list":["post-30508","post","type-post","status-publish","format-standard","hentry"],"aioseo_notices":[],"amp_enabled":true,"_links":{"self":[{"href":"https:\/\/ejornais.com.br\/index.php\/wp-json\/wp\/v2\/posts\/30508","targetHints":{"allow":["GET"]}}],"collection":[{"href":"https:\/\/ejornais.com.br\/index.php\/wp-json\/wp\/v2\/posts"}],"about":[{"href":"https:\/\/ejornais.com.br\/index.php\/wp-json\/wp\/v2\/types\/post"}],"author":[{"embeddable":true,"href":"https:\/\/ejornais.com.br\/index.php\/wp-json\/wp\/v2\/users\/1"}],"replies":[{"embeddable":true,"href":"https:\/\/ejornais.com.br\/index.php\/wp-json\/wp\/v2\/comments?post=30508"}],"version-history":[{"count":0,"href":"https:\/\/ejornais.com.br\/index.php\/wp-json\/wp\/v2\/posts\/30508\/revisions"}],"wp:attachment":[{"href":"https:\/\/ejornais.com.br\/index.php\/wp-json\/wp\/v2\/media?parent=30508"}],"wp:term":[{"taxonomy":"category","embeddable":true,"href":"https:\/\/ejornais.com.br\/index.php\/wp-json\/wp\/v2\/categories?post=30508"},{"taxonomy":"post_tag","embeddable":true,"href":"https:\/\/ejornais.com.br\/index.php\/wp-json\/wp\/v2\/tags?post=30508"}],"curies":[{"name":"wp","href":"https:\/\/api.w.org\/{rel}","templated":true}]}}