{"id":30773,"date":"2024-08-17T13:03:26","date_gmt":"2024-08-17T16:03:26","guid":{"rendered":"https:\/\/ejornais.com.br\/index.php\/2024\/08\/17\/agencia-minas-gerais-promocao-do-carnaval-e-da-cozinha-mineira-marcam-acoes-do-governo-do-estado-no-primeiro-dia-da-travel-next-minas\/"},"modified":"2024-08-17T13:03:26","modified_gmt":"2024-08-17T16:03:26","slug":"agencia-minas-gerais-promocao-do-carnaval-e-da-cozinha-mineira-marcam-acoes-do-governo-do-estado-no-primeiro-dia-da-travel-next-minas","status":"publish","type":"post","link":"https:\/\/ejornais.com.br\/index.php\/2024\/08\/17\/agencia-minas-gerais-promocao-do-carnaval-e-da-cozinha-mineira-marcam-acoes-do-governo-do-estado-no-primeiro-dia-da-travel-next-minas\/","title":{"rendered":"Ag\u00eancia Minas Gerais | Promo\u00e7\u00e3o do Carnaval e da Cozinha Mineira marcam a\u00e7\u00f5es do Governo do Estado no primeiro dia da Travel Next Minas"},"content":{"rendered":"<p><\/p>\n<div>\n<p><figure class=\"image\" style=\"float:left\">&#13;<figcaption><sub><em>Leo Bicalho \/ Secult<\/em><\/sub><\/figcaption>&#13;<br \/>\n<\/figure>\n<p>&#13;<br \/>\n&#13;\n<\/p>\n<p>A promo\u00e7\u00e3o do Carnaval da Liberdade 2025, da Cozinha Mineira e de rotas tur\u00edsticas deram o tom, nessa sexta-feira (16\/8), da participa\u00e7\u00e3o do Governo do Estado no primeiro dia da Travel Next Minas, feira nacional de turismo que acontece no Expominas, em Belo Horizonte.<\/p>\n<p>A expectativa \u00e9 que, at\u00e9 este s\u00e1bado (17\/8), no encerramento do evento, cerca de 5 mil profissionais do turismo passem pelo centro de exposi\u00e7\u00f5es na capital mineira.<\/p>\n<p>A\u00e7\u00f5es do Governo de Minas, por meio da Secretaria de Estado de Cultura e Turismo (Secult-MG), em parceria com a Companhia de Desenvolvimento de Minas Gerais (Codemge), foram realizadas em diferentes espa\u00e7os da Travel Next.<\/p>\n<p>Al\u00e9m do estande, o Audit\u00f3rio Mineiridade, o Palco da Liberdade e a feira \u201cMeu Neg\u00f3cio \u00e9 Carnaval\u201d, promovida em parceria com o Sebrae Minas, receberam uma programa\u00e7\u00e3o que incluiu rodadas de neg\u00f3cios, palestras, Cozinha Show e apresenta\u00e7\u00e3o de rotas tur\u00edsticas.<\/p>\n<p>Neste s\u00e1bado, o Governo de Minas segue com rodadas de neg\u00f3cios e a\u00e7\u00f5es de promo\u00e7\u00e3o e capacita\u00e7\u00e3o no espa\u00e7o dedicado ao Carnaval. A Cozinha Mineira continua sendo protagonista e rotas tur\u00edsticas ser\u00e3o apresentadas aos profissionais do turismo.<\/p>\n<p>Representantes de diversas Inst\u00e2ncias de Governan\u00e7a Regionais (IGRs) e expositores tamb\u00e9m estar\u00e3o no Expominas neste segundo e \u00faltimo dia do evento.<\/p>\n<p>\u201cA Travel Next faz a transversalidade entre a ind\u00fastria do turismo e a ind\u00fastria da cultura. O evento tamb\u00e9m traz o Carnaval, entendido como neg\u00f3cio criativo, e a cadeia produtiva do turismo conectados para trazermos desenvolvimento e renda para as pessoas\u201d, disse o secret\u00e1rio de Estado de Cultura e Turismo de Minas Gerais, Le\u00f4nidas de Oliveira, na abertura oficial do evento.<\/p>\n<p>\u201cTudo isso contribui para que Minas Gerais esteja, h\u00e1 dois anos, segundo dados do IBGE, na lideran\u00e7a do crescimento da atividade tur\u00edstica no Brasil\u201d, ressaltou.<\/p>\n<p>\u201cMinas Gerais \u00e9 sin\u00f4nimo de autenticidade. Temos a certeza de que estamos no caminho certo e entregamos um evento 100% maior (que em 2023) em v\u00e1rios indicadores, estamos falando de espa\u00e7o ocupado, marcas expositoras, de estandes e do total de fluxo de visitantes\u201d, ressaltou Rubia Coser, diretora e idealizadora da Travel Next Minas.<\/p>\n<p><strong>Folia e Cozinha Mineira<\/strong><\/p>\n<p>O Carnaval da Liberdade, o Carnaval da Tranquilidade e o Carnaval das Cidades Hist\u00f3ricas foram destaques da feira \u201cMeu Neg\u00f3cio \u00e9 Carnaval\u201d, que reuniu l\u00edderes e representantes de blocos, ligas, associa\u00e7\u00f5es e escolas de samba de Minas Gerais.<\/p>\n<p>A programa\u00e7\u00e3o contou com o lan\u00e7amento de um edital in\u00e9dito da Cemig para o pr\u00e9-Carnaval, destinado a a\u00e7\u00f5es de forma\u00e7\u00e3o, como cursos e oficinas para qualificar ainda mais a folia mineira.<\/p>\n<p>No valor de R$ 4 milh\u00f5es, o edital j\u00e1 dispon\u00edvel no site da Cemig. As inscri\u00e7\u00f5es come\u00e7ar\u00e3o na segunda-feira (19\/8) e seguem at\u00e9 23h59 do dia 10\/10\/2024. O p\u00fablico tamb\u00e9m conferiu as palestras \u201cEdital na Pr\u00e1tica\u201d, realizada pela equipe de fomento da Secult-MG, e \u201cComo Promover Grandes Eventos de Carnaval\u201d.<\/p>\n<p>O espa\u00e7o dedicado \u00e0 Cozinha Mineira ressaltou, com receitas preparadas na hora pelos chefs convidados, a tradi\u00e7\u00e3o e a contemporaneidade da culin\u00e1ria do estado.<\/p>\n<p>Sinval Esp\u00edrito Santo apresentou o \u201cMilhoN\u00e1rio\u201d, baseado numa farofa de milho salteado na manteiga de garrafa, com farinha de milho torrado e lingui\u00e7a \u201catropelada\u201d no melado.<\/p>\n<p>Marlon S\u00e9rgio serviu uma costeleta defumada glaceada com molho teriyaki de jabuticaba, sobre polenta de milho verde, servida com chips de mandioca, farofa crocante de bacon, panco, ora-pro-nobis e queijo coalho.<\/p>\n<p>Nhoque frito de tapioca e Queijo Minas curado, carne de sol e caldo de galinha caipira com p\u00e9 de porco foi a receita preparada por Caetano Sobrinho.<\/p>\n<p>O tradicional rocambole de Lagoa Dourada e uma harmoniza\u00e7\u00e3o de vinhos mineiros com Luis Porto, sommelier e propriet\u00e1rio da Vin\u00edcola Luiz Porto, de Tiradentes, tamb\u00e9m fizeram parte da programa\u00e7\u00e3o.<\/p>\n<p>\u00a0<\/p>\n<p style=\"text-align:center\">&#13;<br \/>\n<sub><em>Leo Bicalho \/ Secult<\/em><\/sub><\/p>\n<p><strong>Rotas tur\u00edsticas<\/strong><\/p>\n<p>No Audit\u00f3rio Mineiridade, destaque para as apresenta\u00e7\u00f5es da Rota Caminhos Franciscanos, trecho de peregrina\u00e7\u00e3o que come\u00e7a na Igreja de S\u00e3o Francisco de Assis, em Te\u00f3filo Otoni, e termina na Igreja de Nossa Senhora dos Anjos, em Itambacuri, no Vale do Mucuri, e da Cordilheira do Espinha\u00e7o como novo destino do turismo de natureza no Brasil.<\/p>\n<p>O pr\u00e9-lan\u00e7amento do Circuito de Cicloturismo Vales dos Tropeiros, que abrange os munic\u00edpios de Tim\u00f3teo, Marli\u00e9ria, Dion\u00edsio, S\u00e3o Domingos do Prata e Ant\u00f4nio Dias em seus 196 quil\u00f4metros de extens\u00e3o, foi outra atra\u00e7\u00e3o do espa\u00e7o.<\/p>\n<p>O Descobrindo a Cacha\u00e7a D&#8217;Alambique, evento que acontece entre 11 e 15\/9 no Mercado de Origem, em BH, tamb\u00e9m teve seu pr\u00e9-lan\u00e7amento nesta sexta-feira com a participa\u00e7\u00e3o do secret\u00e1rio Le\u00f4nidas de Oliveira e da secret\u00e1ria adjunta de Comunica\u00e7\u00e3o de Minas Gerais, B\u00e1rbara Botega.<\/p>\n<\/p><\/div>\n","protected":false},"excerpt":{"rendered":"<p>&#13;Leo Bicalho \/ Secult&#13; &#13; &#13; A promo\u00e7\u00e3o do Carnaval da Liberdade 2025, da Cozinha Mineira e de rotas tur\u00edsticas<\/p>\n","protected":false},"author":1,"featured_media":0,"comment_status":"","ping_status":"","sticky":false,"template":"","format":"standard","meta":{"colormag_page_container_layout":"default_layout","colormag_page_sidebar_layout":"default_layout","footnotes":""},"categories":[1],"tags":[],"class_list":["post-30773","post","type-post","status-publish","format-standard","hentry","category-ejornais"],"aioseo_notices":[],"amp_enabled":true,"_links":{"self":[{"href":"https:\/\/ejornais.com.br\/index.php\/wp-json\/wp\/v2\/posts\/30773","targetHints":{"allow":["GET"]}}],"collection":[{"href":"https:\/\/ejornais.com.br\/index.php\/wp-json\/wp\/v2\/posts"}],"about":[{"href":"https:\/\/ejornais.com.br\/index.php\/wp-json\/wp\/v2\/types\/post"}],"author":[{"embeddable":true,"href":"https:\/\/ejornais.com.br\/index.php\/wp-json\/wp\/v2\/users\/1"}],"replies":[{"embeddable":true,"href":"https:\/\/ejornais.com.br\/index.php\/wp-json\/wp\/v2\/comments?post=30773"}],"version-history":[{"count":0,"href":"https:\/\/ejornais.com.br\/index.php\/wp-json\/wp\/v2\/posts\/30773\/revisions"}],"wp:attachment":[{"href":"https:\/\/ejornais.com.br\/index.php\/wp-json\/wp\/v2\/media?parent=30773"}],"wp:term":[{"taxonomy":"category","embeddable":true,"href":"https:\/\/ejornais.com.br\/index.php\/wp-json\/wp\/v2\/categories?post=30773"},{"taxonomy":"post_tag","embeddable":true,"href":"https:\/\/ejornais.com.br\/index.php\/wp-json\/wp\/v2\/tags?post=30773"}],"curies":[{"name":"wp","href":"https:\/\/api.w.org\/{rel}","templated":true}]}}