{"id":30845,"date":"2024-08-19T16:20:20","date_gmt":"2024-08-19T19:20:20","guid":{"rendered":"https:\/\/ejornais.com.br\/index.php\/2024\/08\/19\/dof-completa-37-anos-em-celebracao-com-destaque-para-investimento-permanente-do-governo-de-ms\/"},"modified":"2024-08-19T16:20:20","modified_gmt":"2024-08-19T19:20:20","slug":"dof-completa-37-anos-em-celebracao-com-destaque-para-investimento-permanente-do-governo-de-ms","status":"publish","type":"post","link":"https:\/\/ejornais.com.br\/index.php\/2024\/08\/19\/dof-completa-37-anos-em-celebracao-com-destaque-para-investimento-permanente-do-governo-de-ms\/","title":{"rendered":"DOF completa 37 anos em celebra\u00e7\u00e3o com destaque para investimento permanente do Governo de MS"},"content":{"rendered":"<p><\/p>\n<div>\n<p>Trinta e sete anos de presen\u00e7a efetiva e a\u00e7\u00f5es voltadas a garantia da seguran\u00e7a na faixa de fronteira com o Paraguai e a Bol\u00edvia. Este \u00e9 o DOF (Departamento de Opera\u00e7\u00f5es de Fronteira), um importante bra\u00e7o da seguran\u00e7a p\u00fablica de Mato Grosso do Sul e que completa 37 anos com uma cerim\u00f4nia em Dourados, onde foram entregues medalhas de reconhecimento e destacado o investimento cont\u00ednuo do Governo do Estado no setor.<\/p>\n<p>Presente no evento, o governador Eduardo Riedel foi um dos homenageados na manh\u00e3 desta segunda-feira (29), recebendo a outorga da medalha \u00c1guia da Fronteira. Criado em 1987, o DOF atualmente estende suas a\u00e7\u00f5es h\u00e1 53 munic\u00edpios de Mato Grosso do Sul. \u00a0<\/p>\n<p>&#8220;Uma das principais a\u00e7\u00f5es em for\u00e7as de seguran\u00e7a \u00e9 o investimento. Para que haja integra\u00e7\u00e3o e inova\u00e7\u00e3o sempre presentes, tem que ter investimento permanente. A base, os equipamentos, al\u00e9m do hangar com a aeronave, viaturas, comunica\u00e7\u00e3o e toda a parte de intelig\u00eancia que o DOF tem usado para fazer esse combate ao crime transfronteri\u00e7o, faz toda a diferen\u00e7a&#8221;, frisa Riedel.<\/p>\n<p>O governador ainda completa afirmando que s\u00e3o mais de 1,6 mil quil\u00f4metros de fronteira seca e com rios no Estado, estando o DOF presente em todas essas regi\u00f5es.<\/p>\n<p>&#8220;Estamos chamando mais efetivo agora. S\u00e3o 540 policiais militares que v\u00e3o integrar tamb\u00e9m os quadros do DOF. \u00c9 dessa maneira que a gente vai fortalecer a institui\u00e7\u00e3o, e com essa atua\u00e7\u00e3o a gente chega aos excelentes \u00edndices de apreens\u00e3o, com capacidade de enfrentamento, e principalmente de preven\u00e7\u00e3o&#8221;, comenta Eduardo Riedel, que prossegue a fala.<\/p>\n<p>&#8220;Quando apreende droga aqui n\u00f3s estamos evitando o crescimento do crime organizado, principalmente na Sudeste do Brasil &#8211; Rio, S\u00e3o Paulo, Minas. Ent\u00e3o o DOF \u00e9 uma pol\u00edcia importante n\u00e3o s\u00f3 para Mato Grosso do Sul, mas para todo o Brasil&#8221;, conclui.<\/p>\n<p>Inicialmente chamado Policiamento Especializado de Fronteira, o DOF come\u00e7ou com meros 16 policiais civis e militares, um contraponto ao que hoje ela representa, sendo uma das unidades policiais mais bem equipadas e treinadas de todo o pa\u00eds.<\/p>\n<p>&#8220;Em oito anos foram mais de R$ 3 bilh\u00f5es investidos na seguran\u00e7a p\u00fablica com a aquisi\u00e7\u00e3o de equipamentos de ponta, do melhor que se tem no mundo. E tudo isso n\u00f3s fazemos porque sabemos da import\u00e2ncia do Mato Grosso do Sul no cen\u00e1rio nacional&#8221;, explica o secret\u00e1rio de Estado de Justi\u00e7a e Seguran\u00e7a P\u00fablica (Sejusp), Antonio Carlos Videira.<\/p>\n<p>Para melhorar a atua\u00e7\u00e3o em toda a extens\u00e3o de fronteira com o Paraguai e a Bol\u00edvia, o Governo do Estado investiu R$ 32 milh\u00f5es em um helic\u00f3ptero, modelo esquilo, que fica baseado no DOF.<\/p>\n<p>A aeronave \u00e9 equipada com ponto de calor &#8211; tecnologia moderna no segmento da avia\u00e7\u00e3o e que permite identificar suspeitos durante \u00e0 noite, dentro e fora de matas -, com autonomia de voo de 800 km e capacidade para at\u00e9 seis passageiros, al\u00e9m de dois tripulantes. O helic\u00f3ptero tamb\u00e9m tem farol de busca para a\u00e7\u00f5es noturnas e equipamentos para resgate aerom\u00e9dico.<\/p>\n<p>Fora isso, o DOF j\u00e1 promove a seguran\u00e7a da popula\u00e7\u00e3o de Mato Grosso do Sul que vive na faixa de fronteira, com presen\u00e7a efetiva nos 888 km de fronteiras fluviais e 722,7 km de fronteira seca entre Brasil e Paraguai no territ\u00f3rio sul-mato-grossense, abrangendo uma extensa \u00e1rea rural.<\/p>\n<p>Desde setembro de 2022, o DOF est\u00e1 em um novo pr\u00e9dio \u2013 que recebeu o nome de &#8216;Coronel Adib Massad&#8217; em homenagem ao ex-diretor do Departamento, falecido em mar\u00e7o de 2021, aos 91 anos de idade \u2013 que tamb\u00e9m abriga a Defron (Delegacia Especializada de Crimes de Fronteira) e uma base da CGPA (Coordenadoria-Geral de Policiamento A\u00e9reo).<\/p>\n<p><strong>Homenagens<\/strong><\/p>\n<p>Para comemorar os 37 anos do DOF, foi realizada a homenagem \u00e0s autoridades civis e militares que prestaram relevantes servi\u00e7os e que contribu\u00edram para o aperfei\u00e7oamento e proje\u00e7\u00e3o do Departamento. A primeira outorga aconteceu na comemora\u00e7\u00e3o dos 15 anos da institui\u00e7\u00e3o policial, se repetindo anualmente e se tornando uma tradi\u00e7\u00e3o.<\/p>\n<p>Entre os condecorados est\u00e3o o secret\u00e1rio de Estado de Seguran\u00e7a P\u00fablica de S\u00e3o Paulo, Guilherme Derrite, al\u00e9m da secret\u00e1ria de Cidadania de Mato Grosso do Sul, Viviane Luiza, e o secret\u00e1rio de Esporte, Turismo e Cultura, Marcelo Miranda. Tamb\u00e9m participaram da solenidade o vice-governador Jos\u00e9 Carlos Barbosa, o Barbosinha, o secret\u00e1rio da Casa Civil, Eduardo Rocha, e o comandante do DOF, coronel Wilmar Fernandes.<\/p>\n<p><em>Natalia Yahn, Comunica\u00e7\u00e3o Governo de MS<\/em><br \/><em>Fotos: Saul Schramm<\/em><\/p>\n<\/div>\n","protected":false},"excerpt":{"rendered":"<p>Trinta e sete anos de presen\u00e7a efetiva e a\u00e7\u00f5es voltadas a garantia da seguran\u00e7a na faixa de fronteira com o<\/p>\n","protected":false},"author":1,"featured_media":0,"comment_status":"","ping_status":"","sticky":false,"template":"","format":"standard","meta":{"colormag_page_container_layout":"default_layout","colormag_page_sidebar_layout":"default_layout","footnotes":""},"categories":[],"tags":[],"class_list":["post-30845","post","type-post","status-publish","format-standard","hentry"],"aioseo_notices":[],"amp_enabled":true,"_links":{"self":[{"href":"https:\/\/ejornais.com.br\/index.php\/wp-json\/wp\/v2\/posts\/30845","targetHints":{"allow":["GET"]}}],"collection":[{"href":"https:\/\/ejornais.com.br\/index.php\/wp-json\/wp\/v2\/posts"}],"about":[{"href":"https:\/\/ejornais.com.br\/index.php\/wp-json\/wp\/v2\/types\/post"}],"author":[{"embeddable":true,"href":"https:\/\/ejornais.com.br\/index.php\/wp-json\/wp\/v2\/users\/1"}],"replies":[{"embeddable":true,"href":"https:\/\/ejornais.com.br\/index.php\/wp-json\/wp\/v2\/comments?post=30845"}],"version-history":[{"count":0,"href":"https:\/\/ejornais.com.br\/index.php\/wp-json\/wp\/v2\/posts\/30845\/revisions"}],"wp:attachment":[{"href":"https:\/\/ejornais.com.br\/index.php\/wp-json\/wp\/v2\/media?parent=30845"}],"wp:term":[{"taxonomy":"category","embeddable":true,"href":"https:\/\/ejornais.com.br\/index.php\/wp-json\/wp\/v2\/categories?post=30845"},{"taxonomy":"post_tag","embeddable":true,"href":"https:\/\/ejornais.com.br\/index.php\/wp-json\/wp\/v2\/tags?post=30845"}],"curies":[{"name":"wp","href":"https:\/\/api.w.org\/{rel}","templated":true}]}}