{"id":30987,"date":"2024-08-22T11:50:02","date_gmt":"2024-08-22T14:50:02","guid":{"rendered":"https:\/\/ejornais.com.br\/index.php\/2024\/08\/22\/comeca-o-festival-de-inverno-de-bonito-2024-com-inumeras-atracoes-para-todos-os-gostos-agencia-de-noticias-do-governo-de-mato-grosso-do-sul\/"},"modified":"2024-08-22T11:50:02","modified_gmt":"2024-08-22T14:50:02","slug":"comeca-o-festival-de-inverno-de-bonito-2024-com-inumeras-atracoes-para-todos-os-gostos-agencia-de-noticias-do-governo-de-mato-grosso-do-sul","status":"publish","type":"post","link":"https:\/\/ejornais.com.br\/index.php\/2024\/08\/22\/comeca-o-festival-de-inverno-de-bonito-2024-com-inumeras-atracoes-para-todos-os-gostos-agencia-de-noticias-do-governo-de-mato-grosso-do-sul\/","title":{"rendered":"Come\u00e7a o Festival de Inverno de Bonito 2024, com in\u00fameras atra\u00e7\u00f5es para todos os gostos \u2013 Ag\u00eancia de Noticias do Governo de Mato Grosso do Sul"},"content":{"rendered":"<p><\/p>\n<div>\n<p>Com 83 horas de arte e cultura e 57 atra\u00e7\u00f5es para toda a fam\u00edlia, o Festival de Inverno de Bonito 2024 come\u00e7ou oficialmente nesta quarta-feira (21). Entre as novidades deste ano est\u00e1 a inclus\u00e3o da Catedral Erudita &#8211; sucesso ano passado no Festival Am\u00e9rica do Sul, tamb\u00e9m realizado pelo Governo do Estado de Mato Grosso do Sul.<\/p>\n<p>Lan\u00e7ado na \u00faltima edi\u00e7\u00e3o do Festival de Inverno, o Bonitinho, com shows e atividades para as crian\u00e7as, continua para a alegria tamb\u00e9m das mam\u00e3es e papais. Outros destaques s\u00e3o a Gastronomia, com uma Cozinha Show, a participa\u00e7\u00e3o cada vez maior de artistas regionais, e a acessibilidade, com int\u00e9rprete de libras e espa\u00e7os reservados para pessoas com mobilidade reduzida. Isso tudo sem contar que Bonito \u00e9 o 1\u2070 destino carbono neutro do mundo.<\/p>\n<p>At\u00e9 domingo (25), o munic\u00edpio de 23 mil habitantes, conhecido pelas belezas tur\u00edsticas, vai receber 30 oficinas, seis exposi\u00e7\u00f5es, 11 conta\u00e7\u00f5es de hist\u00f3ria, 16 shows ou concertos,sete palestras, sete interven\u00e7\u00f5es art\u00edsticas e dois campeonatos de games, al\u00e9m das atividades na Galeria de Artes Visuais e na Tenda dos Saberes. Tudo de gra\u00e7a.<\/p>\n<div id=\"gallery-1\" class=\"gallery galleryid-487849 gallery-columns-2 gallery-size-large\">\n<figure class=\"gallery-item\">\n<div class=\"gallery-icon landscape\"><\/div>\n<\/figure>\n<figure class=\"gallery-item\">\n<div class=\"gallery-icon landscape\"><\/div>\n<\/figure><\/div>\n<p style=\"text-align: center;\"><em>Cortejo e cerim\u00f4nia com Isabel Fillardis, pela campanha #TodasPorElas, marcaram o in\u00edcio oficial<\/em><\/p>\n<p>Neste ano, o tema do Festival de Inverno \u00e9 &#8216;Na terra viva, nossa arte vibra&#8217;. \u00c9 vibra\u00e7\u00e3o n\u00e3o falta. A cerim\u00f4nia de abertura, por exemplo, teve bal\u00e9, bal\u00e9 a\u00e9reo, cortejo com muita m\u00fasica do grupo BojoMal\u00ea, de Campo Grande, e muita energia.<\/p>\n<p>No palco Sol, o secret\u00e1rio Marcelo Miranda (Turismo, Esporte e Cultura) destacou que o festival foi constru\u00eddo para valorizar as riquezas da nossa popula\u00e7\u00e3o. &#8220;Foi feito com muito amor, pensando em voc\u00eas, pensando em valorizar a nossa cultura, valorizar as nossas ra\u00edzes, gerar renda para a popula\u00e7\u00e3o e, principalmente, utilizar o festival como um produto para gera\u00e7\u00e3o de fluxo tur\u00edstico&#8221;.<\/p>\n<p>Marcelo Miranda lembrou tamb\u00e9m que, pela primeira vez, atendendo reivindica\u00e7\u00e3o do trade tur\u00edstico, a programa\u00e7\u00e3o nacional foi definida com quatro meses de anteced\u00eancia para poder ser divulgada em uma das maiores feiras de turismo da Am\u00e9rica Latina.<\/p>\n<div id=\"gallery-3\" class=\"gallery galleryid-487849 gallery-columns-2 gallery-size-large\">\n<figure class=\"gallery-item\">\n<div class=\"gallery-icon landscape\"><\/div>\n<\/figure>\n<figure class=\"gallery-item\">\n<div class=\"gallery-icon landscape\"><\/div>\n<\/figure><\/div>\n<p style=\"text-align: center;\"><em>Decora\u00e7\u00f5es enfeitam o Festival e, junto \u00e0s atra\u00e7\u00f5es culturais, encantam o p\u00fablico em Bonito<\/em><\/p>\n<p>E o diretor-presidente da Funda\u00e7\u00e3o de Cultura de Mato Grosso do Sul, Eduardo Mendes, agradeceu o &#8220;ex\u00e9rcito&#8221; de colaboradores, que trabalham para fazer o festival. &#8220;Estamos tentando trazer toda a caracter\u00edstica do governador Eduardo Riedel, trazendo inova\u00e7\u00e3o, um festival verde, um festival sustent\u00e1vel e um festival que possa proporcionar a melhor alegria a todos voc\u00eas (&#8230;) Que todos tenham uma \u00f3tima divers\u00e3o e aproveitem muito o Festival de Inverno de Bonito&#8221;.<\/p>\n<p>Para o diretor de Cultura de Bonito, Lelo Marchi, o festival tomou propor\u00e7\u00f5es jamais vistas. &#8220;Eu n\u00e3o sei voc\u00eas, mas eu t\u00f4 amando! O Festival esse ano est\u00e1 com cara de festival gigante e isso \u00e9 gra\u00e7as a voc\u00eas. Obrigado ao Governo do Estado! (\u2026) Voc\u00ea que \u00e9 daqui da nossa cidade, espero que sejam cinco dias de muita divers\u00e3o e de muita alegria. A cultura est\u00e1 de volta e ela vai permanecer&#8221;, finalizou.<\/p>\n<p><em>Paulo Fernandes, Festival de Inverno de Bonito<\/em><br \/><em>Foto de capa: \u00c1lvaro Rezende\/FIB-24<br \/>Galeria 1: Marith\u00ea do C\u00e9u\/FIB-24<br \/>Galeria 2: \u00c1lvaro Rezende\/FIB-24<\/em><\/p>\n<\/div>\n","protected":false},"excerpt":{"rendered":"<p>Com 83 horas de arte e cultura e 57 atra\u00e7\u00f5es para toda a fam\u00edlia, o Festival de Inverno de Bonito<\/p>\n","protected":false},"author":1,"featured_media":0,"comment_status":"","ping_status":"","sticky":false,"template":"","format":"standard","meta":{"colormag_page_container_layout":"default_layout","colormag_page_sidebar_layout":"default_layout","footnotes":""},"categories":[],"tags":[],"class_list":["post-30987","post","type-post","status-publish","format-standard","hentry"],"aioseo_notices":[],"amp_enabled":true,"_links":{"self":[{"href":"https:\/\/ejornais.com.br\/index.php\/wp-json\/wp\/v2\/posts\/30987","targetHints":{"allow":["GET"]}}],"collection":[{"href":"https:\/\/ejornais.com.br\/index.php\/wp-json\/wp\/v2\/posts"}],"about":[{"href":"https:\/\/ejornais.com.br\/index.php\/wp-json\/wp\/v2\/types\/post"}],"author":[{"embeddable":true,"href":"https:\/\/ejornais.com.br\/index.php\/wp-json\/wp\/v2\/users\/1"}],"replies":[{"embeddable":true,"href":"https:\/\/ejornais.com.br\/index.php\/wp-json\/wp\/v2\/comments?post=30987"}],"version-history":[{"count":0,"href":"https:\/\/ejornais.com.br\/index.php\/wp-json\/wp\/v2\/posts\/30987\/revisions"}],"wp:attachment":[{"href":"https:\/\/ejornais.com.br\/index.php\/wp-json\/wp\/v2\/media?parent=30987"}],"wp:term":[{"taxonomy":"category","embeddable":true,"href":"https:\/\/ejornais.com.br\/index.php\/wp-json\/wp\/v2\/categories?post=30987"},{"taxonomy":"post_tag","embeddable":true,"href":"https:\/\/ejornais.com.br\/index.php\/wp-json\/wp\/v2\/tags?post=30987"}],"curies":[{"name":"wp","href":"https:\/\/api.w.org\/{rel}","templated":true}]}}