{"id":31000,"date":"2024-08-22T18:09:34","date_gmt":"2024-08-22T21:09:34","guid":{"rendered":"https:\/\/ejornais.com.br\/index.php\/2024\/08\/22\/governo-leva-internet-gratuita-para-praca-da-liberdade-durante-o-festival-de-inverno-de-bonito-agencia-de-noticias-do-governo-de-mato-grosso-do-sul\/"},"modified":"2024-08-22T18:09:34","modified_gmt":"2024-08-22T21:09:34","slug":"governo-leva-internet-gratuita-para-praca-da-liberdade-durante-o-festival-de-inverno-de-bonito-agencia-de-noticias-do-governo-de-mato-grosso-do-sul","status":"publish","type":"post","link":"https:\/\/ejornais.com.br\/index.php\/2024\/08\/22\/governo-leva-internet-gratuita-para-praca-da-liberdade-durante-o-festival-de-inverno-de-bonito-agencia-de-noticias-do-governo-de-mato-grosso-do-sul\/","title":{"rendered":"Governo leva internet gratuita para Pra\u00e7a da Liberdade durante o Festival de Inverno de Bonito \u2013 Ag\u00eancia de Noticias do Governo de Mato Grosso do Sul"},"content":{"rendered":"<p><\/p>\n<div>\n<p>Na Capital do Ecoturismo, sinal de internet foi problema por muito tempo para quem queria postar do celular as fotos dos passeios. Isso est\u00e1 mudando. Durante o Festival de Inverno de Bonito, a Pra\u00e7a da Liberdade, no centro do munic\u00edpio, ganhou uma internet de alta velocidade, gratuita.<\/p>\n<p>Para usar, basta fazer um cadastro r\u00e1pido e simples, precisando informar apenas nome completo, telefone e e-mail. Quem testou, aprovou. \u00c9 o caso do int\u00e9rprete de libras Marcos F\u00e1bio. \u201cO sinal t\u00e1 perfeito pr\u00f3ximo ao t\u00f3tem. \u201c\u00c0s vezes ele pede pra voc\u00ea fazer o login novamente, mas assim, quanto \u00e0 qualidade do sinal est\u00e1 perfeito. Voc\u00ea entra no Instagram, Facebook, no WhatsApp tranquilamente. Perfeito\u201d, contou.<\/p>\n<p>E vale lembrar: mesmo com o fim do Festival, o servi\u00e7o vai continuar dispon\u00edvel para quem quiser. Maria Rosa, moradora de Bonito, aproveitou para acessar o TikTok. \u201cO cadastro foi bem simples. Pede e-mail, nome completo, telefone, a\u00ed foi bem r\u00e1pido. E a internet est\u00e1 funcionando bem. Est\u00e1 entrando todos os aplicativos bem. No TikTok, o mais pesado, abriu rapidinho\u201d, disse. Ela afirmou ainda que a internet oferecida pelas operadoras de telefonia s\u00e3o muito lentas na cidade, da\u00ed a import\u00e2ncia da rede p\u00fablica de wi-fi.<\/p>\n<div id=\"gallery-1\" class=\"gallery galleryid-488008 gallery-columns-2 gallery-size-large\">\n<figure class=\"gallery-item\">\n<div class=\"gallery-icon landscape\"><\/div>\n<\/figure>\n<figure class=\"gallery-item\">\n<div class=\"gallery-icon landscape\"><\/div>\n<\/figure><\/div>\n<p>A internet gratuita na pra\u00e7a, que \u00e9 palco de v\u00e1rias atra\u00e7\u00f5es do Festival de Inverno, \u00e9 resultado da PPP (Parceria P\u00fablico-Privada) chamada de Infovia Digital, que consiste na presta\u00e7\u00e3o de servi\u00e7os de transporte de voz, dados e imagem, mediante constru\u00e7\u00e3o, opera\u00e7\u00e3o e manuten\u00e7\u00e3o de infraestrutura de rede de fibra \u00f3ptica de alta capacidade, interligando os 79 munic\u00edpios do Estado de Mato Grosso do Sul e todos os equipamentos das unidades p\u00fablicas estaduais, al\u00e9m de oferecer wi-fi gratuito em pra\u00e7as p\u00fablicas.<\/p>\n<p>A popula\u00e7\u00e3o que vai ser beneficiada com a Infovia Digital \u00e9 de 1,7 milh\u00e3o de habitantes. A PPP engloba a implanta\u00e7\u00e3o de 6.950 Km de fibra \u00f3ptica; fornecimento de 15.000 equipamentos para ramais IP; disponibiliza\u00e7\u00e3o de wi-fi gratuito para 119 pra\u00e7as p\u00fablicas; e 1.500 pontos de acesso nos 79 munic\u00edpios de Mato Grosso do Sul, atendendo todos os \u00f3rg\u00e3os e entidades do Poder Executivo: secretarias, autarquias e funda\u00e7\u00f5es, escolas e universidades estaduais, ag\u00eancias fazend\u00e1rias, hospitais regionais, estabelecimentos penais, delegacias de pol\u00edcia, defensorias p\u00fablicas e procuradorias do Estado.<\/p>\n<p>Entre os benef\u00edcios do projeto est\u00e3o maior comunica\u00e7\u00e3o entre as unidades do Governo do Estado mediante aumento da velocidade de transmiss\u00e3o de dados de 4MBps para 30MBps; amplia\u00e7\u00e3o da capacidade total de transmiss\u00e3o de dados de 4Gbps para 215 Gbps; redund\u00e2ncia da rede em, no m\u00ednimo, 50 munic\u00edpios, evitando que o rompimento da rede comprometa a continuidade dos servi\u00e7os; redu\u00e7\u00e3o significativa dos custos proporcionais de servi\u00e7os de telecomunica\u00e7\u00f5es; e expans\u00e3o da capacidade da rede para suportar implanta\u00e7\u00e3o de servi\u00e7os de alta demanda de banda como videomonitoramento, diagn\u00f3stico de imagens m\u00e9dicas e ensino a dist\u00e2ncia.<\/p>\n<div id=\"gallery-2\" class=\"gallery galleryid-488008 gallery-columns-2 gallery-size-large\">\n<figure class=\"gallery-item\">\n<div class=\"gallery-icon landscape\"><\/div>\n<\/figure>\n<figure class=\"gallery-item\">\n<div class=\"gallery-icon landscape\"><\/div>\n<\/figure><\/div>\n<p><em>Paulo Fernandes, Festival de Inverno de Bonito<br \/><\/em><em>Fotos: \u00c1lvaro Rezende<\/em><\/p>\n<\/div>\n","protected":false},"excerpt":{"rendered":"<p>Na Capital do Ecoturismo, sinal de internet foi problema por muito tempo para quem queria postar do celular as fotos<\/p>\n","protected":false},"author":1,"featured_media":0,"comment_status":"","ping_status":"","sticky":false,"template":"","format":"standard","meta":{"colormag_page_container_layout":"default_layout","colormag_page_sidebar_layout":"default_layout","footnotes":""},"categories":[],"tags":[],"class_list":["post-31000","post","type-post","status-publish","format-standard","hentry"],"aioseo_notices":[],"aioseo_head":"\n\t\t<!-- All in One SEO 5.0.1.1 - aioseo.com -->\n\t<meta name=\"description\" content=\"Na Capital do Ecoturismo, sinal de internet foi problema por muito tempo para quem queria postar do celular as fotos dos passeios. Isso est\u00e1 mudando. Durante o Festival de Inverno de Bonito, a Pra\u00e7a da Liberdade, no centro do munic\u00edpio, ganhou uma internet de alta velocidade, gratuita. Para usar, basta fazer um cadastro r\u00e1pido e\" \/>\n\t<meta name=\"robots\" content=\"max-image-preview:large\" \/>\n\t<link rel=\"canonical\" href=\"https:\/\/ejornais.com.br\/index.php\/2024\/08\/22\/governo-leva-internet-gratuita-para-praca-da-liberdade-durante-o-festival-de-inverno-de-bonito-agencia-de-noticias-do-governo-de-mato-grosso-do-sul\/\" \/>\n\t<meta name=\"generator\" content=\"All in One SEO (AIOSEO) 5.0.1.1\" \/>\n\t\t<meta property=\"og:locale\" content=\"pt_BR\" \/>\n\t\t<meta property=\"og:site_name\" content=\"eJornais - Cat\u00e1logo de Jornais no mundo, Not\u00edcias, Blog e Esportes ao vivo\" \/>\n\t\t<meta property=\"og:type\" content=\"article\" \/>\n\t\t<meta property=\"og:title\" content=\"Governo leva internet gratuita para Pra\u00e7a da Liberdade durante o Festival de Inverno de Bonito \u2013 Ag\u00eancia de Noticias do Governo de Mato Grosso do Sul - eJornais\" \/>\n\t\t<meta property=\"og:description\" content=\"Na Capital do Ecoturismo, sinal de internet foi problema por muito tempo para quem queria postar do celular as fotos dos passeios. Isso est\u00e1 mudando. Durante o Festival de Inverno de Bonito, a Pra\u00e7a da Liberdade, no centro do munic\u00edpio, ganhou uma internet de alta velocidade, gratuita. Para usar, basta fazer um cadastro r\u00e1pido e\" \/>\n\t\t<meta property=\"og:url\" content=\"https:\/\/ejornais.com.br\/index.php\/2024\/08\/22\/governo-leva-internet-gratuita-para-praca-da-liberdade-durante-o-festival-de-inverno-de-bonito-agencia-de-noticias-do-governo-de-mato-grosso-do-sul\/\" \/>\n\t\t<meta property=\"article:published_time\" content=\"2024-08-22T21:09:34+00:00\" \/>\n\t\t<meta property=\"article:modified_time\" content=\"2024-08-22T21:09:34+00:00\" \/>\n\t\t<meta name=\"twitter:card\" content=\"summary_large_image\" \/>\n\t\t<meta name=\"twitter:title\" content=\"Governo leva internet gratuita para Pra\u00e7a da Liberdade durante o Festival de Inverno de Bonito \u2013 Ag\u00eancia de Noticias do Governo de Mato Grosso do Sul - eJornais\" \/>\n\t\t<meta name=\"twitter:description\" content=\"Na Capital do Ecoturismo, sinal de internet foi problema por muito tempo para quem queria postar do celular as fotos dos passeios. Isso est\u00e1 mudando. Durante o Festival de Inverno de Bonito, a Pra\u00e7a da Liberdade, no centro do munic\u00edpio, ganhou uma internet de alta velocidade, gratuita. Para usar, basta fazer um cadastro r\u00e1pido e\" \/>\n\t\t<script type=\"application\/ld+json\" class=\"aioseo-schema\">\n\t\t\t{\"@context\":\"https:\\\/\\\/schema.org\",\"@graph\":[{\"@type\":\"BlogPosting\",\"@id\":\"https:\\\/\\\/ejornais.com.br\\\/index.php\\\/2024\\\/08\\\/22\\\/governo-leva-internet-gratuita-para-praca-da-liberdade-durante-o-festival-de-inverno-de-bonito-agencia-de-noticias-do-governo-de-mato-grosso-do-sul\\\/#blogposting\",\"name\":\"Governo leva internet gratuita para Pra\\u00e7a da Liberdade durante o Festival de Inverno de Bonito \\u2013 Ag\\u00eancia de Noticias do Governo de Mato Grosso do Sul - eJornais\",\"headline\":\"Governo leva internet gratuita para Pra\\u00e7a da Liberdade durante o Festival de Inverno de Bonito \\u2013 Ag\\u00eancia de Noticias do Governo de Mato Grosso do Sul\",\"author\":{\"@id\":\"https:\\\/\\\/ejornais.com.br\\\/index.php\\\/author\\\/#author\"},\"publisher\":{\"@id\":\"https:\\\/\\\/ejornais.com.br\\\/#organization\"},\"datePublished\":\"2024-08-22T18:09:34-03:00\",\"dateModified\":\"2024-08-22T18:09:34-03:00\",\"inLanguage\":\"pt-BR\",\"mainEntityOfPage\":{\"@id\":\"https:\\\/\\\/ejornais.com.br\\\/index.php\\\/2024\\\/08\\\/22\\\/governo-leva-internet-gratuita-para-praca-da-liberdade-durante-o-festival-de-inverno-de-bonito-agencia-de-noticias-do-governo-de-mato-grosso-do-sul\\\/#webpage\"},\"isPartOf\":{\"@id\":\"https:\\\/\\\/ejornais.com.br\\\/index.php\\\/2024\\\/08\\\/22\\\/governo-leva-internet-gratuita-para-praca-da-liberdade-durante-o-festival-de-inverno-de-bonito-agencia-de-noticias-do-governo-de-mato-grosso-do-sul\\\/#webpage\"}},{\"@type\":\"BreadcrumbList\",\"@id\":\"https:\\\/\\\/ejornais.com.br\\\/index.php\\\/2024\\\/08\\\/22\\\/governo-leva-internet-gratuita-para-praca-da-liberdade-durante-o-festival-de-inverno-de-bonito-agencia-de-noticias-do-governo-de-mato-grosso-do-sul\\\/#breadcrumblist\",\"itemListElement\":[{\"@type\":\"ListItem\",\"@id\":\"https:\\\/\\\/ejornais.com.br#listItem\",\"position\":1,\"name\":\"In\\u00edcio\",\"item\":\"https:\\\/\\\/ejornais.com.br\",\"nextItem\":{\"@type\":\"ListItem\",\"@id\":\"https:\\\/\\\/ejornais.com.br\\\/index.php\\\/2024\\\/08\\\/22\\\/governo-leva-internet-gratuita-para-praca-da-liberdade-durante-o-festival-de-inverno-de-bonito-agencia-de-noticias-do-governo-de-mato-grosso-do-sul\\\/#listItem\",\"name\":\"Governo leva internet gratuita para Pra\\u00e7a da Liberdade durante o Festival de Inverno de Bonito \\u2013 Ag\\u00eancia de Noticias do Governo de Mato Grosso do Sul\"}},{\"@type\":\"ListItem\",\"@id\":\"https:\\\/\\\/ejornais.com.br\\\/index.php\\\/2024\\\/08\\\/22\\\/governo-leva-internet-gratuita-para-praca-da-liberdade-durante-o-festival-de-inverno-de-bonito-agencia-de-noticias-do-governo-de-mato-grosso-do-sul\\\/#listItem\",\"position\":2,\"name\":\"Governo leva internet gratuita para Pra\\u00e7a da Liberdade durante o Festival de Inverno de Bonito \\u2013 Ag\\u00eancia de Noticias do Governo de Mato Grosso do Sul\",\"previousItem\":{\"@type\":\"ListItem\",\"@id\":\"https:\\\/\\\/ejornais.com.br#listItem\",\"name\":\"In\\u00edcio\"}}]},{\"@type\":\"Organization\",\"@id\":\"https:\\\/\\\/ejornais.com.br\\\/#organization\",\"name\":\"eJornais\",\"description\":\"Cat\\u00e1logo de Jornais no mundo, Not\\u00edcias, Blog e Esportes ao vivo\",\"url\":\"https:\\\/\\\/ejornais.com.br\\\/\"},{\"@type\":\"Person\",\"@id\":\"https:\\\/\\\/ejornais.com.br\\\/index.php\\\/author\\\/#author\",\"url\":\"https:\\\/\\\/ejornais.com.br\\\/index.php\\\/author\\\/\"},{\"@type\":\"WebPage\",\"@id\":\"https:\\\/\\\/ejornais.com.br\\\/index.php\\\/2024\\\/08\\\/22\\\/governo-leva-internet-gratuita-para-praca-da-liberdade-durante-o-festival-de-inverno-de-bonito-agencia-de-noticias-do-governo-de-mato-grosso-do-sul\\\/#webpage\",\"url\":\"https:\\\/\\\/ejornais.com.br\\\/index.php\\\/2024\\\/08\\\/22\\\/governo-leva-internet-gratuita-para-praca-da-liberdade-durante-o-festival-de-inverno-de-bonito-agencia-de-noticias-do-governo-de-mato-grosso-do-sul\\\/\",\"name\":\"Governo leva internet gratuita para Pra\\u00e7a da Liberdade durante o Festival de Inverno de Bonito \\u2013 Ag\\u00eancia de Noticias do Governo de Mato Grosso do Sul - eJornais\",\"description\":\"Na Capital do Ecoturismo, sinal de internet foi problema por muito tempo para quem queria postar do celular as fotos dos passeios. Isso est\\u00e1 mudando. Durante o Festival de Inverno de Bonito, a Pra\\u00e7a da Liberdade, no centro do munic\\u00edpio, ganhou uma internet de alta velocidade, gratuita. Para usar, basta fazer um cadastro r\\u00e1pido e\",\"inLanguage\":\"pt-BR\",\"isPartOf\":{\"@id\":\"https:\\\/\\\/ejornais.com.br\\\/#website\"},\"breadcrumb\":{\"@id\":\"https:\\\/\\\/ejornais.com.br\\\/index.php\\\/2024\\\/08\\\/22\\\/governo-leva-internet-gratuita-para-praca-da-liberdade-durante-o-festival-de-inverno-de-bonito-agencia-de-noticias-do-governo-de-mato-grosso-do-sul\\\/#breadcrumblist\"},\"author\":{\"@id\":\"https:\\\/\\\/ejornais.com.br\\\/index.php\\\/author\\\/#author\"},\"creator\":{\"@id\":\"https:\\\/\\\/ejornais.com.br\\\/index.php\\\/author\\\/#author\"},\"datePublished\":\"2024-08-22T18:09:34-03:00\",\"dateModified\":\"2024-08-22T18:09:34-03:00\"},{\"@type\":\"WebSite\",\"@id\":\"https:\\\/\\\/ejornais.com.br\\\/#website\",\"url\":\"https:\\\/\\\/ejornais.com.br\\\/\",\"name\":\"eJornais\",\"description\":\"Cat\\u00e1logo de Jornais no mundo, Not\\u00edcias, Blog e Esportes ao vivo\",\"inLanguage\":\"pt-BR\",\"publisher\":{\"@id\":\"https:\\\/\\\/ejornais.com.br\\\/#organization\"}}]}\n\t\t<\/script>\n\t\t<!-- All in One SEO -->\n\n","aioseo_head_json":{"title":"Governo leva internet gratuita para Pra\u00e7a da Liberdade durante o Festival de Inverno de Bonito \u2013 Ag\u00eancia de Noticias do Governo de Mato Grosso do Sul - eJornais","description":"Na Capital do Ecoturismo, sinal de internet foi problema por muito tempo para quem queria postar do celular as fotos dos passeios. Isso est\u00e1 mudando. Durante o Festival de Inverno de Bonito, a Pra\u00e7a da Liberdade, no centro do munic\u00edpio, ganhou uma internet de alta velocidade, gratuita. Para usar, basta fazer um cadastro r\u00e1pido e","canonical_url":"https:\/\/ejornais.com.br\/index.php\/2024\/08\/22\/governo-leva-internet-gratuita-para-praca-da-liberdade-durante-o-festival-de-inverno-de-bonito-agencia-de-noticias-do-governo-de-mato-grosso-do-sul\/","robots":"max-image-preview:large","keywords":"","webmasterTools":{"miscellaneous":""},"schema":{"@context":"https:\/\/schema.org","@graph":[{"@type":"BlogPosting","@id":"https:\/\/ejornais.com.br\/index.php\/2024\/08\/22\/governo-leva-internet-gratuita-para-praca-da-liberdade-durante-o-festival-de-inverno-de-bonito-agencia-de-noticias-do-governo-de-mato-grosso-do-sul\/#blogposting","name":"Governo leva internet gratuita para Pra\u00e7a da Liberdade durante o Festival de Inverno de Bonito \u2013 Ag\u00eancia de Noticias do Governo de Mato Grosso do Sul - eJornais","headline":"Governo leva internet gratuita para Pra\u00e7a da Liberdade durante o Festival de Inverno de Bonito \u2013 Ag\u00eancia de Noticias do Governo de Mato Grosso do Sul","author":{"@id":"https:\/\/ejornais.com.br\/index.php\/author\/#author"},"publisher":{"@id":"https:\/\/ejornais.com.br\/#organization"},"datePublished":"2024-08-22T18:09:34-03:00","dateModified":"2024-08-22T18:09:34-03:00","inLanguage":"pt-BR","mainEntityOfPage":{"@id":"https:\/\/ejornais.com.br\/index.php\/2024\/08\/22\/governo-leva-internet-gratuita-para-praca-da-liberdade-durante-o-festival-de-inverno-de-bonito-agencia-de-noticias-do-governo-de-mato-grosso-do-sul\/#webpage"},"isPartOf":{"@id":"https:\/\/ejornais.com.br\/index.php\/2024\/08\/22\/governo-leva-internet-gratuita-para-praca-da-liberdade-durante-o-festival-de-inverno-de-bonito-agencia-de-noticias-do-governo-de-mato-grosso-do-sul\/#webpage"}},{"@type":"BreadcrumbList","@id":"https:\/\/ejornais.com.br\/index.php\/2024\/08\/22\/governo-leva-internet-gratuita-para-praca-da-liberdade-durante-o-festival-de-inverno-de-bonito-agencia-de-noticias-do-governo-de-mato-grosso-do-sul\/#breadcrumblist","itemListElement":[{"@type":"ListItem","@id":"https:\/\/ejornais.com.br#listItem","position":1,"name":"In\u00edcio","item":"https:\/\/ejornais.com.br","nextItem":{"@type":"ListItem","@id":"https:\/\/ejornais.com.br\/index.php\/2024\/08\/22\/governo-leva-internet-gratuita-para-praca-da-liberdade-durante-o-festival-de-inverno-de-bonito-agencia-de-noticias-do-governo-de-mato-grosso-do-sul\/#listItem","name":"Governo leva internet gratuita para Pra\u00e7a da Liberdade durante o Festival de Inverno de Bonito \u2013 Ag\u00eancia de Noticias do Governo de Mato Grosso do Sul"}},{"@type":"ListItem","@id":"https:\/\/ejornais.com.br\/index.php\/2024\/08\/22\/governo-leva-internet-gratuita-para-praca-da-liberdade-durante-o-festival-de-inverno-de-bonito-agencia-de-noticias-do-governo-de-mato-grosso-do-sul\/#listItem","position":2,"name":"Governo leva internet gratuita para Pra\u00e7a da Liberdade durante o Festival de Inverno de Bonito \u2013 Ag\u00eancia de Noticias do Governo de Mato Grosso do Sul","previousItem":{"@type":"ListItem","@id":"https:\/\/ejornais.com.br#listItem","name":"In\u00edcio"}}]},{"@type":"Organization","@id":"https:\/\/ejornais.com.br\/#organization","name":"eJornais","description":"Cat\u00e1logo de Jornais no mundo, Not\u00edcias, Blog e Esportes ao vivo","url":"https:\/\/ejornais.com.br\/"},{"@type":"Person","@id":"https:\/\/ejornais.com.br\/index.php\/author\/#author","url":"https:\/\/ejornais.com.br\/index.php\/author\/"},{"@type":"WebPage","@id":"https:\/\/ejornais.com.br\/index.php\/2024\/08\/22\/governo-leva-internet-gratuita-para-praca-da-liberdade-durante-o-festival-de-inverno-de-bonito-agencia-de-noticias-do-governo-de-mato-grosso-do-sul\/#webpage","url":"https:\/\/ejornais.com.br\/index.php\/2024\/08\/22\/governo-leva-internet-gratuita-para-praca-da-liberdade-durante-o-festival-de-inverno-de-bonito-agencia-de-noticias-do-governo-de-mato-grosso-do-sul\/","name":"Governo leva internet gratuita para Pra\u00e7a da Liberdade durante o Festival de Inverno de Bonito \u2013 Ag\u00eancia de Noticias do Governo de Mato Grosso do Sul - eJornais","description":"Na Capital do Ecoturismo, sinal de internet foi problema por muito tempo para quem queria postar do celular as fotos dos passeios. Isso est\u00e1 mudando. Durante o Festival de Inverno de Bonito, a Pra\u00e7a da Liberdade, no centro do munic\u00edpio, ganhou uma internet de alta velocidade, gratuita. Para usar, basta fazer um cadastro r\u00e1pido e","inLanguage":"pt-BR","isPartOf":{"@id":"https:\/\/ejornais.com.br\/#website"},"breadcrumb":{"@id":"https:\/\/ejornais.com.br\/index.php\/2024\/08\/22\/governo-leva-internet-gratuita-para-praca-da-liberdade-durante-o-festival-de-inverno-de-bonito-agencia-de-noticias-do-governo-de-mato-grosso-do-sul\/#breadcrumblist"},"author":{"@id":"https:\/\/ejornais.com.br\/index.php\/author\/#author"},"creator":{"@id":"https:\/\/ejornais.com.br\/index.php\/author\/#author"},"datePublished":"2024-08-22T18:09:34-03:00","dateModified":"2024-08-22T18:09:34-03:00"},{"@type":"WebSite","@id":"https:\/\/ejornais.com.br\/#website","url":"https:\/\/ejornais.com.br\/","name":"eJornais","description":"Cat\u00e1logo de Jornais no mundo, Not\u00edcias, Blog e Esportes ao vivo","inLanguage":"pt-BR","publisher":{"@id":"https:\/\/ejornais.com.br\/#organization"}}]},"og:locale":"pt_BR","og:site_name":"eJornais - Cat\u00e1logo de Jornais no mundo, Not\u00edcias, Blog e Esportes ao vivo","og:type":"article","og:title":"Governo leva internet gratuita para Pra\u00e7a da Liberdade durante o Festival de Inverno de Bonito \u2013 Ag\u00eancia de Noticias do Governo de Mato Grosso do Sul - eJornais","og:description":"Na Capital do Ecoturismo, sinal de internet foi problema por muito tempo para quem queria postar do celular as fotos dos passeios. Isso est\u00e1 mudando. Durante o Festival de Inverno de Bonito, a Pra\u00e7a da Liberdade, no centro do munic\u00edpio, ganhou uma internet de alta velocidade, gratuita. Para usar, basta fazer um cadastro r\u00e1pido e","og:url":"https:\/\/ejornais.com.br\/index.php\/2024\/08\/22\/governo-leva-internet-gratuita-para-praca-da-liberdade-durante-o-festival-de-inverno-de-bonito-agencia-de-noticias-do-governo-de-mato-grosso-do-sul\/","article:published_time":"2024-08-22T21:09:34+00:00","article:modified_time":"2024-08-22T21:09:34+00:00","twitter:card":"summary_large_image","twitter:title":"Governo leva internet gratuita para Pra\u00e7a da Liberdade durante o Festival de Inverno de Bonito \u2013 Ag\u00eancia de Noticias do Governo de Mato Grosso do Sul - eJornais","twitter:description":"Na Capital do Ecoturismo, sinal de internet foi problema por muito tempo para quem queria postar do celular as fotos dos passeios. Isso est\u00e1 mudando. Durante o Festival de Inverno de Bonito, a Pra\u00e7a da Liberdade, no centro do munic\u00edpio, ganhou uma internet de alta velocidade, gratuita. Para usar, basta fazer um cadastro r\u00e1pido e"},"aioseo_meta_data":{"post_id":"31000","title":null,"description":null,"keywords":null,"keyphrases":null,"primary_term":null,"canonical_url":null,"og_title":null,"og_description":null,"og_object_type":"default","og_image_type":"default","og_image_url":null,"og_image_width":null,"og_image_height":null,"og_image_custom_url":null,"og_image_custom_fields":null,"og_video":null,"og_custom_url":null,"og_article_section":null,"og_article_tags":null,"twitter_use_og":false,"twitter_card":"default","twitter_image_type":"default","twitter_image_url":null,"twitter_image_custom_url":null,"twitter_image_custom_fields":null,"twitter_title":null,"twitter_description":null,"schema":{"blockGraphs":[],"customGraphs":[],"default":{"data":{"Article":[],"Course":[],"Dataset":[],"FAQPage":[],"Movie":[],"Person":[],"Product":[],"ProductReview":[],"Car":[],"Recipe":[],"Service":[],"SoftwareApplication":[],"WebPage":[]},"graphName":"","isEnabled":true},"graphs":[]},"schema_type":"default","schema_type_options":null,"pillar_content":false,"robots_default":true,"robots_noindex":false,"robots_noarchive":false,"robots_nosnippet":false,"robots_nofollow":false,"robots_noimageindex":false,"robots_noodp":false,"robots_notranslate":false,"robots_max_snippet":null,"robots_max_videopreview":null,"robots_max_imagepreview":"large","priority":null,"frequency":null,"local_seo":null,"breadcrumb_settings":null,"limit_modified_date":false,"ai":null,"created":"2024-08-22 21:19:34","updated":"2025-06-05 21:35:37","seo_analyzer_scan_date":null,"focus_keyword":null,"additional_keywords":null,"truseo_locale":null},"aioseo_breadcrumb":"<div class=\"aioseo-breadcrumbs\"><span class=\"aioseo-breadcrumb\">\n\t\t\t<a href=\"https:\/\/ejornais.com.br\" title=\"In\u00edcio\">In\u00edcio<\/a>\n\t\t<\/span><span class=\"aioseo-breadcrumb-separator\">&raquo;<\/span><span class=\"aioseo-breadcrumb\">\n\t\t\tGoverno leva internet gratuita para Pra\u00e7a da Liberdade durante o Festival de Inverno de Bonito \u2013 Ag\u00eancia de Noticias do Governo de Mato Grosso do Sul\n\t\t<\/span><\/div>","aioseo_breadcrumb_json":[{"label":"In\u00edcio","link":"https:\/\/ejornais.com.br"},{"label":"Governo leva internet gratuita para Pra\u00e7a da Liberdade durante o Festival de Inverno de Bonito \u2013 Ag\u00eancia de Noticias do Governo de Mato Grosso do Sul","link":"https:\/\/ejornais.com.br\/index.php\/2024\/08\/22\/governo-leva-internet-gratuita-para-praca-da-liberdade-durante-o-festival-de-inverno-de-bonito-agencia-de-noticias-do-governo-de-mato-grosso-do-sul\/"}],"amp_enabled":true,"_links":{"self":[{"href":"https:\/\/ejornais.com.br\/index.php\/wp-json\/wp\/v2\/posts\/31000","targetHints":{"allow":["GET"]}}],"collection":[{"href":"https:\/\/ejornais.com.br\/index.php\/wp-json\/wp\/v2\/posts"}],"about":[{"href":"https:\/\/ejornais.com.br\/index.php\/wp-json\/wp\/v2\/types\/post"}],"author":[{"embeddable":true,"href":"https:\/\/ejornais.com.br\/index.php\/wp-json\/wp\/v2\/users\/1"}],"replies":[{"embeddable":true,"href":"https:\/\/ejornais.com.br\/index.php\/wp-json\/wp\/v2\/comments?post=31000"}],"version-history":[{"count":0,"href":"https:\/\/ejornais.com.br\/index.php\/wp-json\/wp\/v2\/posts\/31000\/revisions"}],"wp:attachment":[{"href":"https:\/\/ejornais.com.br\/index.php\/wp-json\/wp\/v2\/media?parent=31000"}],"wp:term":[{"taxonomy":"category","embeddable":true,"href":"https:\/\/ejornais.com.br\/index.php\/wp-json\/wp\/v2\/categories?post=31000"},{"taxonomy":"post_tag","embeddable":true,"href":"https:\/\/ejornais.com.br\/index.php\/wp-json\/wp\/v2\/tags?post=31000"}],"curies":[{"name":"wp","href":"https:\/\/api.w.org\/{rel}","templated":true}]}}