{"id":31023,"date":"2024-08-23T11:54:20","date_gmt":"2024-08-23T14:54:20","guid":{"rendered":"https:\/\/ejornais.com.br\/index.php\/2024\/08\/23\/agencia-minas-gerais-minas-apresenta-experiencias-em-aprimoramento-de-processos-e-servicos-publicos-no-13o-congresso-consad-de-gestao-publica\/"},"modified":"2024-08-23T11:54:20","modified_gmt":"2024-08-23T14:54:20","slug":"agencia-minas-gerais-minas-apresenta-experiencias-em-aprimoramento-de-processos-e-servicos-publicos-no-13o-congresso-consad-de-gestao-publica","status":"publish","type":"post","link":"https:\/\/ejornais.com.br\/index.php\/2024\/08\/23\/agencia-minas-gerais-minas-apresenta-experiencias-em-aprimoramento-de-processos-e-servicos-publicos-no-13o-congresso-consad-de-gestao-publica\/","title":{"rendered":"Ag\u00eancia Minas Gerais | Minas apresenta experi\u00eancias em aprimoramento de processos e servi\u00e7os p\u00fablicos no 13\u00ba Congresso Consad de Gest\u00e3o P\u00fablica"},"content":{"rendered":"<p><\/p>\n<div>\n<section class=\"news-related \/ col-md-4 col-lg-3 \/ margin-md-bottom-2 margin-left-1 \/ pull-right \/ hidden-xs hidden-sm\">\n<header>\n<p class=\"text-title-section \/ margin-bottom-1\">Relacionadas<\/p>\n<\/header>\n<p>\t\t\t\t\t\t\t<main><\/p>\n<hr class=\"row margin-md-bottom-2\"\/>\n<hr class=\"row margin-md-bottom-2\"\/>\n\t\t\t\t\t\t\t<\/main><br \/>\n\t\t\t\t\t\t<\/section>\n<p>Os desafios e experi\u00eancias em gest\u00e3o p\u00fablica foram apresentados pelo Governo de Minas, por meio\u00a0da Secretaria de Estado de Planejamento e Gest\u00e3o (Seplag-MG), durante o 13\u00ba Congresso de Gest\u00e3o P\u00fablica do Conselho Nacional de Secret\u00e1rios de Estado da Administra\u00e7\u00e3o (Consad), realizado em Bras\u00edlia entre os dias 20 e 22\/8.<\/p>\n<p>A secret\u00e1ria de Estado Camila Neves abordou, entre outros temas, o projeto Automatiza.MG, que recebeu o Pr\u00eamio Excel\u00eancia em Competividade no evento. Na apresenta\u00e7\u00e3o, realizada no Painel Rede CLP: Senso de Contribui\u00e7\u00e3o e Legado ao Pa\u00eds, ela relatou as experi\u00eancias em gest\u00e3o p\u00fablica, como surgiu e foi desenvolvido o Automatiza.MG.<\/p>\n<p>\u201cTivemos a ideia de criar o Automatiza.MG ap\u00f3s v\u00e1rias sugest\u00f5es dos nossos servidores. O projeto foi pensado e criado juntamente com quem o usaria na ponta, para que o servidor entendesse os benef\u00edcios que isso traria. Outro sucesso do Automatiza.MG \u00e9 a equipe envolvida, que sempre buscou se aprimorar cada vez mais e entregar um bom projeto\u201d, afirmou Camila Neves.<\/p>\n<p>O projeto otimiza o tempo gasto por servidores em tarefas cotidianas, utilizando tecnologia e solu\u00e7\u00f5es de intelig\u00eancia artificial para automatizar essas atividades repetitivas, possibilitando ao servidor usar seu tempo para tarefas mais estrat\u00e9gicas.<\/p>\n<p>O Automatiza.MG come\u00e7ou a ser executado no segundo semestre de 2023 e, desde ent\u00e3o, j\u00e1 criou 46 rob\u00f4s para serem usados pelos servidores. A iniciativa reduziu em mais de 1,3 mil horas mensais o tempo necess\u00e1rio para a realiza\u00e7\u00e3o de processos que foram aprimorados.<\/p>\n<p><strong>Gest\u00e3o<\/strong><\/p>\n<p>Al\u00e9m do Autotamiza.MG, a Seplag-MG levou a esta \u00faltima edi\u00e7\u00e3o do Congresso diversos outros projetos e trabalhos, com representantes de todas as subsecretarias, que foram tamb\u00e9m reconhecidos e premiados. O evento \u00e9 uma oportunidade para os servidores mineiros mostrarem suas iniciativas e trocarem experi\u00eancias com outros Estados da federa\u00e7\u00e3o.<\/p>\n<p>Alguns dos trabalhos apresentados foram sobre Otimiza\u00e7\u00e3o de recursos com o compartilhamento de im\u00f3veis estaduais; Preven\u00e7\u00e3o e enfrentamento ao ass\u00e9dio moral e gest\u00e3o de pessoas; Aplica\u00e7\u00e3o de big data para tornar o uso de dados mais eficiente; e Implementa\u00e7\u00e3o de ChatBot GPT para atendimento ao cidad\u00e3o.<\/p>\n<p><strong>Congresso Consad<\/strong><\/p>\n<p>Entre os dias 20 e 22\/8, o 13\u00ba Congresso de Gest\u00e3o P\u00fablica do Consad reuniu gestores p\u00fablicos, acad\u00eamicos, pesquisadores e profissionais de todo o pa\u00eds em Bras\u00edlia, com o objetivo de discutir temas essenciais \u00e0 gest\u00e3o p\u00fablica, al\u00e9m de abordar as \u00faltimas tend\u00eancias, desafios e solu\u00e7\u00f5es na \u00e1rea.<\/p>\n<p>A edi\u00e7\u00e3o deste ano teve como foco o desenvolvimento de pol\u00edticas p\u00fablicas que sejam n\u00e3o apenas eficientes e inovadoras, mas tamb\u00e9m transparentes e alinhadas com as expectativas dos cidad\u00e3os. A programa\u00e7\u00e3o foi diversificada, e incluiu pain\u00e9is de discuss\u00e3o, workshops, apresenta\u00e7\u00f5es de casos de sucesso e espa\u00e7os para networking.<\/p>\n<p>\u00a0<\/p>\n<\/p><\/div>\n","protected":false},"excerpt":{"rendered":"<p>Relacionadas Os desafios e experi\u00eancias em gest\u00e3o p\u00fablica foram apresentados pelo Governo de Minas, por meio\u00a0da Secretaria de Estado de<\/p>\n","protected":false},"author":1,"featured_media":0,"comment_status":"","ping_status":"","sticky":false,"template":"","format":"standard","meta":{"colormag_page_container_layout":"default_layout","colormag_page_sidebar_layout":"default_layout","footnotes":""},"categories":[1],"tags":[],"class_list":["post-31023","post","type-post","status-publish","format-standard","hentry","category-ejornais"],"aioseo_notices":[],"aioseo_head":"\n\t\t<!-- All in One SEO 5.0.1.1 - aioseo.com -->\n\t<meta name=\"description\" content=\"Relacionadas Os desafios e experi\u00eancias em gest\u00e3o p\u00fablica foram apresentados pelo Governo de Minas, por meio da Secretaria de Estado de Planejamento e Gest\u00e3o (Seplag-MG), durante o 13\u00ba Congresso de Gest\u00e3o P\u00fablica do Conselho Nacional de Secret\u00e1rios de Estado da Administra\u00e7\u00e3o (Consad), realizado em Bras\u00edlia entre os dias 20 e 22\/8.A secret\u00e1ria de Estado Camila Neves\" \/>\n\t<meta name=\"robots\" content=\"max-image-preview:large\" \/>\n\t<link rel=\"canonical\" href=\"https:\/\/ejornais.com.br\/index.php\/2024\/08\/23\/agencia-minas-gerais-minas-apresenta-experiencias-em-aprimoramento-de-processos-e-servicos-publicos-no-13o-congresso-consad-de-gestao-publica\/\" \/>\n\t<meta name=\"generator\" content=\"All in One SEO (AIOSEO) 5.0.1.1\" \/>\n\t\t<meta property=\"og:locale\" content=\"pt_BR\" \/>\n\t\t<meta property=\"og:site_name\" content=\"eJornais - Cat\u00e1logo de Jornais no mundo, Not\u00edcias, Blog e Esportes ao vivo\" \/>\n\t\t<meta property=\"og:type\" content=\"article\" \/>\n\t\t<meta property=\"og:title\" content=\"Ag\u00eancia Minas Gerais | Minas apresenta experi\u00eancias em aprimoramento de processos e servi\u00e7os p\u00fablicos no 13\u00ba Congresso Consad de Gest\u00e3o P\u00fablica - eJornais\" \/>\n\t\t<meta property=\"og:description\" content=\"Relacionadas Os desafios e experi\u00eancias em gest\u00e3o p\u00fablica foram apresentados pelo Governo de Minas, por meio da Secretaria de Estado de Planejamento e Gest\u00e3o (Seplag-MG), durante o 13\u00ba Congresso de Gest\u00e3o P\u00fablica do Conselho Nacional de Secret\u00e1rios de Estado da Administra\u00e7\u00e3o (Consad), realizado em Bras\u00edlia entre os dias 20 e 22\/8.A secret\u00e1ria de Estado Camila Neves\" \/>\n\t\t<meta property=\"og:url\" content=\"https:\/\/ejornais.com.br\/index.php\/2024\/08\/23\/agencia-minas-gerais-minas-apresenta-experiencias-em-aprimoramento-de-processos-e-servicos-publicos-no-13o-congresso-consad-de-gestao-publica\/\" \/>\n\t\t<meta property=\"article:published_time\" content=\"2024-08-23T14:54:20+00:00\" \/>\n\t\t<meta property=\"article:modified_time\" content=\"2024-08-23T14:54:20+00:00\" \/>\n\t\t<meta name=\"twitter:card\" content=\"summary_large_image\" \/>\n\t\t<meta name=\"twitter:title\" content=\"Ag\u00eancia Minas Gerais | Minas apresenta experi\u00eancias em aprimoramento de processos e servi\u00e7os p\u00fablicos no 13\u00ba Congresso Consad de Gest\u00e3o P\u00fablica - eJornais\" \/>\n\t\t<meta name=\"twitter:description\" content=\"Relacionadas Os desafios e experi\u00eancias em gest\u00e3o p\u00fablica foram apresentados pelo Governo de Minas, por meio da Secretaria de Estado de Planejamento e Gest\u00e3o (Seplag-MG), durante o 13\u00ba Congresso de Gest\u00e3o P\u00fablica do Conselho Nacional de Secret\u00e1rios de Estado da Administra\u00e7\u00e3o (Consad), realizado em Bras\u00edlia entre os dias 20 e 22\/8.A secret\u00e1ria de Estado Camila Neves\" \/>\n\t\t<script type=\"application\/ld+json\" class=\"aioseo-schema\">\n\t\t\t{\"@context\":\"https:\\\/\\\/schema.org\",\"@graph\":[{\"@type\":\"BlogPosting\",\"@id\":\"https:\\\/\\\/ejornais.com.br\\\/index.php\\\/2024\\\/08\\\/23\\\/agencia-minas-gerais-minas-apresenta-experiencias-em-aprimoramento-de-processos-e-servicos-publicos-no-13o-congresso-consad-de-gestao-publica\\\/#blogposting\",\"name\":\"Ag\\u00eancia Minas Gerais | Minas apresenta experi\\u00eancias em aprimoramento de processos e servi\\u00e7os p\\u00fablicos no 13\\u00ba Congresso Consad de Gest\\u00e3o P\\u00fablica - eJornais\",\"headline\":\"Ag\\u00eancia Minas Gerais | Minas apresenta experi\\u00eancias em aprimoramento de processos e servi\\u00e7os p\\u00fablicos no 13\\u00ba Congresso Consad de Gest\\u00e3o P\\u00fablica\",\"author\":{\"@id\":\"https:\\\/\\\/ejornais.com.br\\\/index.php\\\/author\\\/#author\"},\"publisher\":{\"@id\":\"https:\\\/\\\/ejornais.com.br\\\/#organization\"},\"datePublished\":\"2024-08-23T11:54:20-03:00\",\"dateModified\":\"2024-08-23T11:54:20-03:00\",\"inLanguage\":\"pt-BR\",\"mainEntityOfPage\":{\"@id\":\"https:\\\/\\\/ejornais.com.br\\\/index.php\\\/2024\\\/08\\\/23\\\/agencia-minas-gerais-minas-apresenta-experiencias-em-aprimoramento-de-processos-e-servicos-publicos-no-13o-congresso-consad-de-gestao-publica\\\/#webpage\"},\"isPartOf\":{\"@id\":\"https:\\\/\\\/ejornais.com.br\\\/index.php\\\/2024\\\/08\\\/23\\\/agencia-minas-gerais-minas-apresenta-experiencias-em-aprimoramento-de-processos-e-servicos-publicos-no-13o-congresso-consad-de-gestao-publica\\\/#webpage\"},\"articleSection\":\"Cat\\u00e1logo de Jornais\"},{\"@type\":\"BreadcrumbList\",\"@id\":\"https:\\\/\\\/ejornais.com.br\\\/index.php\\\/2024\\\/08\\\/23\\\/agencia-minas-gerais-minas-apresenta-experiencias-em-aprimoramento-de-processos-e-servicos-publicos-no-13o-congresso-consad-de-gestao-publica\\\/#breadcrumblist\",\"itemListElement\":[{\"@type\":\"ListItem\",\"@id\":\"https:\\\/\\\/ejornais.com.br#listItem\",\"position\":1,\"name\":\"In\\u00edcio\",\"item\":\"https:\\\/\\\/ejornais.com.br\",\"nextItem\":{\"@type\":\"ListItem\",\"@id\":\"https:\\\/\\\/ejornais.com.br\\\/index.php\\\/category\\\/ejornais\\\/#listItem\",\"name\":\"Cat\\u00e1logo de Jornais\"}},{\"@type\":\"ListItem\",\"@id\":\"https:\\\/\\\/ejornais.com.br\\\/index.php\\\/category\\\/ejornais\\\/#listItem\",\"position\":2,\"name\":\"Cat\\u00e1logo de Jornais\",\"item\":\"https:\\\/\\\/ejornais.com.br\\\/index.php\\\/category\\\/ejornais\\\/\",\"nextItem\":{\"@type\":\"ListItem\",\"@id\":\"https:\\\/\\\/ejornais.com.br\\\/index.php\\\/2024\\\/08\\\/23\\\/agencia-minas-gerais-minas-apresenta-experiencias-em-aprimoramento-de-processos-e-servicos-publicos-no-13o-congresso-consad-de-gestao-publica\\\/#listItem\",\"name\":\"Ag\\u00eancia Minas Gerais | Minas apresenta experi\\u00eancias em aprimoramento de processos e servi\\u00e7os p\\u00fablicos no 13\\u00ba Congresso Consad de Gest\\u00e3o P\\u00fablica\"},\"previousItem\":{\"@type\":\"ListItem\",\"@id\":\"https:\\\/\\\/ejornais.com.br#listItem\",\"name\":\"In\\u00edcio\"}},{\"@type\":\"ListItem\",\"@id\":\"https:\\\/\\\/ejornais.com.br\\\/index.php\\\/2024\\\/08\\\/23\\\/agencia-minas-gerais-minas-apresenta-experiencias-em-aprimoramento-de-processos-e-servicos-publicos-no-13o-congresso-consad-de-gestao-publica\\\/#listItem\",\"position\":3,\"name\":\"Ag\\u00eancia Minas Gerais | Minas apresenta experi\\u00eancias em aprimoramento de processos e servi\\u00e7os p\\u00fablicos no 13\\u00ba Congresso Consad de Gest\\u00e3o P\\u00fablica\",\"previousItem\":{\"@type\":\"ListItem\",\"@id\":\"https:\\\/\\\/ejornais.com.br\\\/index.php\\\/category\\\/ejornais\\\/#listItem\",\"name\":\"Cat\\u00e1logo de Jornais\"}}]},{\"@type\":\"Organization\",\"@id\":\"https:\\\/\\\/ejornais.com.br\\\/#organization\",\"name\":\"eJornais\",\"description\":\"Cat\\u00e1logo de Jornais no mundo, Not\\u00edcias, Blog e Esportes ao vivo\",\"url\":\"https:\\\/\\\/ejornais.com.br\\\/\"},{\"@type\":\"Person\",\"@id\":\"https:\\\/\\\/ejornais.com.br\\\/index.php\\\/author\\\/#author\",\"url\":\"https:\\\/\\\/ejornais.com.br\\\/index.php\\\/author\\\/\"},{\"@type\":\"WebPage\",\"@id\":\"https:\\\/\\\/ejornais.com.br\\\/index.php\\\/2024\\\/08\\\/23\\\/agencia-minas-gerais-minas-apresenta-experiencias-em-aprimoramento-de-processos-e-servicos-publicos-no-13o-congresso-consad-de-gestao-publica\\\/#webpage\",\"url\":\"https:\\\/\\\/ejornais.com.br\\\/index.php\\\/2024\\\/08\\\/23\\\/agencia-minas-gerais-minas-apresenta-experiencias-em-aprimoramento-de-processos-e-servicos-publicos-no-13o-congresso-consad-de-gestao-publica\\\/\",\"name\":\"Ag\\u00eancia Minas Gerais | Minas apresenta experi\\u00eancias em aprimoramento de processos e servi\\u00e7os p\\u00fablicos no 13\\u00ba Congresso Consad de Gest\\u00e3o P\\u00fablica - eJornais\",\"description\":\"Relacionadas Os desafios e experi\\u00eancias em gest\\u00e3o p\\u00fablica foram apresentados pelo Governo de Minas, por meio da Secretaria de Estado de Planejamento e Gest\\u00e3o (Seplag-MG), durante o 13\\u00ba Congresso de Gest\\u00e3o P\\u00fablica do Conselho Nacional de Secret\\u00e1rios de Estado da Administra\\u00e7\\u00e3o (Consad), realizado em Bras\\u00edlia entre os dias 20 e 22\\\/8.A secret\\u00e1ria de Estado Camila Neves\",\"inLanguage\":\"pt-BR\",\"isPartOf\":{\"@id\":\"https:\\\/\\\/ejornais.com.br\\\/#website\"},\"breadcrumb\":{\"@id\":\"https:\\\/\\\/ejornais.com.br\\\/index.php\\\/2024\\\/08\\\/23\\\/agencia-minas-gerais-minas-apresenta-experiencias-em-aprimoramento-de-processos-e-servicos-publicos-no-13o-congresso-consad-de-gestao-publica\\\/#breadcrumblist\"},\"author\":{\"@id\":\"https:\\\/\\\/ejornais.com.br\\\/index.php\\\/author\\\/#author\"},\"creator\":{\"@id\":\"https:\\\/\\\/ejornais.com.br\\\/index.php\\\/author\\\/#author\"},\"datePublished\":\"2024-08-23T11:54:20-03:00\",\"dateModified\":\"2024-08-23T11:54:20-03:00\"},{\"@type\":\"WebSite\",\"@id\":\"https:\\\/\\\/ejornais.com.br\\\/#website\",\"url\":\"https:\\\/\\\/ejornais.com.br\\\/\",\"name\":\"eJornais\",\"description\":\"Cat\\u00e1logo de Jornais no mundo, Not\\u00edcias, Blog e Esportes ao vivo\",\"inLanguage\":\"pt-BR\",\"publisher\":{\"@id\":\"https:\\\/\\\/ejornais.com.br\\\/#organization\"}}]}\n\t\t<\/script>\n\t\t<!-- All in One SEO -->\n\n","aioseo_head_json":{"title":"Ag\u00eancia Minas Gerais | Minas apresenta experi\u00eancias em aprimoramento de processos e servi\u00e7os p\u00fablicos no 13\u00ba Congresso Consad de Gest\u00e3o P\u00fablica - eJornais","description":"Relacionadas Os desafios e experi\u00eancias em gest\u00e3o p\u00fablica foram apresentados pelo Governo de Minas, por meio da Secretaria de Estado de Planejamento e Gest\u00e3o (Seplag-MG), durante o 13\u00ba Congresso de Gest\u00e3o P\u00fablica do Conselho Nacional de Secret\u00e1rios de Estado da Administra\u00e7\u00e3o (Consad), realizado em Bras\u00edlia entre os dias 20 e 22\/8.A secret\u00e1ria de Estado Camila Neves","canonical_url":"https:\/\/ejornais.com.br\/index.php\/2024\/08\/23\/agencia-minas-gerais-minas-apresenta-experiencias-em-aprimoramento-de-processos-e-servicos-publicos-no-13o-congresso-consad-de-gestao-publica\/","robots":"max-image-preview:large","keywords":"","webmasterTools":{"miscellaneous":""},"schema":{"@context":"https:\/\/schema.org","@graph":[{"@type":"BlogPosting","@id":"https:\/\/ejornais.com.br\/index.php\/2024\/08\/23\/agencia-minas-gerais-minas-apresenta-experiencias-em-aprimoramento-de-processos-e-servicos-publicos-no-13o-congresso-consad-de-gestao-publica\/#blogposting","name":"Ag\u00eancia Minas Gerais | Minas apresenta experi\u00eancias em aprimoramento de processos e servi\u00e7os p\u00fablicos no 13\u00ba Congresso Consad de Gest\u00e3o P\u00fablica - eJornais","headline":"Ag\u00eancia Minas Gerais | Minas apresenta experi\u00eancias em aprimoramento de processos e servi\u00e7os p\u00fablicos no 13\u00ba Congresso Consad de Gest\u00e3o P\u00fablica","author":{"@id":"https:\/\/ejornais.com.br\/index.php\/author\/#author"},"publisher":{"@id":"https:\/\/ejornais.com.br\/#organization"},"datePublished":"2024-08-23T11:54:20-03:00","dateModified":"2024-08-23T11:54:20-03:00","inLanguage":"pt-BR","mainEntityOfPage":{"@id":"https:\/\/ejornais.com.br\/index.php\/2024\/08\/23\/agencia-minas-gerais-minas-apresenta-experiencias-em-aprimoramento-de-processos-e-servicos-publicos-no-13o-congresso-consad-de-gestao-publica\/#webpage"},"isPartOf":{"@id":"https:\/\/ejornais.com.br\/index.php\/2024\/08\/23\/agencia-minas-gerais-minas-apresenta-experiencias-em-aprimoramento-de-processos-e-servicos-publicos-no-13o-congresso-consad-de-gestao-publica\/#webpage"},"articleSection":"Cat\u00e1logo de Jornais"},{"@type":"BreadcrumbList","@id":"https:\/\/ejornais.com.br\/index.php\/2024\/08\/23\/agencia-minas-gerais-minas-apresenta-experiencias-em-aprimoramento-de-processos-e-servicos-publicos-no-13o-congresso-consad-de-gestao-publica\/#breadcrumblist","itemListElement":[{"@type":"ListItem","@id":"https:\/\/ejornais.com.br#listItem","position":1,"name":"In\u00edcio","item":"https:\/\/ejornais.com.br","nextItem":{"@type":"ListItem","@id":"https:\/\/ejornais.com.br\/index.php\/category\/ejornais\/#listItem","name":"Cat\u00e1logo de Jornais"}},{"@type":"ListItem","@id":"https:\/\/ejornais.com.br\/index.php\/category\/ejornais\/#listItem","position":2,"name":"Cat\u00e1logo de Jornais","item":"https:\/\/ejornais.com.br\/index.php\/category\/ejornais\/","nextItem":{"@type":"ListItem","@id":"https:\/\/ejornais.com.br\/index.php\/2024\/08\/23\/agencia-minas-gerais-minas-apresenta-experiencias-em-aprimoramento-de-processos-e-servicos-publicos-no-13o-congresso-consad-de-gestao-publica\/#listItem","name":"Ag\u00eancia Minas Gerais | Minas apresenta experi\u00eancias em aprimoramento de processos e servi\u00e7os p\u00fablicos no 13\u00ba Congresso Consad de Gest\u00e3o P\u00fablica"},"previousItem":{"@type":"ListItem","@id":"https:\/\/ejornais.com.br#listItem","name":"In\u00edcio"}},{"@type":"ListItem","@id":"https:\/\/ejornais.com.br\/index.php\/2024\/08\/23\/agencia-minas-gerais-minas-apresenta-experiencias-em-aprimoramento-de-processos-e-servicos-publicos-no-13o-congresso-consad-de-gestao-publica\/#listItem","position":3,"name":"Ag\u00eancia Minas Gerais | Minas apresenta experi\u00eancias em aprimoramento de processos e servi\u00e7os p\u00fablicos no 13\u00ba Congresso Consad de Gest\u00e3o P\u00fablica","previousItem":{"@type":"ListItem","@id":"https:\/\/ejornais.com.br\/index.php\/category\/ejornais\/#listItem","name":"Cat\u00e1logo de Jornais"}}]},{"@type":"Organization","@id":"https:\/\/ejornais.com.br\/#organization","name":"eJornais","description":"Cat\u00e1logo de Jornais no mundo, Not\u00edcias, Blog e Esportes ao vivo","url":"https:\/\/ejornais.com.br\/"},{"@type":"Person","@id":"https:\/\/ejornais.com.br\/index.php\/author\/#author","url":"https:\/\/ejornais.com.br\/index.php\/author\/"},{"@type":"WebPage","@id":"https:\/\/ejornais.com.br\/index.php\/2024\/08\/23\/agencia-minas-gerais-minas-apresenta-experiencias-em-aprimoramento-de-processos-e-servicos-publicos-no-13o-congresso-consad-de-gestao-publica\/#webpage","url":"https:\/\/ejornais.com.br\/index.php\/2024\/08\/23\/agencia-minas-gerais-minas-apresenta-experiencias-em-aprimoramento-de-processos-e-servicos-publicos-no-13o-congresso-consad-de-gestao-publica\/","name":"Ag\u00eancia Minas Gerais | Minas apresenta experi\u00eancias em aprimoramento de processos e servi\u00e7os p\u00fablicos no 13\u00ba Congresso Consad de Gest\u00e3o P\u00fablica - eJornais","description":"Relacionadas Os desafios e experi\u00eancias em gest\u00e3o p\u00fablica foram apresentados pelo Governo de Minas, por meio da Secretaria de Estado de Planejamento e Gest\u00e3o (Seplag-MG), durante o 13\u00ba Congresso de Gest\u00e3o P\u00fablica do Conselho Nacional de Secret\u00e1rios de Estado da Administra\u00e7\u00e3o (Consad), realizado em Bras\u00edlia entre os dias 20 e 22\/8.A secret\u00e1ria de Estado Camila Neves","inLanguage":"pt-BR","isPartOf":{"@id":"https:\/\/ejornais.com.br\/#website"},"breadcrumb":{"@id":"https:\/\/ejornais.com.br\/index.php\/2024\/08\/23\/agencia-minas-gerais-minas-apresenta-experiencias-em-aprimoramento-de-processos-e-servicos-publicos-no-13o-congresso-consad-de-gestao-publica\/#breadcrumblist"},"author":{"@id":"https:\/\/ejornais.com.br\/index.php\/author\/#author"},"creator":{"@id":"https:\/\/ejornais.com.br\/index.php\/author\/#author"},"datePublished":"2024-08-23T11:54:20-03:00","dateModified":"2024-08-23T11:54:20-03:00"},{"@type":"WebSite","@id":"https:\/\/ejornais.com.br\/#website","url":"https:\/\/ejornais.com.br\/","name":"eJornais","description":"Cat\u00e1logo de Jornais no mundo, Not\u00edcias, Blog e Esportes ao vivo","inLanguage":"pt-BR","publisher":{"@id":"https:\/\/ejornais.com.br\/#organization"}}]},"og:locale":"pt_BR","og:site_name":"eJornais - Cat\u00e1logo de Jornais no mundo, Not\u00edcias, Blog e Esportes ao vivo","og:type":"article","og:title":"Ag\u00eancia Minas Gerais | Minas apresenta experi\u00eancias em aprimoramento de processos e servi\u00e7os p\u00fablicos no 13\u00ba Congresso Consad de Gest\u00e3o P\u00fablica - eJornais","og:description":"Relacionadas Os desafios e experi\u00eancias em gest\u00e3o p\u00fablica foram apresentados pelo Governo de Minas, por meio da Secretaria de Estado de Planejamento e Gest\u00e3o (Seplag-MG), durante o 13\u00ba Congresso de Gest\u00e3o P\u00fablica do Conselho Nacional de Secret\u00e1rios de Estado da Administra\u00e7\u00e3o (Consad), realizado em Bras\u00edlia entre os dias 20 e 22\/8.A secret\u00e1ria de Estado Camila Neves","og:url":"https:\/\/ejornais.com.br\/index.php\/2024\/08\/23\/agencia-minas-gerais-minas-apresenta-experiencias-em-aprimoramento-de-processos-e-servicos-publicos-no-13o-congresso-consad-de-gestao-publica\/","article:published_time":"2024-08-23T14:54:20+00:00","article:modified_time":"2024-08-23T14:54:20+00:00","twitter:card":"summary_large_image","twitter:title":"Ag\u00eancia Minas Gerais | Minas apresenta experi\u00eancias em aprimoramento de processos e servi\u00e7os p\u00fablicos no 13\u00ba Congresso Consad de Gest\u00e3o P\u00fablica - eJornais","twitter:description":"Relacionadas Os desafios e experi\u00eancias em gest\u00e3o p\u00fablica foram apresentados pelo Governo de Minas, por meio da Secretaria de Estado de Planejamento e Gest\u00e3o (Seplag-MG), durante o 13\u00ba Congresso de Gest\u00e3o P\u00fablica do Conselho Nacional de Secret\u00e1rios de Estado da Administra\u00e7\u00e3o (Consad), realizado em Bras\u00edlia entre os dias 20 e 22\/8.A secret\u00e1ria de Estado Camila Neves"},"aioseo_meta_data":{"post_id":"31023","title":null,"description":null,"keywords":null,"keyphrases":null,"primary_term":null,"canonical_url":null,"og_title":null,"og_description":null,"og_object_type":"default","og_image_type":"default","og_image_url":null,"og_image_width":null,"og_image_height":null,"og_image_custom_url":null,"og_image_custom_fields":null,"og_video":null,"og_custom_url":null,"og_article_section":null,"og_article_tags":null,"twitter_use_og":false,"twitter_card":"default","twitter_image_type":"default","twitter_image_url":null,"twitter_image_custom_url":null,"twitter_image_custom_fields":null,"twitter_title":null,"twitter_description":null,"schema":{"blockGraphs":[],"customGraphs":[],"default":{"data":{"Article":[],"Course":[],"Dataset":[],"FAQPage":[],"Movie":[],"Person":[],"Product":[],"ProductReview":[],"Car":[],"Recipe":[],"Service":[],"SoftwareApplication":[],"WebPage":[]},"graphName":"","isEnabled":true},"graphs":[]},"schema_type":"default","schema_type_options":null,"pillar_content":false,"robots_default":true,"robots_noindex":false,"robots_noarchive":false,"robots_nosnippet":false,"robots_nofollow":false,"robots_noimageindex":false,"robots_noodp":false,"robots_notranslate":false,"robots_max_snippet":null,"robots_max_videopreview":null,"robots_max_imagepreview":"large","priority":null,"frequency":null,"local_seo":null,"breadcrumb_settings":null,"limit_modified_date":false,"ai":null,"created":"2024-08-23 14:59:36","updated":"2025-06-05 21:37:59","seo_analyzer_scan_date":null,"focus_keyword":null,"additional_keywords":null,"truseo_locale":null},"aioseo_breadcrumb":"<div class=\"aioseo-breadcrumbs\"><span class=\"aioseo-breadcrumb\">\n\t\t\t<a href=\"https:\/\/ejornais.com.br\" title=\"In\u00edcio\">In\u00edcio<\/a>\n\t\t<\/span><span class=\"aioseo-breadcrumb-separator\">&raquo;<\/span><span class=\"aioseo-breadcrumb\">\n\t\t\t<a href=\"https:\/\/ejornais.com.br\/index.php\/category\/ejornais\/\" title=\"Cat\u00e1logo de Jornais\">Cat\u00e1logo de Jornais<\/a>\n\t\t<\/span><span class=\"aioseo-breadcrumb-separator\">&raquo;<\/span><span class=\"aioseo-breadcrumb\">\n\t\t\tAg\u00eancia Minas Gerais | Minas apresenta experi\u00eancias em aprimoramento de processos e servi\u00e7os p\u00fablicos no 13\u00ba Congresso Consad de Gest\u00e3o P\u00fablica\n\t\t<\/span><\/div>","aioseo_breadcrumb_json":[{"label":"In\u00edcio","link":"https:\/\/ejornais.com.br"},{"label":"Cat\u00e1logo de Jornais","link":"https:\/\/ejornais.com.br\/index.php\/category\/ejornais\/"},{"label":"Ag\u00eancia Minas Gerais | Minas apresenta experi\u00eancias em aprimoramento de processos e servi\u00e7os p\u00fablicos no 13\u00ba Congresso Consad de Gest\u00e3o P\u00fablica","link":"https:\/\/ejornais.com.br\/index.php\/2024\/08\/23\/agencia-minas-gerais-minas-apresenta-experiencias-em-aprimoramento-de-processos-e-servicos-publicos-no-13o-congresso-consad-de-gestao-publica\/"}],"amp_enabled":true,"_links":{"self":[{"href":"https:\/\/ejornais.com.br\/index.php\/wp-json\/wp\/v2\/posts\/31023","targetHints":{"allow":["GET"]}}],"collection":[{"href":"https:\/\/ejornais.com.br\/index.php\/wp-json\/wp\/v2\/posts"}],"about":[{"href":"https:\/\/ejornais.com.br\/index.php\/wp-json\/wp\/v2\/types\/post"}],"author":[{"embeddable":true,"href":"https:\/\/ejornais.com.br\/index.php\/wp-json\/wp\/v2\/users\/1"}],"replies":[{"embeddable":true,"href":"https:\/\/ejornais.com.br\/index.php\/wp-json\/wp\/v2\/comments?post=31023"}],"version-history":[{"count":0,"href":"https:\/\/ejornais.com.br\/index.php\/wp-json\/wp\/v2\/posts\/31023\/revisions"}],"wp:attachment":[{"href":"https:\/\/ejornais.com.br\/index.php\/wp-json\/wp\/v2\/media?parent=31023"}],"wp:term":[{"taxonomy":"category","embeddable":true,"href":"https:\/\/ejornais.com.br\/index.php\/wp-json\/wp\/v2\/categories?post=31023"},{"taxonomy":"post_tag","embeddable":true,"href":"https:\/\/ejornais.com.br\/index.php\/wp-json\/wp\/v2\/tags?post=31023"}],"curies":[{"name":"wp","href":"https:\/\/api.w.org\/{rel}","templated":true}]}}