{"id":31041,"date":"2024-08-23T23:51:22","date_gmt":"2024-08-24T02:51:22","guid":{"rendered":"https:\/\/ejornais.com.br\/index.php\/2024\/08\/23\/agencia-minas-gerais-maternidades-da-fhemig-promovem-cursos-e-oficinas-para-gestantes\/"},"modified":"2024-08-23T23:51:22","modified_gmt":"2024-08-24T02:51:22","slug":"agencia-minas-gerais-maternidades-da-fhemig-promovem-cursos-e-oficinas-para-gestantes","status":"publish","type":"post","link":"https:\/\/ejornais.com.br\/index.php\/2024\/08\/23\/agencia-minas-gerais-maternidades-da-fhemig-promovem-cursos-e-oficinas-para-gestantes\/","title":{"rendered":"Ag\u00eancia Minas Gerais | Maternidades da Fhemig promovem cursos e oficinas para gestantes"},"content":{"rendered":"<p><\/p>\n<div>\n<p>A Maternidade Odete Valadares (MOV) e o Hospital J\u00falia Kubitschek (HJK), em Belo Horizonte, e o Hospital Regional Jo\u00e3o Penido, em Juiz de Fora, da Funda\u00e7\u00e3o Hospitalar do Estado de Minas Gerais (Fhemig), oferecem cursos preparat\u00f3rios \u00e0s gestantes, com conversas informativas e acolhedoras sobre tudo que envolve a chegada do beb\u00ea.\u00a0<\/p>\n<p>Os cursos contam com participa\u00e7\u00e3o de equipe multiprofissional, composta por m\u00e9dicos, enfermeiros obstetras, nutricionista, fisioterapeuta e profissionais do Banco de Leite. \u00a0<\/p>\n<p>Temas como fisioterapia p\u00e9lvica, parto, nascimento e amamenta\u00e7\u00e3o s\u00e3o abordados. Al\u00e9m disso, eventualmente s\u00e3o realizadas oficinas como escalda-p\u00e9s e pintura da barriga, proporcionando relaxamento \u00e0s mam\u00e3es que j\u00e1 est\u00e3o na reta final da gesta\u00e7\u00e3o.\u00a0<\/p>\n<p><strong>Pintura na barriga<\/strong><\/p>\n<p>Orqu\u00eddea Meiguins Damaceno estava com 27 semanas de gesta\u00e7\u00e3o quando participou, em julho, da pintura na barriga, na MOV. \u00a0<\/p>\n<p>\u201cFoi uma experi\u00eancia incr\u00edvel. Me senti t\u00e3o acolhida por todas, doulas e enfermeiras. Senti como se estivesse cercada de amigas. Fizeram uma pintura linda da minha beb\u00ea e ainda recebi um escalda-p\u00e9s maravilhoso, que eu estava precisando bastante\u201d, lembra.\u00a0<\/p>\n<p>Ela conta que foi um momento de relaxamento em meio a tantas emo\u00e7\u00f5es e ang\u00fastias da primeira gravidez.\u00a0<\/p>\n<p>\u201c\u00c0s vezes, eu fico bastante ansiosa com tudo que est\u00e1 acontecendo, mas l\u00e1 eu consegui relaxar e n\u00e3o pensar no parto como algo assustador e, sim, como um processo natural que meu corpo \u00e9 capaz de suportar\u201d, afirma Orqu\u00eddea. \u00a0<\/p>\n<p>De acordo com a enfermeira obstetra da MOV, Luzia Maria Da Silva Ventura, a arte da pintura da barriga foi desenvolvida em 1993 pela parteira mexicana Naoli Vinaver e expressa a constru\u00e7\u00e3o afetiva materno-fetal, canalizando a sa\u00fade emocional como atividade para reduzir o estresse na gravidez.\u00a0<\/p>\n<p>\u201c\u00c9 uma arte visual que transforma sentimentos maternos na vincula\u00e7\u00e3o do amor ao beb\u00ea, favorecendo o processo do cuidado e aumentando o v\u00ednculo ainda no pr\u00e9-natal\u201d, explica.\u00a0<\/p>\n<p><strong>Casa da Gestante\u00a0<\/strong><\/p>\n<p>Os tr\u00eas hospitais contam ainda com a Casa da Gestante, onde mulheres que precisam estar mais pr\u00f3ximas do hospital durante a gesta\u00e7\u00e3o ou no p\u00f3s-parto, mas n\u00e3o necessitam de interna\u00e7\u00e3o, ficam hospedadas durante um determinado tempo.\u00a0<\/p>\n<p>Na MOV, elas t\u00eam acesso \u00e0s sess\u00f5es de terapia ocupacional em grupo duas vezes por semana, nas quais s\u00e3o desenvolvidos trabalhos manuais de artesanato com itens voltados para os beb\u00eas.\u00a0<\/p>\n<p>\u201cNosso objetivo \u00e9 dar assist\u00eancia humanizada a essas mulheres, possibilitando que elas compartilhem emo\u00e7\u00f5es, troquem experi\u00eancias e aliviem sentimentos como estresse, ansiedade, ang\u00fastia, inseguran\u00e7a, medo e depress\u00e3o&#8221;, explica a terapeuta ocupacional Juliana Costa Figueiredo Salles.<\/p>\n<p>Ela detalha ainda que o espa\u00e7o \u00e9 para desabafo, um momento de intera\u00e7\u00e3o e descontra\u00e7\u00e3o, al\u00e9m de contribuir para o desenvolvimento da autoestima e da criatividade.\u00a0<\/p>\n<p><strong>Experi\u00eancia positiva<\/strong><\/p>\n<p>Bruna Vieira Bernardes \u00e9 moradora de Betim e precisou ficar na Casa da Gestante por duas semanas. Ela avalia a experi\u00eancia com sentimento de gratid\u00e3o.\u00a0<\/p>\n<p>\u201cEu amei as oficinas. Acredito que elas ajudam a minimizar o estresse que vivemos nesse per\u00edodo. A terapeuta \u00e9 uma gracinha, nos d\u00e1 ideias, leva moldes e nos motiva a produzir. Fiz v\u00e1rias pe\u00e7as para o meu beb\u00ea, Hiago, que est\u00e1 internado na maternidade, e at\u00e9 para os meus outros filhos, que est\u00e3o em casa\u201d, conta.\u00a0<\/p>\n<p>As oficinas de artesanato tamb\u00e9m s\u00e3o realizadas toda quinta-feira na Casa da Gestante do HJK.\u00a0<\/p>\n<p>No HRJP, \u00e9 promovido um momento terap\u00eautico com as mam\u00e3es por meio de rodas de conversa \u2013 comandadas por psic\u00f3loga, enfermeira, fonoaudi\u00f3loga e o servi\u00e7o social, uma vez por m\u00eas na Casa da Gestante.\u00a0<\/p>\n<p>Tamb\u00e9m s\u00e3o realizados bate-papos sobre amamenta\u00e7\u00e3o no p\u00f3s-parto imediato, focando em beb\u00eas da UTI Neonatal, momento em que as mam\u00e3es aproveitam para interagir e tirar d\u00favidas.\u00a0<\/p>\n<p><strong>Inscri\u00e7\u00f5es<\/strong><\/p>\n<p>Veja como se inscrever para os cursos oferecidos pelas maternidades da Fhemig. As m\u00e3es que desejarem podem levar tamb\u00e9m um acompanhante.\u00a0<\/p>\n<p><strong>Maternidade Odete Valadares\u00a0<\/strong><\/p>\n<p>Toda quarta-feira, das 8h \u00e0s 11h.\u00a0<br \/>&#13;<br \/>\nAs inscri\u00e7\u00f5es podem ser feitas no Ambulat\u00f3rio da MOV ou pelo telefone (31) 3298-6013.\u00a0<br \/>&#13;<br \/>\nDestinado a gestante acima de 30 semanas de gesta\u00e7\u00e3o.\u00a0<\/p>\n<p><strong>Hospital J\u00falia Kubitschek\u00a0<\/strong><\/p>\n<p>Uma vez por m\u00eas, das 8h \u00e0s 11h.<br \/>&#13;<br \/>\nAs inscri\u00e7\u00f5es podem ser feitas pelo telefone (31) 3389-7882.\u00a0<br \/>&#13;<br \/>\nDestinado a gestante acima de 30 semanas de gesta\u00e7\u00e3o.\u00a0<\/p>\n<p><strong>Hospital Regional Jo\u00e3o Penido \u00a0<\/strong><\/p>\n<p>O curso ocorre a cada quatro meses. A previs\u00e3o \u00e9 a de que o pr\u00f3ximo seja realizado em dezembro. As informa\u00e7\u00f5es e o link para inscri\u00e7\u00e3o s\u00e3o divulgados no hospital, mais pr\u00f3ximo \u00e0 data escolhida para realiza\u00e7\u00e3o do curso.\u00a0<br \/>&#13;<br \/>\nAs interessadas tamb\u00e9m podem se informar pelos telefones (32) 3691-9594 ou 3691-9514.\u00a0<br \/>&#13;<br \/>\nO hospital tamb\u00e9m promove rodas de conversa sobre amamenta\u00e7\u00e3o e boas pr\u00e1ticas do parto, nas salas de espera do pr\u00e9-natal, a cada 15 dias, para as m\u00e3es que est\u00e3o aguardando consulta.\u00a0<\/p>\n<p>\u00a0<\/p>\n<\/p><\/div>\n","protected":false},"excerpt":{"rendered":"<p>A Maternidade Odete Valadares (MOV) e o Hospital J\u00falia Kubitschek (HJK), em Belo Horizonte, e o Hospital Regional Jo\u00e3o Penido,<\/p>\n","protected":false},"author":1,"featured_media":0,"comment_status":"","ping_status":"","sticky":false,"template":"","format":"standard","meta":{"colormag_page_container_layout":"default_layout","colormag_page_sidebar_layout":"default_layout","footnotes":""},"categories":[1],"tags":[],"class_list":["post-31041","post","type-post","status-publish","format-standard","hentry","category-ejornais"],"aioseo_notices":[],"aioseo_head":"\n\t\t<!-- All in One SEO 5.0.1.1 - aioseo.com -->\n\t<meta name=\"description\" content=\"A Maternidade Odete Valadares (MOV) e o Hospital J\u00falia Kubitschek (HJK), em Belo Horizonte, e o Hospital Regional Jo\u00e3o Penido, em Juiz de Fora, da Funda\u00e7\u00e3o Hospitalar do Estado de Minas Gerais (Fhemig), oferecem cursos preparat\u00f3rios \u00e0s gestantes, com conversas informativas e acolhedoras sobre tudo que envolve a chegada do beb\u00ea. Os cursos contam com participa\u00e7\u00e3o\" \/>\n\t<meta name=\"robots\" content=\"max-image-preview:large\" \/>\n\t<link rel=\"canonical\" href=\"https:\/\/ejornais.com.br\/index.php\/2024\/08\/23\/agencia-minas-gerais-maternidades-da-fhemig-promovem-cursos-e-oficinas-para-gestantes\/\" \/>\n\t<meta name=\"generator\" content=\"All in One SEO (AIOSEO) 5.0.1.1\" \/>\n\t\t<meta property=\"og:locale\" content=\"pt_BR\" \/>\n\t\t<meta property=\"og:site_name\" content=\"eJornais - Cat\u00e1logo de Jornais no mundo, Not\u00edcias, Blog e Esportes ao vivo\" \/>\n\t\t<meta property=\"og:type\" content=\"article\" \/>\n\t\t<meta property=\"og:title\" content=\"Ag\u00eancia Minas Gerais | Maternidades da Fhemig promovem cursos e oficinas para gestantes - eJornais\" \/>\n\t\t<meta property=\"og:description\" content=\"A Maternidade Odete Valadares (MOV) e o Hospital J\u00falia Kubitschek (HJK), em Belo Horizonte, e o Hospital Regional Jo\u00e3o Penido, em Juiz de Fora, da Funda\u00e7\u00e3o Hospitalar do Estado de Minas Gerais (Fhemig), oferecem cursos preparat\u00f3rios \u00e0s gestantes, com conversas informativas e acolhedoras sobre tudo que envolve a chegada do beb\u00ea. Os cursos contam com participa\u00e7\u00e3o\" \/>\n\t\t<meta property=\"og:url\" content=\"https:\/\/ejornais.com.br\/index.php\/2024\/08\/23\/agencia-minas-gerais-maternidades-da-fhemig-promovem-cursos-e-oficinas-para-gestantes\/\" \/>\n\t\t<meta property=\"article:published_time\" content=\"2024-08-24T02:51:22+00:00\" \/>\n\t\t<meta property=\"article:modified_time\" content=\"2024-08-24T02:51:22+00:00\" \/>\n\t\t<meta name=\"twitter:card\" content=\"summary_large_image\" \/>\n\t\t<meta name=\"twitter:title\" content=\"Ag\u00eancia Minas Gerais | Maternidades da Fhemig promovem cursos e oficinas para gestantes - eJornais\" \/>\n\t\t<meta name=\"twitter:description\" content=\"A Maternidade Odete Valadares (MOV) e o Hospital J\u00falia Kubitschek (HJK), em Belo Horizonte, e o Hospital Regional Jo\u00e3o Penido, em Juiz de Fora, da Funda\u00e7\u00e3o Hospitalar do Estado de Minas Gerais (Fhemig), oferecem cursos preparat\u00f3rios \u00e0s gestantes, com conversas informativas e acolhedoras sobre tudo que envolve a chegada do beb\u00ea. Os cursos contam com participa\u00e7\u00e3o\" \/>\n\t\t<script type=\"application\/ld+json\" class=\"aioseo-schema\">\n\t\t\t{\"@context\":\"https:\\\/\\\/schema.org\",\"@graph\":[{\"@type\":\"BlogPosting\",\"@id\":\"https:\\\/\\\/ejornais.com.br\\\/index.php\\\/2024\\\/08\\\/23\\\/agencia-minas-gerais-maternidades-da-fhemig-promovem-cursos-e-oficinas-para-gestantes\\\/#blogposting\",\"name\":\"Ag\\u00eancia Minas Gerais | Maternidades da Fhemig promovem cursos e oficinas para gestantes - eJornais\",\"headline\":\"Ag\\u00eancia Minas Gerais | Maternidades da Fhemig promovem cursos e oficinas para gestantes\",\"author\":{\"@id\":\"https:\\\/\\\/ejornais.com.br\\\/index.php\\\/author\\\/#author\"},\"publisher\":{\"@id\":\"https:\\\/\\\/ejornais.com.br\\\/#organization\"},\"datePublished\":\"2024-08-23T23:51:22-03:00\",\"dateModified\":\"2024-08-23T23:51:22-03:00\",\"inLanguage\":\"pt-BR\",\"mainEntityOfPage\":{\"@id\":\"https:\\\/\\\/ejornais.com.br\\\/index.php\\\/2024\\\/08\\\/23\\\/agencia-minas-gerais-maternidades-da-fhemig-promovem-cursos-e-oficinas-para-gestantes\\\/#webpage\"},\"isPartOf\":{\"@id\":\"https:\\\/\\\/ejornais.com.br\\\/index.php\\\/2024\\\/08\\\/23\\\/agencia-minas-gerais-maternidades-da-fhemig-promovem-cursos-e-oficinas-para-gestantes\\\/#webpage\"},\"articleSection\":\"Cat\\u00e1logo de Jornais\"},{\"@type\":\"BreadcrumbList\",\"@id\":\"https:\\\/\\\/ejornais.com.br\\\/index.php\\\/2024\\\/08\\\/23\\\/agencia-minas-gerais-maternidades-da-fhemig-promovem-cursos-e-oficinas-para-gestantes\\\/#breadcrumblist\",\"itemListElement\":[{\"@type\":\"ListItem\",\"@id\":\"https:\\\/\\\/ejornais.com.br#listItem\",\"position\":1,\"name\":\"In\\u00edcio\",\"item\":\"https:\\\/\\\/ejornais.com.br\",\"nextItem\":{\"@type\":\"ListItem\",\"@id\":\"https:\\\/\\\/ejornais.com.br\\\/index.php\\\/category\\\/ejornais\\\/#listItem\",\"name\":\"Cat\\u00e1logo de Jornais\"}},{\"@type\":\"ListItem\",\"@id\":\"https:\\\/\\\/ejornais.com.br\\\/index.php\\\/category\\\/ejornais\\\/#listItem\",\"position\":2,\"name\":\"Cat\\u00e1logo de Jornais\",\"item\":\"https:\\\/\\\/ejornais.com.br\\\/index.php\\\/category\\\/ejornais\\\/\",\"nextItem\":{\"@type\":\"ListItem\",\"@id\":\"https:\\\/\\\/ejornais.com.br\\\/index.php\\\/2024\\\/08\\\/23\\\/agencia-minas-gerais-maternidades-da-fhemig-promovem-cursos-e-oficinas-para-gestantes\\\/#listItem\",\"name\":\"Ag\\u00eancia Minas Gerais | Maternidades da Fhemig promovem cursos e oficinas para gestantes\"},\"previousItem\":{\"@type\":\"ListItem\",\"@id\":\"https:\\\/\\\/ejornais.com.br#listItem\",\"name\":\"In\\u00edcio\"}},{\"@type\":\"ListItem\",\"@id\":\"https:\\\/\\\/ejornais.com.br\\\/index.php\\\/2024\\\/08\\\/23\\\/agencia-minas-gerais-maternidades-da-fhemig-promovem-cursos-e-oficinas-para-gestantes\\\/#listItem\",\"position\":3,\"name\":\"Ag\\u00eancia Minas Gerais | Maternidades da Fhemig promovem cursos e oficinas para gestantes\",\"previousItem\":{\"@type\":\"ListItem\",\"@id\":\"https:\\\/\\\/ejornais.com.br\\\/index.php\\\/category\\\/ejornais\\\/#listItem\",\"name\":\"Cat\\u00e1logo de Jornais\"}}]},{\"@type\":\"Organization\",\"@id\":\"https:\\\/\\\/ejornais.com.br\\\/#organization\",\"name\":\"eJornais\",\"description\":\"Cat\\u00e1logo de Jornais no mundo, Not\\u00edcias, Blog e Esportes ao vivo\",\"url\":\"https:\\\/\\\/ejornais.com.br\\\/\"},{\"@type\":\"Person\",\"@id\":\"https:\\\/\\\/ejornais.com.br\\\/index.php\\\/author\\\/#author\",\"url\":\"https:\\\/\\\/ejornais.com.br\\\/index.php\\\/author\\\/\"},{\"@type\":\"WebPage\",\"@id\":\"https:\\\/\\\/ejornais.com.br\\\/index.php\\\/2024\\\/08\\\/23\\\/agencia-minas-gerais-maternidades-da-fhemig-promovem-cursos-e-oficinas-para-gestantes\\\/#webpage\",\"url\":\"https:\\\/\\\/ejornais.com.br\\\/index.php\\\/2024\\\/08\\\/23\\\/agencia-minas-gerais-maternidades-da-fhemig-promovem-cursos-e-oficinas-para-gestantes\\\/\",\"name\":\"Ag\\u00eancia Minas Gerais | Maternidades da Fhemig promovem cursos e oficinas para gestantes - eJornais\",\"description\":\"A Maternidade Odete Valadares (MOV) e o Hospital J\\u00falia Kubitschek (HJK), em Belo Horizonte, e o Hospital Regional Jo\\u00e3o Penido, em Juiz de Fora, da Funda\\u00e7\\u00e3o Hospitalar do Estado de Minas Gerais (Fhemig), oferecem cursos preparat\\u00f3rios \\u00e0s gestantes, com conversas informativas e acolhedoras sobre tudo que envolve a chegada do beb\\u00ea. Os cursos contam com participa\\u00e7\\u00e3o\",\"inLanguage\":\"pt-BR\",\"isPartOf\":{\"@id\":\"https:\\\/\\\/ejornais.com.br\\\/#website\"},\"breadcrumb\":{\"@id\":\"https:\\\/\\\/ejornais.com.br\\\/index.php\\\/2024\\\/08\\\/23\\\/agencia-minas-gerais-maternidades-da-fhemig-promovem-cursos-e-oficinas-para-gestantes\\\/#breadcrumblist\"},\"author\":{\"@id\":\"https:\\\/\\\/ejornais.com.br\\\/index.php\\\/author\\\/#author\"},\"creator\":{\"@id\":\"https:\\\/\\\/ejornais.com.br\\\/index.php\\\/author\\\/#author\"},\"datePublished\":\"2024-08-23T23:51:22-03:00\",\"dateModified\":\"2024-08-23T23:51:22-03:00\"},{\"@type\":\"WebSite\",\"@id\":\"https:\\\/\\\/ejornais.com.br\\\/#website\",\"url\":\"https:\\\/\\\/ejornais.com.br\\\/\",\"name\":\"eJornais\",\"description\":\"Cat\\u00e1logo de Jornais no mundo, Not\\u00edcias, Blog e Esportes ao vivo\",\"inLanguage\":\"pt-BR\",\"publisher\":{\"@id\":\"https:\\\/\\\/ejornais.com.br\\\/#organization\"}}]}\n\t\t<\/script>\n\t\t<!-- All in One SEO -->\n\n","aioseo_head_json":{"title":"Ag\u00eancia Minas Gerais | Maternidades da Fhemig promovem cursos e oficinas para gestantes - eJornais","description":"A Maternidade Odete Valadares (MOV) e o Hospital J\u00falia Kubitschek (HJK), em Belo Horizonte, e o Hospital Regional Jo\u00e3o Penido, em Juiz de Fora, da Funda\u00e7\u00e3o Hospitalar do Estado de Minas Gerais (Fhemig), oferecem cursos preparat\u00f3rios \u00e0s gestantes, com conversas informativas e acolhedoras sobre tudo que envolve a chegada do beb\u00ea. Os cursos contam com participa\u00e7\u00e3o","canonical_url":"https:\/\/ejornais.com.br\/index.php\/2024\/08\/23\/agencia-minas-gerais-maternidades-da-fhemig-promovem-cursos-e-oficinas-para-gestantes\/","robots":"max-image-preview:large","keywords":"","webmasterTools":{"miscellaneous":""},"schema":{"@context":"https:\/\/schema.org","@graph":[{"@type":"BlogPosting","@id":"https:\/\/ejornais.com.br\/index.php\/2024\/08\/23\/agencia-minas-gerais-maternidades-da-fhemig-promovem-cursos-e-oficinas-para-gestantes\/#blogposting","name":"Ag\u00eancia Minas Gerais | Maternidades da Fhemig promovem cursos e oficinas para gestantes - eJornais","headline":"Ag\u00eancia Minas Gerais | Maternidades da Fhemig promovem cursos e oficinas para gestantes","author":{"@id":"https:\/\/ejornais.com.br\/index.php\/author\/#author"},"publisher":{"@id":"https:\/\/ejornais.com.br\/#organization"},"datePublished":"2024-08-23T23:51:22-03:00","dateModified":"2024-08-23T23:51:22-03:00","inLanguage":"pt-BR","mainEntityOfPage":{"@id":"https:\/\/ejornais.com.br\/index.php\/2024\/08\/23\/agencia-minas-gerais-maternidades-da-fhemig-promovem-cursos-e-oficinas-para-gestantes\/#webpage"},"isPartOf":{"@id":"https:\/\/ejornais.com.br\/index.php\/2024\/08\/23\/agencia-minas-gerais-maternidades-da-fhemig-promovem-cursos-e-oficinas-para-gestantes\/#webpage"},"articleSection":"Cat\u00e1logo de Jornais"},{"@type":"BreadcrumbList","@id":"https:\/\/ejornais.com.br\/index.php\/2024\/08\/23\/agencia-minas-gerais-maternidades-da-fhemig-promovem-cursos-e-oficinas-para-gestantes\/#breadcrumblist","itemListElement":[{"@type":"ListItem","@id":"https:\/\/ejornais.com.br#listItem","position":1,"name":"In\u00edcio","item":"https:\/\/ejornais.com.br","nextItem":{"@type":"ListItem","@id":"https:\/\/ejornais.com.br\/index.php\/category\/ejornais\/#listItem","name":"Cat\u00e1logo de Jornais"}},{"@type":"ListItem","@id":"https:\/\/ejornais.com.br\/index.php\/category\/ejornais\/#listItem","position":2,"name":"Cat\u00e1logo de Jornais","item":"https:\/\/ejornais.com.br\/index.php\/category\/ejornais\/","nextItem":{"@type":"ListItem","@id":"https:\/\/ejornais.com.br\/index.php\/2024\/08\/23\/agencia-minas-gerais-maternidades-da-fhemig-promovem-cursos-e-oficinas-para-gestantes\/#listItem","name":"Ag\u00eancia Minas Gerais | Maternidades da Fhemig promovem cursos e oficinas para gestantes"},"previousItem":{"@type":"ListItem","@id":"https:\/\/ejornais.com.br#listItem","name":"In\u00edcio"}},{"@type":"ListItem","@id":"https:\/\/ejornais.com.br\/index.php\/2024\/08\/23\/agencia-minas-gerais-maternidades-da-fhemig-promovem-cursos-e-oficinas-para-gestantes\/#listItem","position":3,"name":"Ag\u00eancia Minas Gerais | Maternidades da Fhemig promovem cursos e oficinas para gestantes","previousItem":{"@type":"ListItem","@id":"https:\/\/ejornais.com.br\/index.php\/category\/ejornais\/#listItem","name":"Cat\u00e1logo de Jornais"}}]},{"@type":"Organization","@id":"https:\/\/ejornais.com.br\/#organization","name":"eJornais","description":"Cat\u00e1logo de Jornais no mundo, Not\u00edcias, Blog e Esportes ao vivo","url":"https:\/\/ejornais.com.br\/"},{"@type":"Person","@id":"https:\/\/ejornais.com.br\/index.php\/author\/#author","url":"https:\/\/ejornais.com.br\/index.php\/author\/"},{"@type":"WebPage","@id":"https:\/\/ejornais.com.br\/index.php\/2024\/08\/23\/agencia-minas-gerais-maternidades-da-fhemig-promovem-cursos-e-oficinas-para-gestantes\/#webpage","url":"https:\/\/ejornais.com.br\/index.php\/2024\/08\/23\/agencia-minas-gerais-maternidades-da-fhemig-promovem-cursos-e-oficinas-para-gestantes\/","name":"Ag\u00eancia Minas Gerais | Maternidades da Fhemig promovem cursos e oficinas para gestantes - eJornais","description":"A Maternidade Odete Valadares (MOV) e o Hospital J\u00falia Kubitschek (HJK), em Belo Horizonte, e o Hospital Regional Jo\u00e3o Penido, em Juiz de Fora, da Funda\u00e7\u00e3o Hospitalar do Estado de Minas Gerais (Fhemig), oferecem cursos preparat\u00f3rios \u00e0s gestantes, com conversas informativas e acolhedoras sobre tudo que envolve a chegada do beb\u00ea. Os cursos contam com participa\u00e7\u00e3o","inLanguage":"pt-BR","isPartOf":{"@id":"https:\/\/ejornais.com.br\/#website"},"breadcrumb":{"@id":"https:\/\/ejornais.com.br\/index.php\/2024\/08\/23\/agencia-minas-gerais-maternidades-da-fhemig-promovem-cursos-e-oficinas-para-gestantes\/#breadcrumblist"},"author":{"@id":"https:\/\/ejornais.com.br\/index.php\/author\/#author"},"creator":{"@id":"https:\/\/ejornais.com.br\/index.php\/author\/#author"},"datePublished":"2024-08-23T23:51:22-03:00","dateModified":"2024-08-23T23:51:22-03:00"},{"@type":"WebSite","@id":"https:\/\/ejornais.com.br\/#website","url":"https:\/\/ejornais.com.br\/","name":"eJornais","description":"Cat\u00e1logo de Jornais no mundo, Not\u00edcias, Blog e Esportes ao vivo","inLanguage":"pt-BR","publisher":{"@id":"https:\/\/ejornais.com.br\/#organization"}}]},"og:locale":"pt_BR","og:site_name":"eJornais - Cat\u00e1logo de Jornais no mundo, Not\u00edcias, Blog e Esportes ao vivo","og:type":"article","og:title":"Ag\u00eancia Minas Gerais | Maternidades da Fhemig promovem cursos e oficinas para gestantes - eJornais","og:description":"A Maternidade Odete Valadares (MOV) e o Hospital J\u00falia Kubitschek (HJK), em Belo Horizonte, e o Hospital Regional Jo\u00e3o Penido, em Juiz de Fora, da Funda\u00e7\u00e3o Hospitalar do Estado de Minas Gerais (Fhemig), oferecem cursos preparat\u00f3rios \u00e0s gestantes, com conversas informativas e acolhedoras sobre tudo que envolve a chegada do beb\u00ea. Os cursos contam com participa\u00e7\u00e3o","og:url":"https:\/\/ejornais.com.br\/index.php\/2024\/08\/23\/agencia-minas-gerais-maternidades-da-fhemig-promovem-cursos-e-oficinas-para-gestantes\/","article:published_time":"2024-08-24T02:51:22+00:00","article:modified_time":"2024-08-24T02:51:22+00:00","twitter:card":"summary_large_image","twitter:title":"Ag\u00eancia Minas Gerais | Maternidades da Fhemig promovem cursos e oficinas para gestantes - eJornais","twitter:description":"A Maternidade Odete Valadares (MOV) e o Hospital J\u00falia Kubitschek (HJK), em Belo Horizonte, e o Hospital Regional Jo\u00e3o Penido, em Juiz de Fora, da Funda\u00e7\u00e3o Hospitalar do Estado de Minas Gerais (Fhemig), oferecem cursos preparat\u00f3rios \u00e0s gestantes, com conversas informativas e acolhedoras sobre tudo que envolve a chegada do beb\u00ea. Os cursos contam com participa\u00e7\u00e3o"},"aioseo_meta_data":{"post_id":"31041","title":null,"description":null,"keywords":null,"keyphrases":null,"primary_term":null,"canonical_url":null,"og_title":null,"og_description":null,"og_object_type":"default","og_image_type":"default","og_image_url":null,"og_image_width":null,"og_image_height":null,"og_image_custom_url":null,"og_image_custom_fields":null,"og_video":null,"og_custom_url":null,"og_article_section":null,"og_article_tags":null,"twitter_use_og":false,"twitter_card":"default","twitter_image_type":"default","twitter_image_url":null,"twitter_image_custom_url":null,"twitter_image_custom_fields":null,"twitter_title":null,"twitter_description":null,"schema":{"blockGraphs":[],"customGraphs":[],"default":{"data":{"Article":[],"Course":[],"Dataset":[],"FAQPage":[],"Movie":[],"Person":[],"Product":[],"ProductReview":[],"Car":[],"Recipe":[],"Service":[],"SoftwareApplication":[],"WebPage":[]},"graphName":"","isEnabled":true},"graphs":[]},"schema_type":"default","schema_type_options":null,"pillar_content":false,"robots_default":true,"robots_noindex":false,"robots_noarchive":false,"robots_nosnippet":false,"robots_nofollow":false,"robots_noimageindex":false,"robots_noodp":false,"robots_notranslate":false,"robots_max_snippet":null,"robots_max_videopreview":null,"robots_max_imagepreview":"large","priority":null,"frequency":null,"local_seo":null,"breadcrumb_settings":null,"limit_modified_date":false,"ai":null,"created":"2024-08-24 02:59:02","updated":"2025-06-05 21:40:05","seo_analyzer_scan_date":null,"focus_keyword":null,"additional_keywords":null,"truseo_locale":null},"aioseo_breadcrumb":"<div class=\"aioseo-breadcrumbs\"><span class=\"aioseo-breadcrumb\">\n\t\t\t<a href=\"https:\/\/ejornais.com.br\" title=\"In\u00edcio\">In\u00edcio<\/a>\n\t\t<\/span><span class=\"aioseo-breadcrumb-separator\">&raquo;<\/span><span class=\"aioseo-breadcrumb\">\n\t\t\t<a href=\"https:\/\/ejornais.com.br\/index.php\/category\/ejornais\/\" title=\"Cat\u00e1logo de Jornais\">Cat\u00e1logo de Jornais<\/a>\n\t\t<\/span><span class=\"aioseo-breadcrumb-separator\">&raquo;<\/span><span class=\"aioseo-breadcrumb\">\n\t\t\tAg\u00eancia Minas Gerais | Maternidades da Fhemig promovem cursos e oficinas para gestantes\n\t\t<\/span><\/div>","aioseo_breadcrumb_json":[{"label":"In\u00edcio","link":"https:\/\/ejornais.com.br"},{"label":"Cat\u00e1logo de Jornais","link":"https:\/\/ejornais.com.br\/index.php\/category\/ejornais\/"},{"label":"Ag\u00eancia Minas Gerais | Maternidades da Fhemig promovem cursos e oficinas para gestantes","link":"https:\/\/ejornais.com.br\/index.php\/2024\/08\/23\/agencia-minas-gerais-maternidades-da-fhemig-promovem-cursos-e-oficinas-para-gestantes\/"}],"amp_enabled":true,"_links":{"self":[{"href":"https:\/\/ejornais.com.br\/index.php\/wp-json\/wp\/v2\/posts\/31041","targetHints":{"allow":["GET"]}}],"collection":[{"href":"https:\/\/ejornais.com.br\/index.php\/wp-json\/wp\/v2\/posts"}],"about":[{"href":"https:\/\/ejornais.com.br\/index.php\/wp-json\/wp\/v2\/types\/post"}],"author":[{"embeddable":true,"href":"https:\/\/ejornais.com.br\/index.php\/wp-json\/wp\/v2\/users\/1"}],"replies":[{"embeddable":true,"href":"https:\/\/ejornais.com.br\/index.php\/wp-json\/wp\/v2\/comments?post=31041"}],"version-history":[{"count":0,"href":"https:\/\/ejornais.com.br\/index.php\/wp-json\/wp\/v2\/posts\/31041\/revisions"}],"wp:attachment":[{"href":"https:\/\/ejornais.com.br\/index.php\/wp-json\/wp\/v2\/media?parent=31041"}],"wp:term":[{"taxonomy":"category","embeddable":true,"href":"https:\/\/ejornais.com.br\/index.php\/wp-json\/wp\/v2\/categories?post=31041"},{"taxonomy":"post_tag","embeddable":true,"href":"https:\/\/ejornais.com.br\/index.php\/wp-json\/wp\/v2\/tags?post=31041"}],"curies":[{"name":"wp","href":"https:\/\/api.w.org\/{rel}","templated":true}]}}