{"id":3136,"date":"2022-07-21T04:10:03","date_gmt":"2022-07-21T07:10:03","guid":{"rendered":"https:\/\/ejornais.com.br\/?p=3136"},"modified":"2022-07-21T04:10:03","modified_gmt":"2022-07-21T07:10:03","slug":"marcos-mion-perdeu-filha-mulher-do-apresentador-revela-e-tenta-se-conformar-brilha-no-ceu","status":"publish","type":"post","link":"https:\/\/ejornais.com.br\/index.php\/2022\/07\/21\/marcos-mion-perdeu-filha-mulher-do-apresentador-revela-e-tenta-se-conformar-brilha-no-ceu\/","title":{"rendered":"Marcos Mion perdeu filha, mulher do apresentador revela e tenta se conformar: \u2018Brilha no c\u00e9u\u2019"},"content":{"rendered":"<p>Na noite do \u00faltimo domingo, a esposa do mais novo contratado da emissora Globo, Marcos Mion, que nos dias atuais comanda o programa Caldeir\u00e3o, desabafou em rede nacional a respeito de um tema bastante doloroso vivido por sua fam\u00edlia.<\/p>\n<p>Na oportunidade, a esposa do apresentador, Suzana Gullo abriu a caixa de perguntas de sua conta oficial do Instagram, onde ostenta com a soma de mais de um milh\u00e3o de seguidores, para que os seus seguidores pudessem fazer algumas perguntas sobre a famosa e a fam\u00edlia.<\/p>\n<p>&nbsp;<\/p>\n<p>No decorrer do bate-papo, uma das seguidoras de plant\u00e3o, bastante curiosa, perguntou para a famosa qual o crit\u00e9rio utilizado para a escolha dos nomes de seus herdeiros. Vale ressaltar que, a esposa de Marcos Mion \u00e9 m\u00e3e de Donatella, de 13 anos de idade, Romeu, o mais velho de 16, e o mais novo Stefano, de apenas 11 anos.<\/p>\n<p>Foi exatamente nesse momento, que a influenciadora digital revelou que sofreu a perda de uma filha que iria ter com o apresentador. A crian\u00e7a n\u00e3o p\u00f4de vir ao mundo porque ela acabou sofrendo complica\u00e7\u00f5es na gesta\u00e7\u00e3o e teve um aborto espont\u00e2neo. Bastante sensibilizada, a influenciadora desabafou:<\/p>\n<p>\u201c<strong>Perdi a Margherita antes da Doninha. Mas ela brilha no c\u00e9u e \u00e9 o anjinho da fam\u00edlia<\/strong>\u201d, desabafou Suzana, depois de explicar a origem dos nomes que deu para os tr\u00eas filhos.<\/p>\n<p>De acordo com a esposa do apresentador, suas gesta\u00e7\u00f5es sempre foram muito complicadas e ela at\u00e9 precisou ficar em absoluto repouso para conseguir legar a gravidez ao fim. Logo em seguida, tratou de matar a curiosidade dos internautas de plant\u00e3o, explicando calmamente a origem dos nomes dados aos filhos. Na oportunidade, a esposa de Mion revelou que Romeo foi escolha de Marcos Mion, Donatella foi escolha de uma amiga \u00edntima e Stefano foi escolha de Romeo.<\/p>\n<h3>Compartilhe isso:<\/h3>\n<h4> TV MRNews N\u00e3o perca tamb\u00e9m:<\/h4>\n<p>\n","protected":false},"excerpt":{"rendered":"<p>Na noite do \u00faltimo domingo, a esposa do mais novo contratado da emissora Globo, Marcos Mion, que nos dias atuais<\/p>\n","protected":false},"author":2,"featured_media":0,"comment_status":"closed","ping_status":"closed","sticky":false,"template":"","format":"standard","meta":{"colormag_page_container_layout":"default_layout","colormag_page_sidebar_layout":"default_layout","footnotes":""},"categories":[46],"tags":[],"class_list":["post-3136","post","type-post","status-publish","format-standard","hentry","category-noticias"],"aioseo_notices":[],"amp_enabled":true,"_links":{"self":[{"href":"https:\/\/ejornais.com.br\/index.php\/wp-json\/wp\/v2\/posts\/3136","targetHints":{"allow":["GET"]}}],"collection":[{"href":"https:\/\/ejornais.com.br\/index.php\/wp-json\/wp\/v2\/posts"}],"about":[{"href":"https:\/\/ejornais.com.br\/index.php\/wp-json\/wp\/v2\/types\/post"}],"author":[{"embeddable":true,"href":"https:\/\/ejornais.com.br\/index.php\/wp-json\/wp\/v2\/users\/2"}],"replies":[{"embeddable":true,"href":"https:\/\/ejornais.com.br\/index.php\/wp-json\/wp\/v2\/comments?post=3136"}],"version-history":[{"count":1,"href":"https:\/\/ejornais.com.br\/index.php\/wp-json\/wp\/v2\/posts\/3136\/revisions"}],"predecessor-version":[{"id":3137,"href":"https:\/\/ejornais.com.br\/index.php\/wp-json\/wp\/v2\/posts\/3136\/revisions\/3137"}],"wp:attachment":[{"href":"https:\/\/ejornais.com.br\/index.php\/wp-json\/wp\/v2\/media?parent=3136"}],"wp:term":[{"taxonomy":"category","embeddable":true,"href":"https:\/\/ejornais.com.br\/index.php\/wp-json\/wp\/v2\/categories?post=3136"},{"taxonomy":"post_tag","embeddable":true,"href":"https:\/\/ejornais.com.br\/index.php\/wp-json\/wp\/v2\/tags?post=3136"}],"curies":[{"name":"wp","href":"https:\/\/api.w.org\/{rel}","templated":true}]}}