{"id":31473,"date":"2024-09-03T08:04:41","date_gmt":"2024-09-03T11:04:41","guid":{"rendered":"https:\/\/ejornais.com.br\/index.php\/2024\/09\/03\/bioparque-pantanal-celebra-o-mes-da-arvore-com-acoes-pedagogicas-voltadas-a-educacao-ambiental\/"},"modified":"2024-09-03T08:04:41","modified_gmt":"2024-09-03T11:04:41","slug":"bioparque-pantanal-celebra-o-mes-da-arvore-com-acoes-pedagogicas-voltadas-a-educacao-ambiental","status":"publish","type":"post","link":"https:\/\/ejornais.com.br\/index.php\/2024\/09\/03\/bioparque-pantanal-celebra-o-mes-da-arvore-com-acoes-pedagogicas-voltadas-a-educacao-ambiental\/","title":{"rendered":"Bioparque Pantanal celebra o m\u00eas da \u00e1rvore com a\u00e7\u00f5es pedag\u00f3gicas voltadas \u00e0 educa\u00e7\u00e3o ambiental"},"content":{"rendered":"<p><\/p>\n<div>\n<p>A educa\u00e7\u00e3o ambiental, um dos pilares do maior aqu\u00e1rio de \u00e1gua doce do mundo, \u00e9 desenvolvida constantemente pelo N\u00facleo de Educa\u00e7\u00e3o Ambiental (NEA) do Biopaque Pantanal. As atividades s\u00e3o bimestrais, e o tema atual faz alus\u00e3o ao m\u00eas da \u00e1rvore, celebrado em setembro.<\/p>\n<p>O Bioparque Pantanal busca sensibilizar e conscientizar os visitantes sobre a import\u00e2ncia do meio ambiente e do cuidado com ele. Para isso, a estrutura conta com uma equipe multidisciplinar de bi\u00f3logos e pedagogos que atuam no espa\u00e7o de produ\u00e7\u00e3o e potencializa\u00e7\u00e3o cient\u00edfica. Estudantes e o p\u00fablico em geral participam de conta\u00e7\u00e3o de hist\u00f3rias, atividades pedag\u00f3gicas, e atividades no Laborat\u00f3rio M\u00f3vel e no microsc\u00f3pio.<\/p>\n<p>Thuany Rezende, bi\u00f3loga do NEA, comenta que o tema \u00e9 bastante trabalhado nas salas de aula pelos professores. \u201cPensamos em trabalhar esta data, 21 de setembro, uma data pontual nas escolas. Por\u00e9m, o m\u00eas da \u00e1rvore tem rela\u00e7\u00e3o com o Dia do Cerrado, Dia da Amaz\u00f4nia, Dia do Bi\u00f3logo, Dia de Defesa da Fauna, todos celebrados no m\u00eas de setembro. Ent\u00e3o, trabalhamos o tema central, que \u00e9 a \u00e1rvore, e fazemos links com outras datas importantes&#8221;.<\/p>\n<p>Em julho, o n\u00facleo dialogou com os visitantes sobre a tem\u00e1tica da biodiversidade em Mato Grosso do Sul e no Brasil, e apresentou bons resultados, com o p\u00fablico interagindo com as pautas propostas no circuito de visita\u00e7\u00e3o. \u201cAs pessoas ficam atentas e fazem perguntas, principalmente as crian\u00e7as. Na parte escolar, temos um retorno positivo dos estudantes, que nos visitam num ano e no ano seguinte retornam, lembrando da apresenta\u00e7\u00e3o com a gente. Para n\u00f3s do NEA, \u00e9 gratificante&#8221;.<\/p>\n<p>Para quem j\u00e1 atravessou o Neotr\u00f3pico, o maior tanque do Bioparque, talvez tenha percebido, ao fim, um espa\u00e7o de educa\u00e7\u00e3o ambiental onde acontece a conta\u00e7\u00e3o de hist\u00f3rias, com uma plateia que vai de crian\u00e7as a idosos. A pedagoga e contadora de hist\u00f3rias Sueli Bonfim, integrante do NEA, compartilha que a hist\u00f3ria contada tem impacto direto naqueles que assistem. \u201c\u00c9 uma forma de sair um pouco da rotina, mergulhar na fantasia e aprender sobre a import\u00e2ncia da conserva\u00e7\u00e3o ambiental&#8221;.<\/p>\n<p>Denise Ferreira, m\u00e3e do pequeno Caio, de 6 anos, explicou que as atividades l\u00fadicas contribuem para a conscientiza\u00e7\u00e3o da preserva\u00e7\u00e3o da fauna e da flora. \u201cMuito interessante este trabalho direcionado para as crian\u00e7as. Trouxe meu filho e ele ficou deslumbrado com os animais, mas essa parte pedag\u00f3gica e l\u00fadica ajuda a desenvolver a consci\u00eancia ambiental desde cedo&#8221;.<\/p>\n<p>H\u00e1 quem diga que a conta\u00e7\u00e3o de hist\u00f3rias e as atividades pedag\u00f3gicas s\u00e3o apenas para as crian\u00e7as, mas Denise acrescenta que descobriu que o maracuj\u00e1 j\u00e1 est\u00e1 em extin\u00e7\u00e3o. \u201cAprendi bastante, principalmente sobre o maracuj\u00e1, que est\u00e1 com os dias contados e estamos apenas com uma esp\u00e9cie polinizadora. A poliniza\u00e7\u00e3o artificial n\u00e3o est\u00e1 sendo a mais adequada&#8221;.<\/p>\n<p>Maria Fernanda Balestieri, diretora geral do Bioparque, comenta que a educa\u00e7\u00e3o ambiental \u00e9 uma ferramenta fundamental para a forma\u00e7\u00e3o na inf\u00e2ncia. \u201cCrian\u00e7as que s\u00e3o ensinadas desde cedo sobre a import\u00e2ncia do cuidado com a natureza desenvolvem um senso de responsabilidade e empatia, n\u00e3o apenas com o meio ambiente, mas tamb\u00e9m com as comunidades ao seu redor. O Bioparque desenvolve essas atividades com uma equipe pedag\u00f3gica multidisciplinar, sempre focadas na preserva\u00e7\u00e3o da fauna e da flora&#8221;.<\/p>\n<p><strong>Comunidade escolar<\/strong><\/p>\n<p>Nas ter\u00e7as e quintas-feiras, pode-se ouvir o barulho dos \u00f4nibus escolares e os estudantes descem animados para a visita\u00e7\u00e3o. At\u00e9 agosto de 2024, o maior aqu\u00e1rio de \u00e1gua doce do mundo recebeu mais de 1.340 escolas e mais de 75.500 alunos. A estudante Anna Luiza Vasconcelos, de 8 anos, ficou encantada com a conta\u00e7\u00e3o de hist\u00f3rias e comentou que \u201ca preserva\u00e7\u00e3o \u00e9 importante para o mundo n\u00e3o acabar\u201d.<\/p>\n<p>O agendamento de grupos escolares \u00e9 aberto todo dia 16 de cada m\u00eas, exclusivamente pelo site <span style=\"color: #0000ff;\">bioparquepantanal.ms.gov.br<\/span>. A entrada \u00e9 gratuita com visitas estudantis nas ter\u00e7as e quintas-feiras.\u00a0<\/p>\n<p><em>Gabriel Issagawa, Bioparque Pantanal (mat\u00e9ria supervisionada)<br \/><\/em><em>Fotos: Lara Miranda<\/em><\/p>\n<\/div>\n","protected":false},"excerpt":{"rendered":"<p>A educa\u00e7\u00e3o ambiental, um dos pilares do maior aqu\u00e1rio de \u00e1gua doce do mundo, \u00e9 desenvolvida constantemente pelo N\u00facleo de<\/p>\n","protected":false},"author":2,"featured_media":0,"comment_status":"","ping_status":"","sticky":false,"template":"","format":"standard","meta":{"colormag_page_container_layout":"default_layout","colormag_page_sidebar_layout":"default_layout","footnotes":""},"categories":[1],"tags":[],"class_list":["post-31473","post","type-post","status-publish","format-standard","hentry","category-ejornais"],"aioseo_notices":[],"amp_enabled":true,"_links":{"self":[{"href":"https:\/\/ejornais.com.br\/index.php\/wp-json\/wp\/v2\/posts\/31473","targetHints":{"allow":["GET"]}}],"collection":[{"href":"https:\/\/ejornais.com.br\/index.php\/wp-json\/wp\/v2\/posts"}],"about":[{"href":"https:\/\/ejornais.com.br\/index.php\/wp-json\/wp\/v2\/types\/post"}],"author":[{"embeddable":true,"href":"https:\/\/ejornais.com.br\/index.php\/wp-json\/wp\/v2\/users\/2"}],"replies":[{"embeddable":true,"href":"https:\/\/ejornais.com.br\/index.php\/wp-json\/wp\/v2\/comments?post=31473"}],"version-history":[{"count":0,"href":"https:\/\/ejornais.com.br\/index.php\/wp-json\/wp\/v2\/posts\/31473\/revisions"}],"wp:attachment":[{"href":"https:\/\/ejornais.com.br\/index.php\/wp-json\/wp\/v2\/media?parent=31473"}],"wp:term":[{"taxonomy":"category","embeddable":true,"href":"https:\/\/ejornais.com.br\/index.php\/wp-json\/wp\/v2\/categories?post=31473"},{"taxonomy":"post_tag","embeddable":true,"href":"https:\/\/ejornais.com.br\/index.php\/wp-json\/wp\/v2\/tags?post=31473"}],"curies":[{"name":"wp","href":"https:\/\/api.w.org\/{rel}","templated":true}]}}