{"id":31558,"date":"2024-09-04T22:58:50","date_gmt":"2024-09-05T01:58:50","guid":{"rendered":"https:\/\/ejornais.com.br\/index.php\/2024\/09\/04\/agencia-minas-gerais-tribunal-de-contas-de-minas-gerais-emite-parecer-pela-aprovacao-das-contas-de-2022-do-governador\/"},"modified":"2024-09-04T22:58:50","modified_gmt":"2024-09-05T01:58:50","slug":"agencia-minas-gerais-tribunal-de-contas-de-minas-gerais-emite-parecer-pela-aprovacao-das-contas-de-2022-do-governador","status":"publish","type":"post","link":"https:\/\/ejornais.com.br\/index.php\/2024\/09\/04\/agencia-minas-gerais-tribunal-de-contas-de-minas-gerais-emite-parecer-pela-aprovacao-das-contas-de-2022-do-governador\/","title":{"rendered":"Ag\u00eancia Minas Gerais | Tribunal de Contas de Minas Gerais emite parecer pela aprova\u00e7\u00e3o das contas de 2022 do governador"},"content":{"rendered":"<p><\/p>\n<div>\n<p>O Tribunal de Contas de Minas Gerais (TCE-MG) emitiu, nesta quarta-feira (4\/9), em sess\u00e3o extraordin\u00e1ria, parecer pr\u00e9vio pela aprova\u00e7\u00e3o das contas do governador Romeu Zema, referentes ao ano de 2022.\u00a0<\/p>\n<p>O parecer pr\u00e9vio ser\u00e1 encaminhado, ap\u00f3s prazo recursal, \u00e0 Assembleia Legislativa de Minas Gerais (ALMG), respons\u00e1vel pelo julgamento das contas anuais do chefe do Executivo.<\/p>\n<p>O advogado-geral do Estado de Minas Gerais (AGE-MG), S\u00e9rgio Pessoa de Paula Castro, acompanhou a vota\u00e7\u00e3o no TCE-MG e destacou o esfor\u00e7o do Estado em reorganizar as finan\u00e7as p\u00fablicas.<\/p>\n<p>A an\u00e1lise das contas foi presidida pelo conselheiro Gilberto Diniz e teve in\u00edcio em 13\/3\/2024, quando o conselheiro Mauri Torres pediu vista do processo.<\/p>\n<p>O Balan\u00e7o Geral do Estado recebeu cinco votos a favor da aprova\u00e7\u00e3o: conselheiros Wanderley \u00c1vila, Jos\u00e9 Viana, Cl\u00e1udio Terr\u00e3o, Mauri Torres e Agostinho Patrus. O conselheiro Durval\u00a0 \u00c2ngelo votou pela aprova\u00e7\u00e3o com ressalvas.<\/p>\n<p>O relator foi o conselheiro Wanderley \u00c1vila. Em conformidade com a an\u00e1lise da Coordenadoria de Fiscaliza\u00e7\u00e3o e Avalia\u00e7\u00e3o da Macrogest\u00e3o Governamental do Estado (Cfamge), ele evidenciou que o percentual aplicado pelo Estado no desenvolvimento e na manuten\u00e7\u00e3o do ensino (25,40% da receita) superou a exig\u00eancia constitucional (25%).<br \/>&#13;<br \/>\n\u00a0<\/p>\n<\/p><\/div>\n","protected":false},"excerpt":{"rendered":"<p>O Tribunal de Contas de Minas Gerais (TCE-MG) emitiu, nesta quarta-feira (4\/9), em sess\u00e3o extraordin\u00e1ria, parecer pr\u00e9vio pela aprova\u00e7\u00e3o das<\/p>\n","protected":false},"author":2,"featured_media":0,"comment_status":"","ping_status":"","sticky":false,"template":"","format":"standard","meta":{"colormag_page_container_layout":"default_layout","colormag_page_sidebar_layout":"default_layout","footnotes":""},"categories":[1],"tags":[],"class_list":["post-31558","post","type-post","status-publish","format-standard","hentry","category-ejornais"],"aioseo_notices":[],"amp_enabled":true,"_links":{"self":[{"href":"https:\/\/ejornais.com.br\/index.php\/wp-json\/wp\/v2\/posts\/31558","targetHints":{"allow":["GET"]}}],"collection":[{"href":"https:\/\/ejornais.com.br\/index.php\/wp-json\/wp\/v2\/posts"}],"about":[{"href":"https:\/\/ejornais.com.br\/index.php\/wp-json\/wp\/v2\/types\/post"}],"author":[{"embeddable":true,"href":"https:\/\/ejornais.com.br\/index.php\/wp-json\/wp\/v2\/users\/2"}],"replies":[{"embeddable":true,"href":"https:\/\/ejornais.com.br\/index.php\/wp-json\/wp\/v2\/comments?post=31558"}],"version-history":[{"count":0,"href":"https:\/\/ejornais.com.br\/index.php\/wp-json\/wp\/v2\/posts\/31558\/revisions"}],"wp:attachment":[{"href":"https:\/\/ejornais.com.br\/index.php\/wp-json\/wp\/v2\/media?parent=31558"}],"wp:term":[{"taxonomy":"category","embeddable":true,"href":"https:\/\/ejornais.com.br\/index.php\/wp-json\/wp\/v2\/categories?post=31558"},{"taxonomy":"post_tag","embeddable":true,"href":"https:\/\/ejornais.com.br\/index.php\/wp-json\/wp\/v2\/tags?post=31558"}],"curies":[{"name":"wp","href":"https:\/\/api.w.org\/{rel}","templated":true}]}}