{"id":31676,"date":"2024-09-07T05:49:24","date_gmt":"2024-09-07T08:49:24","guid":{"rendered":"https:\/\/ejornais.com.br\/index.php\/2024\/09\/07\/numero-de-unidades-do-bom-prato-movel-cresce-66-no-estado-de-sp\/"},"modified":"2024-09-07T05:49:24","modified_gmt":"2024-09-07T08:49:24","slug":"numero-de-unidades-do-bom-prato-movel-cresce-66-no-estado-de-sp","status":"publish","type":"post","link":"https:\/\/ejornais.com.br\/index.php\/2024\/09\/07\/numero-de-unidades-do-bom-prato-movel-cresce-66-no-estado-de-sp\/","title":{"rendered":"N\u00famero de unidades do Bom Prato M\u00f3vel cresce 66% no estado de SP"},"content":{"rendered":"<div id=\"\">&#13;<br \/>\n                                <!-- Title -->&#13;<br \/>\n                                &#13;<br \/>\n&#13;<br \/>\n                                <!-- Excerpt -->&#13;<\/p>\n<p class=\"excerpt\">S\u00f3 no primeiro semestre deste ano, os ve\u00edculos serviram cerca de 1,9 milh\u00e3o de refei\u00e7\u00f5es<\/p>\n<p>&#13;<br \/>\n&#13;<br \/>\n                                &#13;\n                            <\/p><\/div>\n<div id=\"\">&#13;<\/p>\n<figure id=\"attachment_6077422\" style=\"width: 100%;max-width: 2560px\" class=\"wp-caption alignnone\"><figcaption class=\"wp-caption-text\">Ao todo, existem 45 unidades do Bom Prato M\u00f3vel no estado de S\u00e3o Paulo, 18 deles inaugurados durante a atual gest\u00e3o<\/figcaption><\/figure>\n<p>Cerca de 80 pessoas aguardavam em fila, \u00e0s 10h40, na rua Tonga, em Mogi das Cruzes, no \u00faltimo dia 28 de agosto, pela chegada do caminh\u00e3o do Bom Prato M\u00f3vel, ve\u00edculo que leva diariamente refei\u00e7\u00f5es balanceadas e de qualidade para serem entregues mediante o pagamento de R$ 1. Ao todo, existem 45 caminh\u00f5es do tipo no estado de S\u00e3o Paulo, 18 deles inaugurados durante a atual gest\u00e3o, um crescimento de 66%. S\u00f3 no primeiro semestre deste ano, os ve\u00edculos serviram cerca de 1,9 milh\u00e3o de refei\u00e7\u00f5es.<\/p>\n<p>A cerca de sete quil\u00f4metros do ponto de distribui\u00e7\u00e3o da rua Tonga, o preparo do almo\u00e7o come\u00e7a \u00e0s 5h na unidade fixa do Bom Prato no centro de Mogi das Cruzes, regi\u00e3o metropolitana de S\u00e3o Paulo. L\u00e1, 20 funcion\u00e1rios, orientados pela nutricionista Viviana Maciel, cozinham 1.400 almo\u00e7os por dia, 1.100 para servir no local e 300 para abastecer o Bom Prato M\u00f3vel. Cerca de 44 das 75 unidades fixas tamb\u00e9m produzem marmitas para o servi\u00e7o do Bom Prato M\u00f3vel. \u201cA mesma comida servida na unidade \u00e9 a oferecida no Bom Prato M\u00f3vel. Tiramos apenas a salada, para n\u00e3o murchar\u201d, explica Viviana Maciel.<\/p>\n<p><strong>Leia a reportagem completa na Ag\u00eancia SP<\/strong><\/p>\n<\/p><\/div>\n","protected":false},"excerpt":{"rendered":"<p>&#13; &#13; &#13; &#13; &#13; S\u00f3 no primeiro semestre deste ano, os ve\u00edculos serviram cerca de 1,9 milh\u00e3o de refei\u00e7\u00f5es<\/p>\n","protected":false},"author":2,"featured_media":0,"comment_status":"","ping_status":"","sticky":false,"template":"","format":"standard","meta":{"colormag_page_container_layout":"default_layout","colormag_page_sidebar_layout":"default_layout","footnotes":""},"categories":[1],"tags":[],"class_list":["post-31676","post","type-post","status-publish","format-standard","hentry","category-ejornais"],"aioseo_notices":[],"amp_enabled":true,"_links":{"self":[{"href":"https:\/\/ejornais.com.br\/index.php\/wp-json\/wp\/v2\/posts\/31676","targetHints":{"allow":["GET"]}}],"collection":[{"href":"https:\/\/ejornais.com.br\/index.php\/wp-json\/wp\/v2\/posts"}],"about":[{"href":"https:\/\/ejornais.com.br\/index.php\/wp-json\/wp\/v2\/types\/post"}],"author":[{"embeddable":true,"href":"https:\/\/ejornais.com.br\/index.php\/wp-json\/wp\/v2\/users\/2"}],"replies":[{"embeddable":true,"href":"https:\/\/ejornais.com.br\/index.php\/wp-json\/wp\/v2\/comments?post=31676"}],"version-history":[{"count":0,"href":"https:\/\/ejornais.com.br\/index.php\/wp-json\/wp\/v2\/posts\/31676\/revisions"}],"wp:attachment":[{"href":"https:\/\/ejornais.com.br\/index.php\/wp-json\/wp\/v2\/media?parent=31676"}],"wp:term":[{"taxonomy":"category","embeddable":true,"href":"https:\/\/ejornais.com.br\/index.php\/wp-json\/wp\/v2\/categories?post=31676"},{"taxonomy":"post_tag","embeddable":true,"href":"https:\/\/ejornais.com.br\/index.php\/wp-json\/wp\/v2\/tags?post=31676"}],"curies":[{"name":"wp","href":"https:\/\/api.w.org\/{rel}","templated":true}]}}