{"id":31795,"date":"2024-09-10T13:14:48","date_gmt":"2024-09-10T16:14:48","guid":{"rendered":"https:\/\/ejornais.com.br\/index.php\/2024\/09\/10\/eleicoes-ifsp-2024-confira-os-codigos-eleitorais-ifsp\/"},"modified":"2024-09-10T13:14:48","modified_gmt":"2024-09-10T16:14:48","slug":"eleicoes-ifsp-2024-confira-os-codigos-eleitorais-ifsp","status":"publish","type":"post","link":"https:\/\/ejornais.com.br\/index.php\/2024\/09\/10\/eleicoes-ifsp-2024-confira-os-codigos-eleitorais-ifsp\/","title":{"rendered":"Elei\u00e7\u00f5es IFSP 2024: confira os c\u00f3digos eleitorais\u00a0 &#8211; IFSP"},"content":{"rendered":"<p><\/p>\n<div>\n<div class=\"subtitle\">\n<p><span data-contrast=\"auto\">Comiss\u00e3o Eleitoral disponibiliza normas para processo de escolha de reitor e diretores-gerais<\/span><span data-ccp-props=\"{&quot;201341983&quot;:0,&quot;335559739&quot;:160,&quot;335559740&quot;:279}\">\u00a0<\/span><\/p>\n<\/div>\n<p><!-- fim .content-header-options-1 --><\/p>\n<p><span data-contrast=\"auto\">No m\u00eas de outubro, a comunidade do IFSP votar\u00e1 para eleger o novo reitor e novos diretores-gerais dos campi da Institui\u00e7\u00e3o para o mandato 2025\u20132029. Todas as normas disciplinares para o processo de consulta j\u00e1 est\u00e3o dispon\u00edveis.<\/span><span data-ccp-props=\"{&quot;134233117&quot;:false,&quot;134233118&quot;:false,&quot;201341983&quot;:0,&quot;335551550&quot;:1,&quot;335551620&quot;:1,&quot;335559685&quot;:0,&quot;335559737&quot;:0,&quot;335559738&quot;:0,&quot;335559739&quot;:160,&quot;335559740&quot;:279}\">\u00a0<\/span><\/p>\n<p><span data-contrast=\"auto\">A Comiss\u00e3o Eleitoral Central, formada por docentes e t\u00e9cnicos administrativos de diferentes campi do IFSP, foi institu\u00edda no \u00faltimo dia 5 de setembro. O grupo divulgou nesta segunda-feira (9) os c\u00f3digos eleitorais para a consulta p\u00fablica para escolha do reitor e diretores-gerais. Os recursos contra os c\u00f3digos eleitorais podem ser interpostos at\u00e9 esta ter\u00e7a-feira, 10 de setembro.\u00a0<\/span><\/p>\n<p><span data-contrast=\"auto\">No per\u00edodo de 13 a 16 de setembro, os candidatos ao cargo de reitor e diretores-gerais dos campi poder\u00e3o se inscrever para o processo eleitoral. As propostas de gest\u00e3o dever\u00e3o ser encaminhadas entre 13 de setembro e 8 de outubro. <\/span><span data-ccp-props=\"{&quot;201341983&quot;:0,&quot;335559739&quot;:160,&quot;335559740&quot;:279}\">\u00a0<\/span><\/p>\n<p><span data-contrast=\"auto\">A campanha eleitoral se iniciar\u00e1 no dia 21 de setembro. <\/span><span data-ccp-props=\"{&quot;201341983&quot;:0,&quot;335559739&quot;:160,&quot;335559740&quot;:279}\">\u00a0<\/span><\/p>\n<p><b><span data-contrast=\"auto\">Vota\u00e7\u00e3o<\/span><\/b><span data-ccp-props=\"{&quot;201341983&quot;:0,&quot;335559739&quot;:160,&quot;335559740&quot;:279}\">\u00a0<\/span><\/p>\n<p><span data-contrast=\"auto\">O per\u00edodo de vota\u00e7\u00e3o do primeiro turno ser\u00e1 das 11h59 do dia 16 at\u00e9 as 11h59 do dia 17 de outubro. <\/span><span data-ccp-props=\"{&quot;201341983&quot;:0,&quot;335559739&quot;:160,&quot;335559740&quot;:279}\">\u00a0<\/span><\/p>\n<p><span data-contrast=\"auto\">A vota\u00e7\u00e3o para o segundo turno das elei\u00e7\u00f5es (quando houver) se dar\u00e1 das 11h59 do dia 29 at\u00e9 as 11h59 do dia 30 de outubro.<\/span><span data-ccp-props=\"{&quot;201341983&quot;:0,&quot;335559739&quot;:160,&quot;335559740&quot;:279}\">\u00a0<\/span><\/p>\n<p><span data-contrast=\"auto\">A vota\u00e7\u00e3o ser\u00e1 direta, secreta, uninominal, facultativa e online,\u00a0por meio do Sistema de Vota\u00e7\u00e3o Helios Voting.<\/span><span data-ccp-props=\"{&quot;201341983&quot;:0,&quot;335559739&quot;:160,&quot;335559740&quot;:279}\">\u00a0<\/span><\/p>\n<p><span data-contrast=\"auto\">Poder\u00e3o participar todos os servidores e os discentes do IFSP constantes nas listas de eleitores que ser\u00e3o publicadas a partir do dia 23 de setembro.<\/span><span data-ccp-props=\"{&quot;134233117&quot;:false,&quot;134233118&quot;:false,&quot;201341983&quot;:0,&quot;335551550&quot;:1,&quot;335551620&quot;:1,&quot;335559685&quot;:0,&quot;335559737&quot;:0,&quot;335559738&quot;:0,&quot;335559739&quot;:160,&quot;335559740&quot;:279}\">\u00a0<\/span><\/p>\n<p><span data-ccp-props=\"{&quot;134233117&quot;:false,&quot;134233118&quot;:false,&quot;201341983&quot;:0,&quot;335551550&quot;:1,&quot;335551620&quot;:1,&quot;335559685&quot;:0,&quot;335559737&quot;:0,&quot;335559738&quot;:0,&quot;335559739&quot;:160,&quot;335559740&quot;:279}\">\u00a0<\/span><\/p>\n<p><span data-contrast=\"auto\">Conhe\u00e7a os c\u00f3digos eleitorais e acompanhe todas as informa\u00e7\u00f5es sobre as Elei\u00e7\u00f5es IFSP 2024 aqui. <\/span><span data-ccp-props=\"{&quot;134233117&quot;:false,&quot;134233118&quot;:false,&quot;201341983&quot;:0,&quot;335551550&quot;:1,&quot;335551620&quot;:1,&quot;335559685&quot;:0,&quot;335559737&quot;:0,&quot;335559738&quot;:0,&quot;335559739&quot;:160,&quot;335559740&quot;:279}\">\u00a0<\/span><\/p>\n<\/div>\n<p><script>(function(d, s, id) {\n  var js, fjs = d.getElementsByTagName(s)[0];\n  if (d.getElementById(id)) return;\n  js = d.createElement(s); js.id = id;\n  js.src = \"\/\/connect.facebook.net\/pt_BR\/all.js#xfbml=1&appId=509544779073047\";\n  fjs.parentNode.insertBefore(js, fjs);\n }(document, 'script', 'facebook-jssdk'));<\/script><\/p>\n","protected":false},"excerpt":{"rendered":"<p>Comiss\u00e3o Eleitoral disponibiliza normas para processo de escolha de reitor e diretores-gerais\u00a0 No m\u00eas de outubro, a comunidade do IFSP<\/p>\n","protected":false},"author":2,"featured_media":0,"comment_status":"","ping_status":"","sticky":false,"template":"","format":"standard","meta":{"colormag_page_container_layout":"default_layout","colormag_page_sidebar_layout":"default_layout","footnotes":""},"categories":[1],"tags":[],"class_list":["post-31795","post","type-post","status-publish","format-standard","hentry","category-ejornais"],"aioseo_notices":[],"amp_enabled":true,"_links":{"self":[{"href":"https:\/\/ejornais.com.br\/index.php\/wp-json\/wp\/v2\/posts\/31795","targetHints":{"allow":["GET"]}}],"collection":[{"href":"https:\/\/ejornais.com.br\/index.php\/wp-json\/wp\/v2\/posts"}],"about":[{"href":"https:\/\/ejornais.com.br\/index.php\/wp-json\/wp\/v2\/types\/post"}],"author":[{"embeddable":true,"href":"https:\/\/ejornais.com.br\/index.php\/wp-json\/wp\/v2\/users\/2"}],"replies":[{"embeddable":true,"href":"https:\/\/ejornais.com.br\/index.php\/wp-json\/wp\/v2\/comments?post=31795"}],"version-history":[{"count":0,"href":"https:\/\/ejornais.com.br\/index.php\/wp-json\/wp\/v2\/posts\/31795\/revisions"}],"wp:attachment":[{"href":"https:\/\/ejornais.com.br\/index.php\/wp-json\/wp\/v2\/media?parent=31795"}],"wp:term":[{"taxonomy":"category","embeddable":true,"href":"https:\/\/ejornais.com.br\/index.php\/wp-json\/wp\/v2\/categories?post=31795"},{"taxonomy":"post_tag","embeddable":true,"href":"https:\/\/ejornais.com.br\/index.php\/wp-json\/wp\/v2\/tags?post=31795"}],"curies":[{"name":"wp","href":"https:\/\/api.w.org\/{rel}","templated":true}]}}