{"id":32066,"date":"2024-09-16T12:16:30","date_gmt":"2024-09-16T15:16:30","guid":{"rendered":"https:\/\/ejornais.com.br\/index.php\/2024\/09\/16\/onde-assistir-mallorca-x-real-sociedad-ao-vivo-escalacoes-e-palpites-espanhol-la-liga-hoje-17-09\/"},"modified":"2024-09-16T12:16:30","modified_gmt":"2024-09-16T15:16:30","slug":"onde-assistir-mallorca-x-real-sociedad-ao-vivo-escalacoes-e-palpites-espanhol-la-liga-hoje-17-09","status":"publish","type":"post","link":"https:\/\/ejornais.com.br\/index.php\/2024\/09\/16\/onde-assistir-mallorca-x-real-sociedad-ao-vivo-escalacoes-e-palpites-espanhol-la-liga-hoje-17-09\/","title":{"rendered":"ONDE ASSISTIR Mallorca x Real Sociedad AO VIVO, escala\u00e7\u00f5es e palpites Espanhol La Liga, HOJE (17\/09)"},"content":{"rendered":"<p><\/p>\n<div>\n<p>A partida<strong> entre Mallorca x Real Sociedad <\/strong><strong>\u00a0<\/strong>acontece<strong> HOJE (17\/09)<\/strong><strong>, \u00e0s 14 hs,<\/strong> pelo <a href=\"https:\/\/mrnews.com.br\/index.php\/category\/noticias\/esportes\/espanhol\">Campeonato Espanhol<\/a>, a La Liga 24\/25<strong>.<\/strong>\u00a0O mandante desta partida ser\u00e1 <strong>o Mallorca q<\/strong>ue\u00a0 buscar os tr\u00eas pontos em seus dom\u00ednios.<\/p>\n<p>\u00a0<\/p>\n<h2>Preview: Mallorca x Real Sociedad \u2013 previs\u00e3o, not\u00edcias do time, escala\u00e7\u00f5es<\/h2>\n<p>\u00a0<\/p>\n<p>Mallorca e Real Sociedad se enfrentam nesta ter\u00e7a-feira, 17 de setembro de 2024, no Estadi Mallorca Son Moix, \u00e0s 14h (hor\u00e1rio de Bras\u00edlia), pela 7\u00aa rodada da La Liga. Ambas as equipes buscam recupera\u00e7\u00e3o na temporada ap\u00f3s in\u00edcios de campanha irregulares.<\/p>\n<p>\u00a0<\/p>\n<h3>Pr\u00e9via da Partida<\/h3>\n<p>O Mallorca entra em campo desanimado ap\u00f3s sofrer uma derrota amarga para o Villarreal no \u00faltimo s\u00e1bado. O time conseguiu igualar o placar com um gol contra de Raul Albiol aos 57 minutos, mas viu suas esperan\u00e7as de ao menos um ponto serem frustradas com o gol de Ayoze Perez nos acr\u00e9scimos.<\/p>\n<p>\u00a0<\/p>\n<p>A equipe de Jagoba Arrasate come\u00e7ou a temporada com apenas uma vit\u00f3ria em cinco partidas, conquistada contra o rec\u00e9m-promovido Legan\u00e9s. O Mallorca ainda n\u00e3o venceu em casa nesta temporada, acumulando dois empates (Real Madrid e Sevilla) e uma derrota (Villarreal). A \u00faltima vit\u00f3ria em casa contra a Real Sociedad foi em setembro de 2012.<\/p>\n<p>\u00a0<\/p>\n<p>J\u00e1 a Real Sociedad busca encerrar uma sequ\u00eancia de tr\u00eas jogos sem vit\u00f3ria. O time basco est\u00e1 em 16\u00ba lugar com apenas quatro pontos, resultado de uma campanha que incluiu derrotas em todos os tr\u00eas jogos em casa. No entanto, a equipe tem um hist\u00f3rico favor\u00e1vel contra o Mallorca, com oito vit\u00f3rias nos \u00faltimos nove confrontos na La Liga, incluindo duas na temporada 2023-24.<\/p>\n<p>\u00a0<\/p>\n<h3>Forma das Equipes<\/h3>\n<p>**Mallorca (La Liga):** DLDWL<\/p>\n<p>**Real Sociedad (La Liga):** LWLDL<\/p>\n<p>\u00a0<\/p>\n<h3>Not\u00edcias das Equipes<\/h3>\n<p>O Mallorca ter\u00e1 algumas baixas importantes. Pablo Maffeo, Mateu Morey e Javier Llabres est\u00e3o lesionados, enquanto Siebe Van Der Heyden \u00e9 d\u00favida ap\u00f3s ter perdido a \u00faltima partida por les\u00e3o muscular. O lateral-esquerdo Johan Mojica dever\u00e1 substituir Toni Lato, que cumpre suspens\u00e3o ap\u00f3s ser expulso no \u00faltimo jogo. Valery e Robert Navarro, rec\u00e9m-chegados, podem fazer suas estreias como titulares.<\/p>\n<p>\u00a0<\/p>\n<p>Pelo lado da Real Sociedad, Brais Mendez e Arsen Zakharyan continuam fora, enquanto Hamari Traore est\u00e1 afastado devido a uma grave les\u00e3o no ligamento cruzado. Mikel Oyarzabal \u00e9 d\u00favida por causa de uma les\u00e3o no tornozelo. Javi Lopez saiu lesionado contra o Real Madrid e deve ser avaliado antes do jogo.<\/p>\n<p>\u00a0<\/p>\n<h3>Prov\u00e1veis Escala\u00e7\u00f5es<\/h3>\n<p>**Mallorca:** Greif; Valery, Valjient, Raillo, Mojica; Morlanes, Costa; Larin, Darder, Navarro; Muriqi.<\/p>\n<p>\u00a0<\/p>\n<p>**Real Sociedad:** Remiro; Aramburu, Zubeldia, Aguerd, Munoz; Turrientes, Zubimendi, Gomez; Kubo, Becker, Oskarsson.<\/p>\n<p>\u00a0<\/p>\n<h3>Previs\u00e3o: Mallorca 1-2 Real Sociedad<\/h3>\n<p>Apesar do in\u00edcio decepcionante de temporada da Real Sociedad, o hist\u00f3rico recente contra o Mallorca \u00e9 favor\u00e1vel. Acreditamos que os visitantes aproveitem essa vantagem para conquistar mais uma vit\u00f3ria na temporada.<\/p>\n<h2>Onde Assistir?<\/h2>\n<p>O Campeonato Espanhol \u00e9 exclusividade dos canais Disney no Brasil. Incluindo ESPN, ESPN2. ESPN 3 E ESPN+.<\/p>\n<p>Tags #girona #laliga #realmadrid #barcelona #betis #palpites<\/p>\n<\/div>\n","protected":false},"excerpt":{"rendered":"<p>A partida entre Mallorca x Real Sociedad \u00a0acontece HOJE (17\/09), \u00e0s 14 hs, pelo Campeonato Espanhol, a La Liga 24\/25.\u00a0O<\/p>\n","protected":false},"author":2,"featured_media":0,"comment_status":"","ping_status":"","sticky":false,"template":"","format":"standard","meta":{"colormag_page_container_layout":"default_layout","colormag_page_sidebar_layout":"default_layout","footnotes":""},"categories":[1],"tags":[],"class_list":["post-32066","post","type-post","status-publish","format-standard","hentry","category-ejornais"],"aioseo_notices":[],"amp_enabled":true,"_links":{"self":[{"href":"https:\/\/ejornais.com.br\/index.php\/wp-json\/wp\/v2\/posts\/32066","targetHints":{"allow":["GET"]}}],"collection":[{"href":"https:\/\/ejornais.com.br\/index.php\/wp-json\/wp\/v2\/posts"}],"about":[{"href":"https:\/\/ejornais.com.br\/index.php\/wp-json\/wp\/v2\/types\/post"}],"author":[{"embeddable":true,"href":"https:\/\/ejornais.com.br\/index.php\/wp-json\/wp\/v2\/users\/2"}],"replies":[{"embeddable":true,"href":"https:\/\/ejornais.com.br\/index.php\/wp-json\/wp\/v2\/comments?post=32066"}],"version-history":[{"count":0,"href":"https:\/\/ejornais.com.br\/index.php\/wp-json\/wp\/v2\/posts\/32066\/revisions"}],"wp:attachment":[{"href":"https:\/\/ejornais.com.br\/index.php\/wp-json\/wp\/v2\/media?parent=32066"}],"wp:term":[{"taxonomy":"category","embeddable":true,"href":"https:\/\/ejornais.com.br\/index.php\/wp-json\/wp\/v2\/categories?post=32066"},{"taxonomy":"post_tag","embeddable":true,"href":"https:\/\/ejornais.com.br\/index.php\/wp-json\/wp\/v2\/tags?post=32066"}],"curies":[{"name":"wp","href":"https:\/\/api.w.org\/{rel}","templated":true}]}}