{"id":32086,"date":"2024-09-16T17:51:38","date_gmt":"2024-09-16T20:51:38","guid":{"rendered":"https:\/\/ejornais.com.br\/index.php\/2024\/09\/16\/parque-oeste-comeca-a-funcionar-neste-sabado-em-inhoaiba\/"},"modified":"2024-09-16T17:51:38","modified_gmt":"2024-09-16T20:51:38","slug":"parque-oeste-comeca-a-funcionar-neste-sabado-em-inhoaiba","status":"publish","type":"post","link":"https:\/\/ejornais.com.br\/index.php\/2024\/09\/16\/parque-oeste-comeca-a-funcionar-neste-sabado-em-inhoaiba\/","title":{"rendered":"Parque Oeste come\u00e7a a funcionar neste s\u00e1bado, em Inhoa\u00edba"},"content":{"rendered":"<p><\/p>\n<p>A primeira parte do Parque Oeste foi aberta ao p\u00fablico no dia 14 de setembro, com equipamentos culturais, esportivos, de [&#8230;]<\/p>\n<p>O post Parque Oeste come\u00e7a a funcionar neste s\u00e1bado, em Inhoa\u00edba apareceu primeiro em Prefeitura da Cidade do Rio de Janeiro &#8211; prefeitura.rio.<\/p>\n","protected":false},"excerpt":{"rendered":"<p>A primeira parte do Parque Oeste foi aberta ao p\u00fablico no dia 14 de setembro, com equipamentos culturais, esportivos, de<\/p>\n","protected":false},"author":2,"featured_media":0,"comment_status":"","ping_status":"","sticky":false,"template":"","format":"standard","meta":{"colormag_page_container_layout":"default_layout","colormag_page_sidebar_layout":"default_layout","footnotes":""},"categories":[1],"tags":[],"class_list":["post-32086","post","type-post","status-publish","format-standard","hentry","category-ejornais"],"aioseo_notices":[],"amp_enabled":true,"_links":{"self":[{"href":"https:\/\/ejornais.com.br\/index.php\/wp-json\/wp\/v2\/posts\/32086","targetHints":{"allow":["GET"]}}],"collection":[{"href":"https:\/\/ejornais.com.br\/index.php\/wp-json\/wp\/v2\/posts"}],"about":[{"href":"https:\/\/ejornais.com.br\/index.php\/wp-json\/wp\/v2\/types\/post"}],"author":[{"embeddable":true,"href":"https:\/\/ejornais.com.br\/index.php\/wp-json\/wp\/v2\/users\/2"}],"replies":[{"embeddable":true,"href":"https:\/\/ejornais.com.br\/index.php\/wp-json\/wp\/v2\/comments?post=32086"}],"version-history":[{"count":0,"href":"https:\/\/ejornais.com.br\/index.php\/wp-json\/wp\/v2\/posts\/32086\/revisions"}],"wp:attachment":[{"href":"https:\/\/ejornais.com.br\/index.php\/wp-json\/wp\/v2\/media?parent=32086"}],"wp:term":[{"taxonomy":"category","embeddable":true,"href":"https:\/\/ejornais.com.br\/index.php\/wp-json\/wp\/v2\/categories?post=32086"},{"taxonomy":"post_tag","embeddable":true,"href":"https:\/\/ejornais.com.br\/index.php\/wp-json\/wp\/v2\/tags?post=32086"}],"curies":[{"name":"wp","href":"https:\/\/api.w.org\/{rel}","templated":true}]}}