{"id":32205,"date":"2024-09-19T08:21:19","date_gmt":"2024-09-19T11:21:19","guid":{"rendered":"https:\/\/ejornais.com.br\/index.php\/2024\/09\/19\/semana-pra-danca-2024-abre-inscricoes-abertas-para-mais-de-10-oficinas-de-diferentes-estilos-de-danca\/"},"modified":"2024-09-19T08:21:19","modified_gmt":"2024-09-19T11:21:19","slug":"semana-pra-danca-2024-abre-inscricoes-abertas-para-mais-de-10-oficinas-de-diferentes-estilos-de-danca","status":"publish","type":"post","link":"https:\/\/ejornais.com.br\/index.php\/2024\/09\/19\/semana-pra-danca-2024-abre-inscricoes-abertas-para-mais-de-10-oficinas-de-diferentes-estilos-de-danca\/","title":{"rendered":"Semana pra Dan\u00e7a 2024 abre inscri\u00e7\u00f5es abertas para mais de 10 oficinas de diferentes estilos de dan\u00e7a"},"content":{"rendered":"<p><\/p>\n<div>\n<p style=\"text-align: center;\"><em>Oficinas ser\u00e3o gratuitas e acontecer\u00e3o em v\u00e1rios pontos da Capital<\/em><\/p>\n<p>Da dan\u00e7a contempor\u00e2nea ao samba de gafieira, do ballet cl\u00e1ssico ao passinho, a programa\u00e7\u00e3o da &#8220;Semana Pra Dan\u00e7a 2024&#8221; \u00e9 um convite para todos aprenderem e dan\u00e7arem. De 30 de setembro a 6 de outubro, a dan\u00e7a vai tomar conta de Campo Grande. Al\u00e9m das diversas apresenta\u00e7\u00f5es, o evento oferece 12 oficinas de diferentes estilos, todas gratuitas.<\/p>\n<p>O evento \u00e9 organizado pelo Colegiado Estadual de Dan\u00e7a de MS e pela Associa\u00e7\u00e3o Arado Cultural, com apoio da FCMS (Funda\u00e7\u00e3o de Cultura de Mato Grosso do Sul), da Setesc (Secretaria de Estado de Turismo, Esporte e Cultura) e do Governo do Estado de Mato Grosso do Sul.<\/p>\n<p>A &#8220;Semana Pra Dan\u00e7a 2024&#8221; retoma as celebra\u00e7\u00f5es em alus\u00e3o ao Dia Internacional da Dan\u00e7a (29 de abril), oferecendo apresenta\u00e7\u00f5es de artistas, grupos e companhias de Mato Grosso do Sul e de outros estados, al\u00e9m de atividades formativas como oficinas, media\u00e7\u00f5es art\u00edsticas e bate-papos ap\u00f3s os espet\u00e1culos. O objetivo \u00e9 difundir a dan\u00e7a em suas m\u00faltiplas formas de manifesta\u00e7\u00e3o.<\/p>\n<p><strong>Programa\u00e7\u00e3o das oficinas<\/strong><\/p>\n<p>As oficinas come\u00e7am no dia 1\u00ba de outubro. \u00c0s 9h, Jackeline Mour\u00e3o e Reginaldo Borges ministram a oficina &#8220;Procedimento #6: Pr\u00e1ticas de Cria\u00e7\u00e3o&#8221;, na Sala Concei\u00e7\u00e3o Ferreira, localizada no CCJOG (Centro Cultural Jos\u00e9 Oct\u00e1vio Guizzo).<\/p>\n<p>\u00c0s 13h, Carmen Ligia Palhano Faria e Kleber da Silva Costa, da Oficina de Dan\u00e7a de Corumb\u00e1, conduzem a oficina &#8220;Siriri e Cururu&#8221;, na Escola Municipal Licurgo de Oliveira Bastos. \u00c0s 14h, Leonardo Lopes e Maria Fernanda Figueir\u00f3 apresentam a oficina &#8220;Cria\u00e7\u00e3o de Dan\u00e7as em Espa\u00e7os Urbanos&#8221;, tamb\u00e9m na Sala Concei\u00e7\u00e3o Ferreira, no CCJOG.<\/p>\n<p>No dia 2 de outubro, \u00e0s 8h, crian\u00e7as e adolescentes de 7 a 14 anos da Escola Municipal Iracema Maria Vicente participam da oficina &#8220;Um Brincar Dan\u00e7ante&#8221;, conduzida pela Cia Dan\u00e7urbana. \u00c0s 9h, Morgana Shayra, Isa Yasmin, Carla Rukan, Priscilla Melli, Mariete F\u00e9lix e Karla Loureiro realizam a &#8220;Oficina de Sons e Ritmos \u00c1rabes, Afro e ATS: Conhecendo e Experienciando a Cultura&#8221;, na Sala Concei\u00e7\u00e3o Ferreira. \u00c0s 14h, Chico Neller ministra a &#8220;Oficina de Dan\u00e7a Contempor\u00e2nea&#8221; no mesmo local.<\/p>\n<p>No dia 3 de outubro, \u00e0s 8h, Irineu Junior apresenta a oficina &#8220;Das Coisas N\u00e3o Ditas&#8221; na Escola Estadual Waldemir Barros da Silva. \u00c0s 14h, Isadora e Isabela Pantarotto realizam a &#8220;Oficina\/Media\u00e7\u00e3o En(casulo)&#8221; na Escola Estadual Jo\u00e3o Carlos Flores.<\/p>\n<p>\u00c0s 14h, tamb\u00e9m haver\u00e1 uma roda de conversa sobre o planejamento das a\u00e7\u00f5es para a dan\u00e7a, com o diretor-presidente da FCMS, Eduardo Mendes, na Sala Rubens Corr\u00eaa, no CCJOG, com tradu\u00e7\u00e3o em Libras.<\/p>\n<p>No dia 4 de outubro, \u00e0s 14h, Juliano Candia Pedrozo e Anderson Santos Peres apresentam a oficina &#8220;Samba de Gafieira B\u00e1sico&#8221; na Sala Concei\u00e7\u00e3o Ferreira. No dia 5 de outubro, \u00e0s 9h, a Cia Shakti Fusion realiza a &#8220;Oficina de Tribal Fusion Bellydance&#8221; na mesma sala.<\/p>\n<p><strong>Oficina de ballet cl\u00e1ssico com m\u00e9todo &#8220;upgrade.BR&#8221;, de Andrea Thomioka (SP)<\/strong><\/p>\n<p>No dia 5 de outubro, \u00e0s 14h, a &#8220;Semana Pra Dan\u00e7a 2024&#8221; oferece a oficina de ballet cl\u00e1ssico &#8220;upgrade.BR&#8221;, com Andrea Thomioka (SP), na Sala Concei\u00e7\u00e3o Ferreira. O m\u00e9todo &#8220;upgrade.BR&#8221; adapta a t\u00e9cnica cl\u00e1ssica \u00e0 realidade contempor\u00e2nea, respeitando as individualidades dos praticantes.<\/p>\n<p>A oficina \u00e9 voltada para profissionais e estudantes de n\u00edvel intermedi\u00e1rio. Andrea Thomioka \u00e9 idealizadora do m\u00e9todo e assistente de dire\u00e7\u00e3o da Cia Jovem de Dan\u00e7a de Jundia\u00ed (SP).<\/p>\n<p><strong>Oficina de passinho explora a dan\u00e7a das favelas cariocas<\/strong><\/p>\n<p>No domingo, 6 de outubro, \u00e0s 11h, no Armaz\u00e9m Cultural, ser\u00e1 realizada a &#8220;Oficina de Passinho&#8221;, com Iguinho Imperador e Pablinho MJ, da Clarin Cia de Dan\u00e7a (RJ\/SP). A oficina abordar\u00e1 a dan\u00e7a criada nos bailes das favelas cariocas, que mistura movimentos de breaking, hip hop, frevo e afro, representando a for\u00e7a da cultura perif\u00e9rica. A atividade \u00e9 aberta a todos os interessados nesse estilo.<\/p>\n<p><strong>Inscri\u00e7\u00f5es<\/strong><\/p>\n<p>As inscri\u00e7\u00f5es est\u00e3o abertas e podem ser feitas por meio de um link disponibilizado pelo evento. As vagas s\u00e3o limitadas e ser\u00e3o preenchidas por ordem de inscri\u00e7\u00e3o. N\u00e3o perca tempo e venha dan\u00e7ar na &#8220;Semana Pra Dan\u00e7a 2024&#8221;!<\/p>\n<p><strong>Servi\u00e7o<\/strong><\/p>\n<p>A Semana pra Dan\u00e7a 2024 acontece de 30 de setembro at\u00e9 6 de outubro em v\u00e1rios pontos de Campo Grande-MS. A programa\u00e7\u00e3o completa j\u00e1 est\u00e1 dispon\u00edvel por este <span style=\"color: #0000ff;\">link<\/span>. A realiza\u00e7\u00e3o \u00e9 do Colegiado Estadual de Dan\u00e7a de MS e da Associa\u00e7\u00e3o Arado Cultural, com investimento da Funda\u00e7\u00e3o de Cultura de Mato Grosso do Sul (FCMS), Secretaria de Estado de Turismo, Esporte e Cultura (Setesc) e Governo do Estado de Mato Grosso do Sul. Mais informa\u00e7\u00f5es pelo Instagram da\u00a0<span style=\"color: #0000ff;\">Arado Cultural<\/span>\u00a0e da\u00a0<span style=\"color: #0000ff;\">Semana pra Dan\u00e7a<\/span>.\u00a0<\/p>\n<p><em>Karina Lima, Comunica\u00e7\u00e3o Setesc<\/em><br \/><em>Foto: Divulga\u00e7\u00e3o<\/em><\/p>\n<\/div>\n<p><script async src=\"\/\/www.instagram.com\/embed.js\"><\/script><\/p>\n","protected":false},"excerpt":{"rendered":"<p>Oficinas ser\u00e3o gratuitas e acontecer\u00e3o em v\u00e1rios pontos da Capital Da dan\u00e7a contempor\u00e2nea ao samba de gafieira, do ballet cl\u00e1ssico<\/p>\n","protected":false},"author":2,"featured_media":0,"comment_status":"","ping_status":"","sticky":false,"template":"","format":"standard","meta":{"colormag_page_container_layout":"default_layout","colormag_page_sidebar_layout":"default_layout","footnotes":""},"categories":[1],"tags":[],"class_list":["post-32205","post","type-post","status-publish","format-standard","hentry","category-ejornais"],"aioseo_notices":[],"amp_enabled":true,"_links":{"self":[{"href":"https:\/\/ejornais.com.br\/index.php\/wp-json\/wp\/v2\/posts\/32205","targetHints":{"allow":["GET"]}}],"collection":[{"href":"https:\/\/ejornais.com.br\/index.php\/wp-json\/wp\/v2\/posts"}],"about":[{"href":"https:\/\/ejornais.com.br\/index.php\/wp-json\/wp\/v2\/types\/post"}],"author":[{"embeddable":true,"href":"https:\/\/ejornais.com.br\/index.php\/wp-json\/wp\/v2\/users\/2"}],"replies":[{"embeddable":true,"href":"https:\/\/ejornais.com.br\/index.php\/wp-json\/wp\/v2\/comments?post=32205"}],"version-history":[{"count":0,"href":"https:\/\/ejornais.com.br\/index.php\/wp-json\/wp\/v2\/posts\/32205\/revisions"}],"wp:attachment":[{"href":"https:\/\/ejornais.com.br\/index.php\/wp-json\/wp\/v2\/media?parent=32205"}],"wp:term":[{"taxonomy":"category","embeddable":true,"href":"https:\/\/ejornais.com.br\/index.php\/wp-json\/wp\/v2\/categories?post=32205"},{"taxonomy":"post_tag","embeddable":true,"href":"https:\/\/ejornais.com.br\/index.php\/wp-json\/wp\/v2\/tags?post=32205"}],"curies":[{"name":"wp","href":"https:\/\/api.w.org\/{rel}","templated":true}]}}