{"id":32233,"date":"2024-09-19T19:41:41","date_gmt":"2024-09-19T22:41:41","guid":{"rendered":"https:\/\/ejornais.com.br\/index.php\/2024\/09\/19\/alunos-do-ifsp-marcam-presenca-na-estreia-do-festival-entretodos-ifsp\/"},"modified":"2024-09-19T19:41:41","modified_gmt":"2024-09-19T22:41:41","slug":"alunos-do-ifsp-marcam-presenca-na-estreia-do-festival-entretodos-ifsp","status":"publish","type":"post","link":"https:\/\/ejornais.com.br\/index.php\/2024\/09\/19\/alunos-do-ifsp-marcam-presenca-na-estreia-do-festival-entretodos-ifsp\/","title":{"rendered":"Alunos do IFSP marcam presen\u00e7a na estreia do Festival Entretodos\u00a0 &#8211; IFSP"},"content":{"rendered":"<p><\/p>\n<div>\n<div class=\"subtitle\">\n<p><span data-contrast=\"none\">Diversos campi exibir\u00e3o os curtas-metragens selecionados\u00a0at\u00e9 30 de setembro<\/span><span data-ccp-props=\"{&quot;134233117&quot;:false,&quot;134233118&quot;:false,&quot;201341983&quot;:0,&quot;335551550&quot;:1,&quot;335551620&quot;:1,&quot;335557856&quot;:16777215,&quot;335559685&quot;:0,&quot;335559737&quot;:0,&quot;335559738&quot;:0,&quot;335559739&quot;:240,&quot;335559740&quot;:279}\">\u00a0<\/span><\/p>\n<\/div>\n<p><!-- fim .content-header-options-1 --><\/p>\n<p><span data-contrast=\"none\">O IFSP participou, na tarde desta quarta-feira (18), da cerim\u00f4nia de abertura da 17\u00aa edi\u00e7\u00e3o do Festival Entretodos<\/span><span data-contrast=\"auto\">, realizada na Cinemateca Brasileira, na capital paulista. At\u00e9 o fim de setembro, diversos campi do IFSP exibir\u00e3o os curtas-metragens selecionados para o evento e promover\u00e3o debates acerca dos Direitos Humanos.\u00a0<\/span><span data-ccp-props=\"{&quot;134233117&quot;:false,&quot;134233118&quot;:false,&quot;201341983&quot;:0,&quot;335557856&quot;:16777215,&quot;335559738&quot;:0,&quot;335559739&quot;:240,&quot;335559740&quot;:279}\">\u00a0<\/span><\/p>\n<p><span data-contrast=\"auto\">Alunos do Campus Itaquaquecetuba do IFSP acompanharam a exibi\u00e7\u00e3o dos curtas-metragens 33421, Big Bang, Dia de Preto, Mar\u00e9 Braba, e Jurema \u2014 a peleja do carcar\u00e1 e su\u00e7uarana. Todos os filmes foram selecionados pelo festival, que busca dar visibilidade a produ\u00e7\u00f5es de filmes nacionais e internacionais, que sejam capazes de sensibilizar e provocar reflex\u00f5es a respeito de quest\u00f5es sociais, raciais, de cidadania e de identidade de forma l\u00fadica e participativa.<\/span><span data-ccp-props=\"{&quot;201341983&quot;:0,&quot;335559739&quot;:160,&quot;335559740&quot;:279}\">\u00a0<\/span><\/p>\n<p><span data-contrast=\"none\">Depois de assistirem aos filmes, os alunos do IFSP participaram de um debate junto com alunos da Universidade Federal do ABC (UFABC) e da Escola Municipal de Ensino Fundamental Professora Milena Benedicto, os quais expuseram suas impress\u00f5es sobre o racismo, a exclus\u00e3o, o preconceito, as minorias e a sustentabilidade, temas abordados pelos v\u00eddeos, al\u00e9m do trabalho desenvolvido pelos profissionais de audiovisual. <\/span><span data-ccp-props=\"{&quot;134233117&quot;:false,&quot;134233118&quot;:false,&quot;201341983&quot;:0,&quot;335551550&quot;:1,&quot;335551620&quot;:1,&quot;335557856&quot;:16777215,&quot;335559685&quot;:0,&quot;335559737&quot;:0,&quot;335559738&quot;:0,&quot;335559739&quot;:240,&quot;335559740&quot;:279}\">\u00a0<\/span><\/p>\n<p><span data-contrast=\"none\">A aluna do curso T\u00e9cnico em Mec\u00e2nica integrado ao ensino m\u00e9dio do Campus Itaquaquecetuba Anna Clara Souza Martinusso se mostrou bastante animada com a visita \u00e0 Cinemateca e destacou o cinema como metodologia de aprendizagem: \u201c\u00e9 uma forma l\u00fadica de n\u00f3s jovens apendermos sobre temas t\u00e3o importantes e presentes na nossa sociedade. Acho que fica mais f\u00e1cil de entendermos quest\u00f5es complexas\u201d, avaliou. <\/span><span data-ccp-props=\"{&quot;134233117&quot;:false,&quot;134233118&quot;:false,&quot;201341983&quot;:0,&quot;335551550&quot;:1,&quot;335551620&quot;:1,&quot;335557856&quot;:16777215,&quot;335559685&quot;:0,&quot;335559737&quot;:0,&quot;335559738&quot;:0,&quot;335559739&quot;:240,&quot;335559740&quot;:279}\">\u00a0<\/span><\/p>\n<p><span data-contrast=\"none\">Gabriela Peters, professora de Sociologia do Campus Itaquaquecetuba, acompanhou a turma de 30 alunos e exaltou a oportunidade. \u201cAssistir a esses filmes na Cinemateca \u00e9 diferente de assistir na sala de aula. Aqui \u00e9 uma pot\u00eancia. E \u00e9 importante que os alunos saibam do direito deles de virem \u00e0 Cinemateca e ocuparem outros espa\u00e7os p\u00fablicos, ainda que compreendamos as dificuldades, a dist\u00e2ncia, a escassez de recursos, mas \u00e9 direito e dever de todo cidad\u00e3o ocupar esses espa\u00e7os\u201d, declarou. <\/span><span data-ccp-props=\"{&quot;134233117&quot;:false,&quot;134233118&quot;:false,&quot;201341983&quot;:0,&quot;335551550&quot;:1,&quot;335551620&quot;:1,&quot;335557856&quot;:16777215,&quot;335559685&quot;:0,&quot;335559737&quot;:0,&quot;335559738&quot;:0,&quot;335559739&quot;:240,&quot;335559740&quot;:279}\">\u00a0<\/span><\/p>\n<p><span data-contrast=\"none\">O\u00a0pr\u00f3-reitor de Extens\u00e3o e Cultura, <\/span><span data-contrast=\"none\">Rafael Alves Scarazzati, citou os impactos trazidos pela parceria. Em 2023, 35 campi do IFSP participaram do festival exibindo filmes e promovendo debates. \u201cO <\/span><span data-contrast=\"none\">Entretodos aproxima o cinema como linguagem. Todos os docentes podem usar o cinema como metodologia para discuss\u00e3o cr\u00edtica. A a\u00e7\u00e3o \u00e9\u00a0capaz de transformar toda uma sociedade\u201d, enaltece.<\/span><span data-ccp-props=\"{&quot;134233117&quot;:false,&quot;134233118&quot;:false,&quot;201341983&quot;:0,&quot;335551550&quot;:1,&quot;335551620&quot;:1,&quot;335557856&quot;:16777215,&quot;335559685&quot;:0,&quot;335559737&quot;:0,&quot;335559738&quot;:0,&quot;335559739&quot;:240,&quot;335559740&quot;:279}\">\u00a0<\/span><\/p>\n<p><span data-contrast=\"none\">Jorge Grinspum, coordenador do Festival Entretodos,\u00a0lembra que este \u00e9 o s\u00e9timo ano de parceria entre o Instituto Federal e o festival. Na Institui\u00e7\u00e3o, os alunos participantes do Congresso de Extens\u00e3o e Cultura (Conemac), realizado de 11 a 13 de setembro no Campus Avar\u00e9, tiveram um \u201caperitivo para conhecer o Entretodos\u201d, com a exibi\u00e7\u00e3o de cinco curtas-metragens e uma atividade de forma\u00e7\u00e3o conduzida por Jorge. \u201cOs debates foram muito bons, houve muita participa\u00e7\u00e3o dos alunos\u201d, ponderou.\u00a0<\/span><span data-ccp-props=\"{&quot;134233117&quot;:false,&quot;134233118&quot;:false,&quot;201341983&quot;:0,&quot;335551550&quot;:1,&quot;335551620&quot;:1,&quot;335557856&quot;:16777215,&quot;335559685&quot;:0,&quot;335559737&quot;:0,&quot;335559738&quot;:0,&quot;335559739&quot;:240,&quot;335559740&quot;:279}\">\u00a0<\/span><\/p>\n<p><span data-contrast=\"none\">O coordenador destaca o impacto dessa parceria, sobretudo nos campi do interior: \u201ccomo h\u00e1 menos op\u00e7\u00f5es de acesso a produ\u00e7\u00f5es audiovisuais no interior quando comparado \u00e0 capital paulista, as participa\u00e7\u00f5es acabam ganhando maior alcance. No IFSP, o Festival Entretodos veio para ficar\u201d.\u00a0\u00a0<\/span><span data-ccp-props=\"{&quot;134233117&quot;:false,&quot;134233118&quot;:false,&quot;201341983&quot;:0,&quot;335551550&quot;:1,&quot;335551620&quot;:1,&quot;335557856&quot;:16777215,&quot;335559685&quot;:0,&quot;335559737&quot;:0,&quot;335559738&quot;:0,&quot;335559739&quot;:240,&quot;335559740&quot;:279}\">\u00a0<\/span><\/p>\n<p><b><span data-contrast=\"auto\">Exibi\u00e7\u00e3o de filmes<\/span><\/b><span data-ccp-props=\"{&quot;134233117&quot;:false,&quot;134233118&quot;:false,&quot;201341983&quot;:0,&quot;335551550&quot;:1,&quot;335551620&quot;:1,&quot;335559685&quot;:0,&quot;335559737&quot;:0,&quot;335559738&quot;:0,&quot;335559739&quot;:160,&quot;335559740&quot;:279}\">\u00a0<\/span><\/p>\n<p><span data-contrast=\"auto\">At\u00e9 o dia 30 de setembro, os campi do IFSP, assim como outras institui\u00e7\u00f5es p\u00fablicas de ensino e espa\u00e7os p\u00fablicos de S\u00e3o Paulo, exibir\u00e3o os filmes curtos, de at\u00e9 25 minutos, selecionados pelo Entretodos. O p\u00fablico tamb\u00e9m poder\u00e1 votar no curta favorito. Para saber os dias e hor\u00e1rios das exibi\u00e7\u00f5es, procure a Coordenadoria de Extens\u00e3o do seu campus.\u00a0<\/span><\/p>\n<p><span data-contrast=\"auto\">As rodas de conversa sobre os Direitos Humanos estar\u00e3o presentes ap\u00f3s cada exibi\u00e7\u00e3o. Dessa forma, os alunos do IFSP, assim como o p\u00fablico externo presente nas atividades, ter\u00e3o a oportunidade de conversar com especialistas de diversas \u00e1reas.\u00a0<\/span><span data-ccp-props=\"{&quot;201341983&quot;:0,&quot;335559739&quot;:160,&quot;335559740&quot;:279}\">\u00a0<\/span><\/p>\n<p><span data-ccp-props=\"{&quot;201341983&quot;:0,&quot;335559739&quot;:160,&quot;335559740&quot;:279}\">A Cinemateca far\u00e1 mais duas exibi\u00e7\u00f5es dos curtas do Entretodos, nos dias 25 e 26 de setembro, das 13h, \u00e0s 15h. A entrada \u00e9 grauita. A Cinemateca fica no<span class=\"w8qArf FoJoyf\">\u00a0<\/span><span class=\"LrzXr\">Largo Senador Raul Cardoso, n.\u00ba 207, Vila Clementino. <\/span><\/span><\/p>\n<p><span data-ccp-props=\"{&quot;201341983&quot;:0,&quot;335559739&quot;:160,&quot;335559740&quot;:279}\"><span class=\"LrzXr\">O encerrameneto da 17\u00aa\u00a0edi\u00e7\u00e3o do Festival Entretodos acontecer\u00e1 no Centro Cultural de S\u00e3o Paulo, na sala Paulo Em\u00edlia, no dia 29 de setembro, a partir das 18h. O Centro Cultural fica na\u00a0Rua Vergueiro, n.\u00ba 1000, Liberdade.\u00a0<\/span><\/span><\/p>\n<p><span data-contrast=\"auto\">Os interessados tamb\u00e9m podem assistir aos filmes de forma online, no site do evento<\/span><span data-contrast=\"auto\">.<\/span><span data-ccp-props=\"{&quot;201341983&quot;:0,&quot;335559739&quot;:160,&quot;335559740&quot;:279}\">\u00a0<\/span><\/p>\n<p><span data-contrast=\"auto\">Saiba mais sobre o Festival Entretodos aqui.\u00a0<\/span><span data-ccp-props=\"{&quot;201341983&quot;:0,&quot;335559739&quot;:160,&quot;335559740&quot;:279}\">\u00a0<\/span><\/p>\n<p><span data-ccp-props=\"{&quot;201341983&quot;:0,&quot;335559739&quot;:160,&quot;335559740&quot;:279}\"><\/span><\/p>\n<\/div>\n","protected":false},"excerpt":{"rendered":"<p>Diversos campi exibir\u00e3o os curtas-metragens selecionados\u00a0at\u00e9 30 de setembro\u00a0 O IFSP participou, na tarde desta quarta-feira (18), da cerim\u00f4nia de<\/p>\n","protected":false},"author":2,"featured_media":0,"comment_status":"","ping_status":"","sticky":false,"template":"","format":"standard","meta":{"colormag_page_container_layout":"default_layout","colormag_page_sidebar_layout":"default_layout","footnotes":""},"categories":[1],"tags":[],"class_list":["post-32233","post","type-post","status-publish","format-standard","hentry","category-ejornais"],"aioseo_notices":[],"amp_enabled":true,"_links":{"self":[{"href":"https:\/\/ejornais.com.br\/index.php\/wp-json\/wp\/v2\/posts\/32233","targetHints":{"allow":["GET"]}}],"collection":[{"href":"https:\/\/ejornais.com.br\/index.php\/wp-json\/wp\/v2\/posts"}],"about":[{"href":"https:\/\/ejornais.com.br\/index.php\/wp-json\/wp\/v2\/types\/post"}],"author":[{"embeddable":true,"href":"https:\/\/ejornais.com.br\/index.php\/wp-json\/wp\/v2\/users\/2"}],"replies":[{"embeddable":true,"href":"https:\/\/ejornais.com.br\/index.php\/wp-json\/wp\/v2\/comments?post=32233"}],"version-history":[{"count":0,"href":"https:\/\/ejornais.com.br\/index.php\/wp-json\/wp\/v2\/posts\/32233\/revisions"}],"wp:attachment":[{"href":"https:\/\/ejornais.com.br\/index.php\/wp-json\/wp\/v2\/media?parent=32233"}],"wp:term":[{"taxonomy":"category","embeddable":true,"href":"https:\/\/ejornais.com.br\/index.php\/wp-json\/wp\/v2\/categories?post=32233"},{"taxonomy":"post_tag","embeddable":true,"href":"https:\/\/ejornais.com.br\/index.php\/wp-json\/wp\/v2\/tags?post=32233"}],"curies":[{"name":"wp","href":"https:\/\/api.w.org\/{rel}","templated":true}]}}