{"id":32268,"date":"2024-09-20T13:54:22","date_gmt":"2024-09-20T16:54:22","guid":{"rendered":"https:\/\/ejornais.com.br\/index.php\/2024\/09\/20\/som-da-concha-moda-inclusiva-rionegro-e-solimoes-e-festival-afronta-sao-destaques-do-fim-de-semana-em-ms-agencia-de-noticias-do-governo-de-mato-grosso-do-sul\/"},"modified":"2024-09-20T13:54:22","modified_gmt":"2024-09-20T16:54:22","slug":"som-da-concha-moda-inclusiva-rionegro-e-solimoes-e-festival-afronta-sao-destaques-do-fim-de-semana-em-ms-agencia-de-noticias-do-governo-de-mato-grosso-do-sul","status":"publish","type":"post","link":"https:\/\/ejornais.com.br\/index.php\/2024\/09\/20\/som-da-concha-moda-inclusiva-rionegro-e-solimoes-e-festival-afronta-sao-destaques-do-fim-de-semana-em-ms-agencia-de-noticias-do-governo-de-mato-grosso-do-sul\/","title":{"rendered":"Som da Concha, Moda Inclusiva, Rionegro e Solim\u00f5es, e Festival Afronta s\u00e3o destaques do fim de semana em MS \u2013 Ag\u00eancia de Noticias do Governo de Mato Grosso do Sul"},"content":{"rendered":"<p><\/p>\n<div>\n<p><span style=\"font-weight: 400;\">O Agend\u00e3o do fim de semana em Mato Grosso do Sul traz uma diversidade de eventos, com destaque para o Som da Concha, que contar\u00e1 com apresenta\u00e7\u00f5es gratuitas de Kal\u00e9lo e Giani Torres, no domingo (22). A 1\u00aa Semana de Moda Inclusiva, promovida pelo Projeto Bocaiuva, tamb\u00e9m promete movimentar Campo Grande com desfiles e debates sobre acessibilidade e inova\u00e7\u00e3o na moda.\u00a0<\/span><\/p>\n<p><span style=\"font-weight: 400;\">Al\u00e9m disso, o Festival Afronta valoriza a cultura preta, incluindo oficinas e shows na 14 de Julho, no centro da capital. O evento conta com atra\u00e7\u00f5es como o grupo Il\u00ea Megemulebaon\u00e3, performances art\u00edsticas e participa\u00e7\u00e3o especial de Leci Brand\u00e3o, atriz, cantora e compositora de samba.<\/span><\/p>\n<p><span style=\"font-weight: 400;\">J\u00e1 no domingo (22), o Festival Okinawa celebra a cultura japonesa, com destaque para as tradi\u00e7\u00f5es da ilha de Okinawa, no Jap\u00e3o. O evento conta com apresenta\u00e7\u00f5es art\u00edsticas, m\u00fasica tradicional, dan\u00e7as t\u00edpicas e uma rica culin\u00e1ria japonesa.\u00a0<\/span><\/p>\n<p><span style=\"font-weight: 400;\">Na zona rural de Tr\u00eas Lagoas, a 17\u00aa Cavalgada de Arapu\u00e1 marca presen\u00e7a com bail\u00e3o e show de Rionegro &amp; Solim\u00f5es, envolvendo o melhor da m\u00fasica sertaneja de raiz. A cavalgada \u00e9 uma tradi\u00e7\u00e3o local e re\u00fane moradores e visitantes para celebrar a cultura interiorana, em Arapu\u00e1, distrito tr\u00eas-lagoense.<\/span><\/p>\n<p><span style=\"font-weight: 400;\">A <\/span><b>Setesc<\/b><span style=\"font-weight: 400;\"> (Secretaria de Estado de Turismo, Esporte e Cultura) e a <\/span><b>FCMS<\/b><span style=\"font-weight: 400;\"> (Funda\u00e7\u00e3o de Cultura de Mato Grosso do Sul) listam os principais eventos do fim de semana. Confira:<\/span><\/p>\n<h4><span style=\"text-decoration: underline;\"><b>Sexta-feira (20)<\/b><\/span><\/h4>\n<p><b>1\u00aa Semana de Moda Inclusiva &#8211;<\/b><span style=\"font-weight: 400;\"> O Projeto Bocaiuva promove a 1\u00aa Semana de Moda Inclusiva em Campo Grande. O evento, pioneiro no Brasil, visa destacar a moda inclusiva para pessoas com defici\u00eancia, incentivando debates sobre acessibilidade e representatividade no universo da moda. Al\u00e9m disso, o projeto busca promover solu\u00e7\u00f5es inovadoras para o vestu\u00e1rio inclusivo. As atividades acontecer\u00e3o no Shopping Norte Sul Plaza e no Senac Hub Academy, incluindo oficinas, desfiles, palestras e apresenta\u00e7\u00f5es culturais.\u00a0<\/span><\/p>\n<p><span style=\"font-weight: 400;\">Confira a programa\u00e7\u00e3o de sexta-feira:<\/span><\/p>\n<p><b><i>Oficina Modelar, com Jum Nakao (SP)<br \/><\/i><\/b><span style=\"font-weight: 400;\">Hor\u00e1rio: 8h \u00e0s 18h<br \/><\/span><span style=\"font-weight: 400;\">Local: Senac Hub Academy &#8211; R. do Parque, 75 &#8211; Centro<\/span><\/p>\n<p><b><i>Exposi\u00e7\u00e3o \u201cUm Olhar Atento \u00e0s Pessoas\u201d, com obras dos artistas Alan Vilar, Erika Pedraza, Ghva Maur\u00edcio e Ligia Rocha<br \/><\/i><\/b><span style=\"font-weight: 400;\">Hor\u00e1rio: 10h \u00e0s 22h<\/span><span style=\"font-weight: 400;\"><br \/><\/span><span style=\"font-weight: 400;\">Local: Shopping Norte Sul Plaza &#8211; Av. Pres. Ernesto Geisel, 2300 &#8211; Jardim Joquei Club<\/span><\/p>\n<p><b><i>Mercado de Moda, com marcas de moda autoral de MS<br \/><\/i><\/b><span style=\"font-weight: 400;\">Hor\u00e1rio: 10h \u00e0s 22h<br \/><\/span><span style=\"font-weight: 400;\">Local: Shopping Norte Sul Plaza<\/span><\/p>\n<p><b><i>Apresenta\u00e7\u00e3o com DJ Keertana<br \/><\/i><\/b><span style=\"font-weight: 400;\">Hor\u00e1rio: 18h<br \/><\/span><span style=\"font-weight: 400;\">Local: Shopping Norte Sul Plaza<\/span><\/p>\n<p><b><i>Apresenta\u00e7\u00e3o c\u00eanica do Grupo UBU<br \/><\/i><\/b><span style=\"font-weight: 400;\">Hor\u00e1rio: 19h<br \/><\/span><span style=\"font-weight: 400;\">Local: Shopping Norte Sul Plaza<\/span><\/p>\n<p><b><i>Palestra \u201cComunica\u00e7\u00e3o n\u00e3o Verbal: a import\u00e2ncia dos cuidados com a imagem para pessoas com defici\u00eancia\u201d, com Wity Prado (MS)<br \/><\/i><\/b><span style=\"font-weight: 400;\">Hor\u00e1rio: 19h30<br \/><\/span><span style=\"font-weight: 400;\">Local: Shopping Norte Sul Plaza<\/span><\/p>\n<p><b><i>Apresenta\u00e7\u00e3o musical com Ariadne<br \/><\/i><\/b><span style=\"font-weight: 400;\">Hor\u00e1rio: 20h30<br \/><\/span><span style=\"font-weight: 400;\">Local: Shopping Norte Sul Plaza<\/span><\/p>\n<p><b>Exposi\u00e7\u00e3o Sofr\u00eancia &#8211;<\/b><span style=\"font-weight: 400;\"> A exposi\u00e7\u00e3o \u201cSofr\u00eancia\u201d, parte do projeto Arte nas Esta\u00e7\u00f5es, est\u00e1 no Centro Cultural Jos\u00e9 Oct\u00e1vio Guizzo, Campo Grande. Curada por Ulisses Carrilho, a mostra exibe 72 obras que retratam cenas cotidianas e rela\u00e7\u00f5es sociais, tendo como inspira\u00e7\u00e3o a m\u00fasica sertaneja e a figura feminina. Esta \u00e9 a primeira de tr\u00eas mostras sequenciais que ocupar\u00e3o os 200 m\u00b2 de \u00e1rea expositiva do Centro Cultural.<\/span><\/p>\n<p><span style=\"font-weight: 400;\">Com expografia de Janine Marques, a exposi\u00e7\u00e3o cria uma experi\u00eancia imersiva em tons vibrantes e conta com uma playlist de can\u00e7\u00f5es sertanejas que dialogam com as obras expostas. &#8220;Sofr\u00eancia&#8221; faz parte de uma s\u00e9rie de tr\u00eas exposi\u00e7\u00f5es itinerantes que trazem o acervo do Museu Internacional de Arte Na\u00eff do Brasil (Mian) para Mato Grosso do Sul. A exposi\u00e7\u00e3o estar\u00e1 aberta ao p\u00fablico at\u00e9 o dia 20 de outubro.<\/span><\/p>\n<p><span style=\"font-weight: 400;\">Hor\u00e1rio: 9h \u00e0s 18h<br \/><\/span><span style=\"font-weight: 400;\">Local: Centro Cultural Jos\u00e9 Oct\u00e1vio Guizzo &#8211; R. 26 de agosto, 453 \u2013 Centro<br \/><\/span><span style=\"font-weight: 400;\">Entrada: gratuita<\/span><\/p>\n<p><b>Origens &#8211; <\/b><span style=\"font-weight: 400;\">O show &#8220;Uma colet\u00e2nea de lembran\u00e7as e emo\u00e7\u00f5es&#8221;, com a cantora Renata Sena, promete uma noite cheia de sentimento e autenticidade. A apresenta\u00e7\u00e3o levar\u00e1 o p\u00fablico a uma viagem musical pela Pen\u00ednsula Ib\u00e9rica, regi\u00e3o onde a artista nasceu e passou sua inf\u00e2ncia.<\/span><\/p>\n<p><span style=\"font-weight: 400;\">Hor\u00e1rio: 19h<br \/><\/span><span style=\"font-weight: 400;\">Local: Sesc Teatro Prosa &#8211; R. Anhandu\u00ed, 200 &#8211; Centro<br \/><\/span><span style=\"font-weight: 400;\">Entrada: gratuita, com ingressos dispon\u00edveis no link <\/span><span style=\"font-weight: 400;\">https:\/\/www.sympla.com.br\/evento\/programacao-sesc-teatro-prosa-18-09-a-21-09\/2614486?referrer=linktr.ee<\/span><\/p>\n<p><b>Casa Cult \u2013 \u00c0 Moda da Casa &#8211; <\/b><span style=\"font-weight: 400;\">O Grupo Casa recebe a estilista Dayane Bento e a modelo e atriz Isabela Lopes para uma roda de conversa sobre experi\u00eancias na arte e moda locais.\u00a0<\/span><\/p>\n<p><span style=\"font-weight: 400;\">Hor\u00e1rio: 20h<br \/><\/span><span style=\"font-weight: 400;\">Local: Grupo Casa \u2013 R. Visconde de Taunay, 306 &#8211; Amambai<br \/><\/span><span style=\"font-weight: 400;\">Entrada: gratuita<\/span><\/p>\n<p><b>MS Tributo Festival &#8211;<\/b><span style=\"font-weight: 400;\"> As bandas Red e Foogha sobem ao palco do Blues Bar para um show tributo especial a Paramore, Evanescence, Creed e Nickelback.<\/span><\/p>\n<p><span style=\"font-weight: 400;\">Hor\u00e1rio: 20h<br \/><\/span><span style=\"font-weight: 400;\">Local: Blues Bar \u2013 R. 15 de Novembro, 1186 &#8211; Centro<br \/><\/span><span style=\"font-weight: 400;\">Entrada: a partir de R$ 30 na portaria<\/span><\/p>\n<p><b>PantaNOW &#8211;<\/b><span style=\"font-weight: 400;\"> Uma exposi\u00e7\u00e3o art\u00edstica interativa que oferece uma plataforma voltada para investidores sociais interessados em apoiar a conserva\u00e7\u00e3o do Pantanal. A atra\u00e7\u00e3o principal \u00e9 a &#8220;Pintura Coletiva&#8221;, onde os visitantes podem colaborar na cria\u00e7\u00e3o de uma obra conjunta. Al\u00e9m disso, h\u00e1 jogos educativos que exploram o bioma pantaneiro.<\/span><\/p>\n<p><span style=\"font-weight: 400;\">Hor\u00e1rio: 10h \u00e0s 22h (sexta e s\u00e1bado) e 10h \u00e0s 21h (domingo)<br \/><\/span><span style=\"font-weight: 400;\">Local: 2\u00ba piso do Shopping Campo Grande &#8211; Av. Afonso Pena, 4909 &#8211; Santa F\u00e9<br \/><\/span><span style=\"font-weight: 400;\">Entrada: gratuita<\/span><\/p>\n<p><b>Parques Gloob e A Floresta &#8211;<\/b><span style=\"font-weight: 400;\"> Neste m\u00eas, o Shopping Campo Grande recebe dois eventos in\u00e9ditos que prometem divers\u00e3o para todas as idades. As atra\u00e7\u00f5es A Floresta e Gloob Space Jump est\u00e3o dispon\u00edveis na Pra\u00e7a de Eventos e no estacionamento, respectivamente.<\/span><\/p>\n<p><span style=\"font-weight: 400;\">A Floresta, um parque tem\u00e1tico com r\u00e9plicas de animais como gorilas, girafas e on\u00e7as, oferece um circuito interativo para crian\u00e7as de at\u00e9 13 anos. Ingressos variam entre R$35,00 (at\u00e9 25 minutos) e R$45,00 (at\u00e9 40 minutos), com meia-entrada para aniversariantes e pessoas com defici\u00eancia. O parque funciona diariamente das 10h \u00e0s 22h.<\/span><\/p>\n<p><span style=\"font-weight: 400;\">O destaque fica por conta do Gloob Space Jump, o maior parque infl\u00e1vel da Am\u00e9rica Latina, que ser\u00e1 inaugurado no dia 5 de setembro. Com mais de 3 mil metros quadrados, conta com atra\u00e7\u00f5es como a Mega Escalada do E.T. (com 12 metros de altura), a Arena Musical sensorial, al\u00e9m do Baby Space, voltado para os menores. Valores dos ingressos v\u00e3o de R$49,90 a R$99,00, com op\u00e7\u00e3o de Family Pass por R$349,00. O espa\u00e7o funciona de ter\u00e7a a domingo, das 13h \u00e0s 21h.<\/span><\/p>\n<p><span style=\"font-weight: 400;\">Ingressos antecipados podem ser adquiridos pelo site <\/span><span style=\"font-weight: 400;\">https:\/\/www.eventim.com.br<\/span><\/p>\n<p><span style=\"font-weight: 400;\">Hor\u00e1rio: 10h \u00e0s 22h<br \/><\/span><span style=\"font-weight: 400;\">Local: Shopping Campo Grande &#8211; Av. Afonso Pena, 4909 &#8211; Santa F\u00e9<\/span><\/p>\n<p><b>Divers\u00e3o no Norte Sul Plaza &#8211;<\/b><span style=\"font-weight: 400;\"> O Shopping Norte Sul Plaza oferece diversas atividades para as crian\u00e7as. Na Coisa de Crian\u00e7a, localizada na Pra\u00e7a Central, os pequenos podem brincar em ambientes como camarim, cozinha, sala de aula e tobog\u00e3s com piscina de bolinhas.<\/span><\/p>\n<p><span style=\"font-weight: 400;\">Para os mais aventureiros, o Rilix Coaster, simulador de montanha-russa, est\u00e1 dispon\u00edvel no corredor pr\u00f3ximo \u00e0 loja Natura, com 12 cen\u00e1rios diferentes para escolher. O parque Magic Games tem uma promo\u00e7\u00e3o especial para crian\u00e7as com TEA (Transtorno do Espectro Autista), que ganham 50% de desconto no Kids Play mediante comprova\u00e7\u00e3o por laudo ou carteirinha. J\u00e1 a Slimeria oferece oficinas de Slime e Pulseiras por R$ 20 durante o m\u00eas de setembro.<\/span><\/p>\n<p><span style=\"font-weight: 400;\">Hor\u00e1rio: 10h \u00e0s 22h (sexta e s\u00e1bado) e 11h \u00e0s 21h (domingo)<br \/><\/span><span style=\"font-weight: 400;\">Local: Shopping Norte Sul Plaza &#8211; Av. Pres. Ernesto Geisel, 2300 &#8211; Jardim Joquei Club<\/span><\/p>\n<p><b>Pe\u00e7a \u201cA revolu\u00e7\u00e3o das mulheres\u201d &#8211;<\/b><span style=\"font-weight: 400;\"> O grupo de teatro Senta que o Le\u00e3o \u00e9 Manso, da Universidade Cat\u00f3lica Dom Bosco (UCDB), encena nesta sexta-feira e s\u00e1bado, a com\u00e9dia \u201cA revolu\u00e7\u00e3o das mulheres\u201d, uma adapta\u00e7\u00e3o da pe\u00e7a do grego Arist\u00f3fanes, do s\u00e9culo V a.C. A nova pe\u00e7a do grupo teatral da UCDB foi adaptada por Marcelo Piccolli a partir de um texto de Arist\u00f3fanes, em que as mulheres, cansadas com a guerra entre Atenas e Esparta, decidem fazer uma greve e se isolam em uma \u00e1rea gerando situa\u00e7\u00f5es divertidas.\u00a0<\/span><\/p>\n<p><span style=\"font-weight: 400;\">Hor\u00e1rio: 19h30<br \/><\/span><span style=\"font-weight: 400;\">Local: Teatro Aracy Balabanian &#8211; R. 26 de Agosto, 453 &#8211; Centro<br \/><\/span><span style=\"font-weight: 400;\">Entrada: gratuita<\/span><\/p>\n<p><b>Especial Indie Rock &#8211;<\/b><span style=\"font-weight: 400;\"> A Cervejaria Canalhas recebe Gabriel Noah e sua banda para uma noite de indie rock, tocando cl\u00e1ssicos de Kings of Leon, Arctic Monkeys, The Strokes, Muse e outros.<\/span><\/p>\n<p><span style=\"font-weight: 400;\">Hor\u00e1rio: 19h<br \/><\/span><span style=\"font-weight: 400;\">Local: Cervejaria Canalhas \u2013 R. Oceano Atl\u00e2ntico, 99 &#8211; Ch\u00e1cara Cachoeira<br \/><\/span><span style=\"font-weight: 400;\">Entrada: R$ 20 na portaria<\/span><\/p>\n<p><b>Festival Afronta &#8211;<\/b><span style=\"font-weight: 400;\"> O Festival Afronta vai rolar em Campo Grande. O Afronta surge como uma festa na cena local sul-mato-grossense e ganha for\u00e7a, a proposta \u00e9 valorizar a cultura preta. Com o tema \u201cA cultura preta estralando nas caixas e nos tons\u201d, o evento traz atra\u00e7\u00f5es regionais e nacionais. Nesta sexta-feira tem roda de samba com Sarar\u00e1 Kriolo e depois DJ Lattyna.\u00a0<\/span><\/p>\n<p><span style=\"font-weight: 400;\">Hor\u00e1rio: 18h a 00h<br \/><\/span><span style=\"font-weight: 400;\">Local: Cufa \u2013 R. Livino Godoy, 710 &#8211; S\u00e3o Conrado<br \/><\/span><span style=\"font-weight: 400;\">Entrada: gratuita<\/span><\/p>\n<p><b>Samba Amor e Caos \u2013 <\/b><span style=\"font-weight: 400;\">Toda sexta-feira tem Samba Amor e Caos, com o melhor do samba de raiz e pizzas saborosas no Pizza Pub.<\/span><\/p>\n<p><span style=\"font-weight: 400;\">Hor\u00e1rio: a partir das 19h<br \/><\/span><span style=\"font-weight: 400;\">Local: Pizza Pub \u2013 R. 14 de julho, 2553 \u2013 Centro<br \/><\/span><span style=\"font-weight: 400;\">Entrada: gratuita<\/span><\/p>\n<h4><b>Dourados<\/b><\/h4>\n<p><b>Bloco do Eu Sozinho &#8211; <\/b><span style=\"font-weight: 400;\">O show re\u00fane m\u00fasicos de v\u00e1rias partes do Brasil para reviver cl\u00e1ssicos do rock nacional. No repert\u00f3rio, sucessos de Skank, Paralamas, CPM22, Legi\u00e3o Urbana, Los Hermanos, Capital Inicial, Engenheiros, entre outros.<\/span><\/p>\n<p><span style=\"font-weight: 400;\">Hor\u00e1rio: 22h<br \/><\/span><span style=\"font-weight: 400;\">Local: Vibes Bar \u2013 R. Monte Alegre, 4209 &#8211; Jardim Paulista, Dourados<br \/><\/span><span style=\"font-weight: 400;\">Entrada: a partir de R$ 50<\/span><\/p>\n<h4><b>Tr\u00eas Lagoas<\/b><\/h4>\n<p><b>Chaos and Death Brazil Tour 2024 &#8211;<\/b><span style=\"font-weight: 400;\"> As bandas Funeratus, NervoChaos, Neur\u00f3ticos e Almanon se unem para celebrar o death metal e a cultura underground em uma turn\u00ea que come\u00e7ou em Campinas e passar\u00e1 por 17 cidades.<\/span><\/p>\n<p><span style=\"font-weight: 400;\">Hor\u00e1rio: 19h<br \/><\/span><span style=\"font-weight: 400;\">Local: Black Midia \u2013 R. Doutor Munir Thom\u00e9, 220 &#8211; Centro, Tr\u00eas Lagoas<br \/><\/span><span style=\"font-weight: 400;\">Entrada: a partir de R$ 30<\/span><\/p>\n<h4><span style=\"text-decoration: underline;\"><b>S\u00e1bado (21)<\/b><\/span><\/h4>\n<p><b>1\u00aa Semana de Moda Inclusiva &#8211; <\/b><span style=\"font-weight: 400;\">O evento continua no s\u00e1bado, com oficinas, desfiles, exposi\u00e7\u00e3o e apresenta\u00e7\u00f5es culturais. Confira a programa\u00e7\u00e3o do dia:<\/span><\/p>\n<p><b><i>Oficina Modelar, com Jum Nakao (SP)<br \/><\/i><\/b><span style=\"font-weight: 400;\">Hor\u00e1rio: 8h \u00e0s 18h<br \/><\/span><span style=\"font-weight: 400;\">Local: Senac Hub Academy &#8211; R. do Parque, 75 &#8211; Centro<\/span><\/p>\n<p><b><i>Exposi\u00e7\u00e3o \u201cUm Olhar Atento \u00e0s Pessoas\u201d, com obras dos artistas Alan Vilar, Erika Pedraza, Ghva Maur\u00edcio e Ligia Rocha<br \/><\/i><\/b><span style=\"font-weight: 400;\">Hor\u00e1rio: 10h \u00e0s 22h<\/span><span style=\"font-weight: 400;\"><br \/><\/span><span style=\"font-weight: 400;\">Local: Shopping Norte Sul Plaza &#8211; Av. Pres. Ernesto Geisel, 2300 &#8211; Jardim Joquei Club<\/span><\/p>\n<p><b><i>Mercado de Moda, com marcas de moda autoral de MS<br \/><\/i><\/b><span style=\"font-weight: 400;\">Hor\u00e1rio: 10h \u00e0s 22h<br \/><\/span><span style=\"font-weight: 400;\">Local: Shopping Norte Sul Plaza<\/span><\/p>\n<p><b><i>Apresenta\u00e7\u00e3o com DJ Andr\u00e9 Samambaia<br \/><\/i><\/b><span style=\"font-weight: 400;\">Hor\u00e1rio: 18h<br \/><\/span><span style=\"font-weight: 400;\">Local: Shopping Norte Sul Plaza<\/span><\/p>\n<p><b><i>Talk Show \u201cModa em Rodas\u201d, com Heloisa Rocha (SP) e convidados: Marelija Zanforlin Magdalena, Patrick Pisoni Loureiro, Sarah Santos Pacini e Lis Loureiro<br \/><\/i><\/b><span style=\"font-weight: 400;\">Hor\u00e1rio: 18h<br \/><\/span><span style=\"font-weight: 400;\">Local: Shopping Norte Sul Plaza<\/span><\/p>\n<p><b><i>Desfile Bocaiuva Moda Inclusiva<br \/><\/i><\/b><span style=\"font-weight: 400;\">Hor\u00e1rio: 19h<br \/><\/span><span style=\"font-weight: 400;\">Local: Shopping Norte Sul Plaza<\/span><\/p>\n<p><b><i>Apresenta\u00e7\u00e3o do grupo de dan\u00e7a do ventre Sem Limites<br \/><\/i><\/b><span style=\"font-weight: 400;\">Hor\u00e1rio: 19h<br \/><\/span><span style=\"font-weight: 400;\">Local: Shopping Norte Sul Plaza<\/span><\/p>\n<p><b><i>Desfile do Pr\u00eamio Bocaiuva<br \/><\/i><\/b><span style=\"font-weight: 400;\">Hor\u00e1rio: 19h30<br \/><\/span><span style=\"font-weight: 400;\">Local: Shopping Norte Sul Plaza<\/span><\/p>\n<p><b><i>Apresenta\u00e7\u00e3o \u201cUm especial \u00e0 Alzira Esp\u00edndola\u201d, com Bianca Bacha, Karla Coronel e Lauren Cury<br \/><\/i><\/b><span style=\"font-weight: 400;\">Hor\u00e1rio: 20h30<br \/><\/span><span style=\"font-weight: 400;\">Local: Shopping Norte Sul Plaza<\/span><\/p>\n<p><b>Oficina \u201cExperimentando a colagem\u201d \u2013<\/b><span style=\"font-weight: 400;\"> Nesta oficina criativa para as fam\u00edlias, os participantes s\u00e3o convidados a experimentar e produzir colagem a partir do leque de cores e imagens presentes na exposi\u00e7\u00e3o. A oficina \u00e9 parte do projeto Arte nas Esta\u00e7\u00f5es. Classifica\u00e7\u00e3o livre.\u00a0<\/span><\/p>\n<p><span style=\"font-weight: 400;\">Hor\u00e1rio: 10h \u00e0s 11h<br \/><\/span><span style=\"font-weight: 400;\">Local: Centro Cultural Jos\u00e9 Oct\u00e1vio Guizzo \u2013 R. 26 de agosto, 453 \u2013 Centro<br \/><\/span><span style=\"font-weight: 400;\">Entrada: gratuita<\/span><\/p>\n<p><b>Visita tem\u00e1tica \u2013 Conhe\u00e7a Sofr\u00eancia \u2013<\/b><span style=\"font-weight: 400;\"> Durante a visita, os educadores percorrem a exposi\u00e7\u00e3o \u201cSofr\u00eancia\u201d com o p\u00fablico a partir da musicalidade, em especial, do feminejo que fundamenta o projeto curatorial. Capacidade para 25 pessoas.\u00a0<\/span><\/p>\n<p><span style=\"font-weight: 400;\">Hor\u00e1rio: 15h \u00e0s 16h<br \/><\/span><span style=\"font-weight: 400;\">Local: Centro Cultural Jos\u00e9 Oct\u00e1vio Guizzo \u2013 R. 26 de agosto, 453 \u2013 Centro<br \/><\/span><span style=\"font-weight: 400;\">Entrada: gratuita<\/span><\/p>\n<p><b>Desapega CG &#8211;<\/b><span style=\"font-weight: 400;\"> O Coletivo de Brech\u00f3s realiza mais uma edi\u00e7\u00e3o do Desapega CG, reunindo mais de 100 expositores com itens variados, como roupas, plantas e itens de decora\u00e7\u00e3o, com pre\u00e7os a partir de R$ 2.<\/span><\/p>\n<figure id=\"attachment_491246\" aria-describedby=\"caption-attachment-491246\" style=\"width: 1280px\" class=\"wp-caption aligncenter\"><figcaption id=\"caption-attachment-491246\" class=\"wp-caption-text\">P\u00fablico ter\u00e1 oportunidade de encontrar itens como roupas, cal\u00e7ados, acess\u00f3rios, brinquedos, livros, plantas e artigos de decora\u00e7\u00e3o (Foto: divulga\u00e7\u00e3o)<\/figcaption><\/figure>\n<p><span style=\"font-weight: 400;\">Hor\u00e1rio: 8h \u00e0s 16h<br \/><\/span><span style=\"font-weight: 400;\">Local: Parque Ayrton Senna &#8211; R. Jorn. Valdir Lago, 512 &#8211; Conj. Aero Rancho<br \/><\/span><span style=\"font-weight: 400;\">Entrada: gratuita<\/span><\/p>\n<p><b>A Fabulosa Hist\u00f3ria do Guri-\u00c1rvore &#8211;<\/b><span style=\"font-weight: 400;\"> A companhia de teatro Fulano di Tal apresenta o espet\u00e1culo &#8220;A Fabulosa Hist\u00f3ria do Guri-\u00c1rvore&#8221;, inspirado nas obras de Manoel de Barros. A pe\u00e7a promete encantar tanto crian\u00e7as quanto adultos, com uma narrativa l\u00fadica e po\u00e9tica.<\/span><\/p>\n<p><span style=\"font-weight: 400;\">Hor\u00e1rio: 16h<br \/><\/span><span style=\"font-weight: 400;\">Local: Sesc Teatro Prosa &#8211; R. Anhandu\u00ed, 200 &#8211; Centro<br \/><\/span><span style=\"font-weight: 400;\">Entrada: gratuita, com ingressos dispon\u00edveis no link <\/span><span style=\"font-weight: 400;\">https:\/\/www.sympla.com.br\/evento\/programacao-sesc-teatro-prosa-18-09-a-21-09\/2614486?referrer=linktr.ee<\/span><\/p>\n<p><b>Bloco do Eu Sozinho &#8211;<\/b><span style=\"font-weight: 400;\"> Ap\u00f3s o show em Dourados, o Bloco do Eu Sozinho chega a Campo Grande prometendo 5 horas de m\u00fasica com sucessos de bandas como Skank, Paralamas, CPM22, Legi\u00e3o Urbana, Los Hermanos, Capital Inicial e Engenheiros.<\/span><\/p>\n<p><span style=\"font-weight: 400;\">Hor\u00e1rio: 22h<br \/><\/span><span style=\"font-weight: 400;\">Local: Blues Bar \u2013 R. 15 de Novembro, 1186 &#8211; Centro<br \/><\/span><span style=\"font-weight: 400;\">Entrada: R$ 60 na portaria<\/span><\/p>\n<p><b>Arte e poesia na Casa Quintal &#8211;<\/b><span style=\"font-weight: 400;\"> A Art du Jour Atelier &amp; Galeria, em parceria com a Casa Quintal Manoel de Barros, promove um evento que combina pintura e poesia. Os participantes poder\u00e3o desfrutar de uma visita guiada pela casa do poeta e participar de uma oficina pr\u00e1tica de aquarela, inspirada em sua obra. Todo o material necess\u00e1rio ser\u00e1 fornecido.<\/span><\/p>\n<p><span style=\"font-weight: 400;\">Hor\u00e1rio: 14h \u00e0s 17h<br \/><\/span><span style=\"font-weight: 400;\">Local: Casa Quintal Manoel de Barros \u2013 R. Piratininga, 363 &#8211; Jardim dos Estados<br \/><\/span><span style=\"font-weight: 400;\">Entrada: R$ 120<\/span><\/p>\n<p><b>Festival Afronta &#8211;<\/b><span style=\"font-weight: 400;\"> No s\u00e1bado, a programa\u00e7\u00e3o \u00e9 mais extensa. O sagu\u00e3o principal do Centro Cultural Jos\u00e9 Oct\u00e1vio Guizzo recebe a \u201cOficina de Charme\u201d, com Je Black (RJ). Na 14 de Julho, as atra\u00e7\u00f5es musicais v\u00e3o dominar o Centro a partir das 15 horas. A novidade \u00e9 a presen\u00e7a da atriz, cantora e compositora de samba Leci Brand\u00e3o. Vai ter tamb\u00e9m muita m\u00fasica e performances com Il\u00ea Megemulebaon\u00e3, Silveira, Karla Coronel, Vadios67, Suburbanas, Isso \u00e9 Ballroom MS, DJ Gabis, DJ Nyack (SP), J\u00e9ssika Rabello e CJ.\u00a0<\/span><\/p>\n<figure id=\"attachment_491249\" aria-describedby=\"caption-attachment-491249\" style=\"width: 1280px\" class=\"wp-caption aligncenter\"><figcaption id=\"caption-attachment-491249\" class=\"wp-caption-text\">Leci Brand\u00e3o \u00e9 destaque no Festival Afronta, trazendo sua voz e a for\u00e7a da cultura preta para Campo Grande (Foto: divulga\u00e7\u00e3o)<\/figcaption><\/figure>\n<p><span style=\"font-weight: 400;\">Hor\u00e1rio: 9h \u00e0s 11h (oficina) e 15h a 00h (atra\u00e7\u00f5es na 14 de Julho)<br \/><\/span><span style=\"font-weight: 400;\">Local: Centro Cultural Jos\u00e9 Oct\u00e1vio Guizzo &#8211; R. 26 de Agosto, 453 &#8211; Centro (oficina) e R. 14 de Julho &#8211; Centro (atra\u00e7\u00f5es musicais)<br \/><\/span><span style=\"font-weight: 400;\">Entrada: gratuita<\/span><\/p>\n<p><b>Stand up \u201cO Entusiasta\u201d &#8211;<\/b><span style=\"font-weight: 400;\"> Rodrigo Marques est\u00e1 de volta \u00e0 capital com seu novo show, \u201cO Entusiasta\u201d, prometendo mais uma vez provar por que \u00e9 um dos maiores humoristas do pa\u00eds.<\/span><\/p>\n<p><span style=\"font-weight: 400;\">Hor\u00e1rio: 21h<br \/><\/span><span style=\"font-weight: 400;\">Local: Teatro Glauce Rocha, no campus Cidade Universit\u00e1ria da UFMS &#8211; R. Ufms, S\/N &#8211; Universit\u00e1rio<br \/><\/span><span style=\"font-weight: 400;\">Entrada: a partir de R$ 45, pelo link <\/span><span style=\"font-weight: 400;\">https:\/\/ingressos.spartaproducoes.com.br\/comprar-ingresso\/rodrigo-marques-o-entusiasta-campo-grande-ms-5771\/mapa<\/span><\/p>\n<p><b>Esteban Tavares e Beto Bruno &#8211;<\/b><span style=\"font-weight: 400;\"> Para os f\u00e3s de rock nacional, Campo Grande recebe os m\u00fasicos Esteban Tavares e Beto Bruno. No show, os artistas prometem reviver sucessos das bandas Fresno e Cachorro Grande. No repert\u00f3rio de Esteban, ex-baixista da Fresno, estar\u00e3o can\u00e7\u00f5es marcantes de sua trajet\u00f3ria solo, como &#8220;Segunda-Feira&#8221;, &#8220;Pianinho&#8221;, &#8220;Sophia&#8221; e &#8220;Canal 12&#8221;, al\u00e9m de algumas composi\u00e7\u00f5es que fez para a Fresno.<\/span><\/p>\n<p><span style=\"font-weight: 400;\">J\u00e1 Beto Bruno, vocalista da extinta Cachorro Grande, trar\u00e1 m\u00fasicas de seus tr\u00eas \u00e1lbuns solo: Depois do Fim, Depois do Fim ao Vivo no Est\u00fadio Showlivre e O Escudo do Arcanjo Miguel. Com mais de 20 anos de carreira, Beto lan\u00e7ou 9 discos e 2 DVDs \u00e0 frente da Cachorro Grande, uma das bandas mais ic\u00f4nicas do rock brasileiro. Logo depois, a banda Reden\u00e7\u00e3o faz um tributo \u00e0 Fresno.\u00a0<\/span><\/p>\n<p><span style=\"font-weight: 400;\">Hor\u00e1rio: a partir das 21h<br \/><\/span><span style=\"font-weight: 400;\">Local: Garagi Eventos &#8211; R. Coxim, 881 &#8211; Cel. Antonino<br \/><\/span><span style=\"font-weight: 400;\">Entrada: ingressos a partir de R$ 50, pelo link <\/span><span style=\"font-weight: 400;\">https:\/\/www.sympla.com.br\/evento\/esteban-beto-bruno-redencao\/2538870?referrer=www.google.com<\/span><\/p>\n<p><b>Show \u201cL\u00edrios e Del\u00edrios\u201d &#8211;<\/b><span style=\"font-weight: 400;\"> O show in\u00e9dito re\u00fane os m\u00fasicos J\u00falio Borba, Ren\u00e3 Nonnato e Rodrigo Teixeira em uma apresenta\u00e7\u00e3o de m\u00fasica t\u00edpica sul-mato-grossense, trazendo uma perspectiva original e contempor\u00e2nea.<\/span><\/p>\n<p><span style=\"font-weight: 400;\">Hor\u00e1rio: 20h<br \/><\/span><span style=\"font-weight: 400;\">Local: Teatro do Mundo \u2013 R. Bar\u00e3o do Melga\u00e7o, 177 &#8211; Centro<br \/><\/span><span style=\"font-weight: 400;\">Entrada: reservas pelo WhatsApp (67) 99696-9774<\/span><\/p>\n<p><b>Folk Pulse &#8211;<\/b><span style=\"font-weight: 400;\"> A banda sul-mato-grossense Filho dos Livres agita a noite na Cervejaria Canalhas, no Folk Pulse. O cantor Italo Cassio faz o show de abertura.\u00a0<\/span><\/p>\n<p><span style=\"font-weight: 400;\">Hor\u00e1rio: a partir das 19h<br \/><\/span><span style=\"font-weight: 400;\">Local: Cervejaria Canalhas &#8211; R. Oceano Atl\u00e2ntico, 99 &#8211; Ch\u00e1cara Cachoeira<br \/><\/span><span style=\"font-weight: 400;\">Entrada: ingressos por R$ 30, pelo link <\/span><span style=\"font-weight: 400;\">https:\/\/www.sympla.com.br\/evento\/filho-dos-livres-folk-pulse\/2629971?utm_medium=paid&amp;utm_source=ig&amp;utm_id=120211199743820497&amp;utm_content=120211199744290497&amp;utm_term=120211199744180497&amp;utm_campaign=120211199743820497&amp;share_id=copiarlink<\/span><\/p>\n<p><b>Arena Rock Sound &#8211;<\/b><span style=\"font-weight: 400;\"> Numa noite de puro rock, a banda V12 trar\u00e1 sua energia com vers\u00f5es exclusivas de grandes sucessos do U2 e Coldplay, como &#8220;Where the Streets Have No Name&#8221;, &#8220;With or Without You&#8221;, &#8220;Viva La Vida&#8221; e &#8220;A Sky Full of Stars&#8221;. O show de abertura fica por conta da banda Seu Saraiva, com uma viagem nost\u00e1lgica pelos cl\u00e1ssicos dos anos 80 e 90.<\/span><\/p>\n<p><span style=\"font-weight: 400;\">Hor\u00e1rio: a partir das 17h30<br \/><\/span><span style=\"font-weight: 400;\">Local: Arena MS &#8211; R. Marqu\u00eas do Lavradio, 399 &#8211; Jardim S\u00e3o Louren\u00e7o<br \/><\/span><span style=\"font-weight: 400;\">Entrada: ingressos por R$ 35, pelo link <\/span><span style=\"font-weight: 400;\">https:\/\/www.sympla.com.br\/evento\/arena-rock-sound-com-v12-e-seu-saraiva\/2612498?referrer=l.instagram.com<\/span><\/p>\n<p><b>Death Metal &#8211;<\/b><span style=\"font-weight: 400;\"> A banda japonesa Neur\u00f3ticos desembarca em Campo Grande com a turn\u00ea &#8220;Chaos and Death Brasil Tour 2024&#8221;. O evento tamb\u00e9m contar\u00e1 com as apresenta\u00e7\u00f5es das bandas paulistas Nervochaos e Funeratus.<\/span><\/p>\n<p><span style=\"font-weight: 400;\">Hor\u00e1rio: 20h<br \/><\/span><span style=\"font-weight: 400;\">Local: Mirante Pub \u2013 R. Doutor Zerbini, 53, Ch\u00e1cara Cachoeira<br \/><\/span><span style=\"font-weight: 400;\">Entrada: a partir de R$ 20, com ingressos dispon\u00edveis no link <\/span><span style=\"font-weight: 400;\">https:\/\/www.sympla.com.br\/evento\/funeratus-nervochaos-neuroticos-morkalv\/2549714<\/span><\/p>\n<h4><b>Arapu\u00e1 &#8211; Tr\u00eas Lagoas<\/b><\/h4>\n<p><b>17\u00aa Cavalgada de Arapu\u00e1 &#8211;<\/b><span style=\"font-weight: 400;\"> Neste fim de semana ser\u00e1 realizada a 17\u00aa edi\u00e7\u00e3o da tradicional Cavalgada de Arapu\u00e1, distrito de Tr\u00eas Lagoas. A abertura do evento ser\u00e1 neste s\u00e1bado, no Centro Comunit\u00e1rio, com bail\u00e3o comandado pelo grupo Os Ca\u00e7ulas.\u00a0<\/span><\/p>\n<p><span style=\"font-weight: 400;\">Hor\u00e1rio: a partir das 21h<br \/><\/span><span style=\"font-weight: 400;\">Local: Centro Comunit\u00e1rio &#8211; R. Ant\u00f3nio Vasconcelos &#8211; Lote 11A e 12A &#8211; Distrito de Arapu\u00e1, Tr\u00eas Lagoas<br \/><\/span><span style=\"font-weight: 400;\">Entrada: gratuita<\/span><\/p>\n<h4><span style=\"text-decoration: underline;\"><b>Domingo (22)<\/b><\/span><\/h4>\n<p><b>Som da Concha &#8211; <\/b><span style=\"font-weight: 400;\">O projeto Som da Concha 2024 traz mais uma edi\u00e7\u00e3o neste domingo, com apresenta\u00e7\u00f5es de Kal\u00e9lo e Giani Torres na Concha Ac\u00fastica Helena Meirelles. No show \u201cVerso e o Avesso\u201d, Kal\u00e9lo promete surpreender o p\u00fablico ao reimaginar suas composi\u00e7\u00f5es antigas e apresentar m\u00fasicas in\u00e9ditas, como \u201cPoemas para Ti\u201d, \u201cC\u00e2ntico\u201d e \u201cSem N\u00f3s\u201d.\u00a0<\/span><\/p>\n<p><span style=\"font-weight: 400;\">J\u00e1 Giani, conhecida por explorar diversos estilos da M\u00fasica Popular Brasileira (MPB), trar\u00e1 uma mescla de seus dois \u00e1lbuns autorais e interpreta\u00e7\u00f5es de grandes compositores nacionais. O show promete encantar o p\u00fablico com momentos de intensidade e poesia, caracter\u00edsticas marcantes de sua m\u00fasica.<\/span><\/p>\n<p><span style=\"font-weight: 400;\">Hor\u00e1rio: 18h<br \/><\/span><span style=\"font-weight: 400;\">Local: Concha Ac\u00fastica Helena Meirelles &#8211; Parque das Na\u00e7\u00f5es Ind\u00edgenas &#8211; R. Ant\u00f4nio Maria Coelho, 5655 &#8211; Carand\u00e1 Bosque<br \/><\/span><span style=\"font-weight: 400;\">Entrada: gratuita<\/span><\/p>\n<p><b>Festival Okinawa &#8211;<\/b><span style=\"font-weight: 400;\"> O evento celebra as tradi\u00e7\u00f5es da cultura de Okinawa com apresenta\u00e7\u00f5es art\u00edsticas, culin\u00e1ria t\u00edpica e atividades culturais que destacam os valores e costumes dessa regi\u00e3o japonesa.<\/span><\/p>\n<figure id=\"attachment_491247\" aria-describedby=\"caption-attachment-491247\" style=\"width: 1280px\" class=\"wp-caption aligncenter\"><figcaption id=\"caption-attachment-491247\" class=\"wp-caption-text\">Com a presen\u00e7a de descendentes e entusiastas da cultura nip\u00f4nica, o festival busca fortalecer os la\u00e7os entre Brasil e Jap\u00e3o (Foto: divulga\u00e7\u00e3o)<\/figcaption><\/figure>\n<p><span style=\"font-weight: 400;\">Hor\u00e1rio: 11h \u00e0s 21h<br \/><\/span><span style=\"font-weight: 400;\">Local: sede da Associa\u00e7\u00e3o Okinawa de Campo Grande &#8211; R. dos Barbosas, 110 &#8211; Amambai<br \/><\/span><span style=\"font-weight: 400;\">Entrada: gratuita<\/span><\/p>\n<p><b>Conta\u00e7\u00e3o de hist\u00f3ria \u201cPlaneta \u00c1gua\u201d &#8211; <\/b><span style=\"font-weight: 400;\">O Grupo Casa apresenta a conta\u00e7\u00e3o de hist\u00f3ria \u201cPlaneta \u00c1gua\u201d neste domingo, onde o trio de palha\u00e7os Julieta, Leleco e Pen\u00e9lope embarca em uma aventura repleta de poesia e reflex\u00f5es sobre o meio ambiente, ambientada no Pantanal sul-mato-grossense.<\/span><\/p>\n<p><span style=\"font-weight: 400;\">Hor\u00e1rio: 16h<br \/><\/span><span style=\"font-weight: 400;\">Local: Grupo Casa \u2013 R. Visconde de Taunay, 306 &#8211; Amambai<br \/><\/span><span style=\"font-weight: 400;\">Entrada: gratuita, com reservas pelo link <\/span><span style=\"font-weight: 400;\">https:\/\/www.sympla.com.br\/evento\/3-casa-aberta-contacoes\/2636052?referrer=linktr.ee<\/span><\/p>\n<p><b>Sarau Perspectivas &#8211;<\/b><span style=\"font-weight: 400;\"> A Cervejaria Capivaras, em parceria com a produtora cultural Cia Perspectiva, convida todos para uma noite de apresenta\u00e7\u00f5es de dan\u00e7a, m\u00fasica, teatro e muito mais, com artistas locais.<\/span><\/p>\n<p><span style=\"font-weight: 400;\">Hor\u00e1rio: 17h<br \/><\/span><span style=\"font-weight: 400;\">Local: Cervejaria Capivaras \u2013 R. Pedro Celestino, 1079 &#8211; Centro<br \/><\/span><span style=\"font-weight: 400;\">Entrada: R$ 10 na portaria<\/span><\/p>\n<h4><b>Arapu\u00e1 &#8211; Tr\u00eas Lagoas<\/b><\/h4>\n<p><b>17\u00aa Cavalgada de Arapu\u00e1 &#8211;<\/b><span style=\"font-weight: 400;\"> A principal atra\u00e7\u00e3o da 17\u00aa Cavalgada de Arapu\u00e1 sobe ao palco neste domingo: a dupla Rionegro e Solim\u00f5es vai agitar a noite com muito sertanejo de raiz.\u00a0<\/span><\/p>\n<figure id=\"attachment_491245\" aria-describedby=\"caption-attachment-491245\" style=\"width: 1024px\" class=\"wp-caption aligncenter\"><figcaption id=\"caption-attachment-491245\" class=\"wp-caption-text\">Dupla sertaneja \u00e9 a principal atra\u00e7\u00e3o do interior no fim de semana (Foto: divulga\u00e7\u00e3o)<\/figcaption><\/figure>\n<p><span style=\"font-weight: 400;\">Hor\u00e1rio: a partir das 21h<br \/><\/span><span style=\"font-weight: 400;\">Local: Centro Comunit\u00e1rio &#8211; R. Ant\u00f3nio Vasconcelos &#8211; Lote 11A e 12A &#8211; Distrito de Arapu\u00e1, Tr\u00eas Lagoas<br \/><\/span><span style=\"font-weight: 400;\">Entrada: gratuita<\/span><\/p>\n<p><i><span style=\"font-weight: 400;\">Lucas Castro, Comunica\u00e7\u00e3o Setesc<br \/><\/span><\/i><i><span style=\"font-weight: 400;\">Foto de destaque: Edemir Rodrigues<\/span><\/i><\/p>\n<\/div>\n<p><script async src=\"\/\/www.instagram.com\/embed.js\"><\/script><\/p>\n","protected":false},"excerpt":{"rendered":"<p>O Agend\u00e3o do fim de semana em Mato Grosso do Sul traz uma diversidade de eventos, com destaque para o<\/p>\n","protected":false},"author":2,"featured_media":0,"comment_status":"","ping_status":"","sticky":false,"template":"","format":"standard","meta":{"colormag_page_container_layout":"default_layout","colormag_page_sidebar_layout":"default_layout","footnotes":""},"categories":[1],"tags":[],"class_list":["post-32268","post","type-post","status-publish","format-standard","hentry","category-ejornais"],"aioseo_notices":[],"amp_enabled":true,"_links":{"self":[{"href":"https:\/\/ejornais.com.br\/index.php\/wp-json\/wp\/v2\/posts\/32268","targetHints":{"allow":["GET"]}}],"collection":[{"href":"https:\/\/ejornais.com.br\/index.php\/wp-json\/wp\/v2\/posts"}],"about":[{"href":"https:\/\/ejornais.com.br\/index.php\/wp-json\/wp\/v2\/types\/post"}],"author":[{"embeddable":true,"href":"https:\/\/ejornais.com.br\/index.php\/wp-json\/wp\/v2\/users\/2"}],"replies":[{"embeddable":true,"href":"https:\/\/ejornais.com.br\/index.php\/wp-json\/wp\/v2\/comments?post=32268"}],"version-history":[{"count":0,"href":"https:\/\/ejornais.com.br\/index.php\/wp-json\/wp\/v2\/posts\/32268\/revisions"}],"wp:attachment":[{"href":"https:\/\/ejornais.com.br\/index.php\/wp-json\/wp\/v2\/media?parent=32268"}],"wp:term":[{"taxonomy":"category","embeddable":true,"href":"https:\/\/ejornais.com.br\/index.php\/wp-json\/wp\/v2\/categories?post=32268"},{"taxonomy":"post_tag","embeddable":true,"href":"https:\/\/ejornais.com.br\/index.php\/wp-json\/wp\/v2\/tags?post=32268"}],"curies":[{"name":"wp","href":"https:\/\/api.w.org\/{rel}","templated":true}]}}