{"id":32485,"date":"2024-09-25T22:02:48","date_gmt":"2024-09-26T01:02:48","guid":{"rendered":"https:\/\/ejornais.com.br\/index.php\/2024\/09\/25\/sessao-da-tarde-exibe-hoje-sexta-27-09-na-globo-qual-filme\/"},"modified":"2024-09-25T22:02:48","modified_gmt":"2024-09-26T01:02:48","slug":"sessao-da-tarde-exibe-hoje-sexta-27-09-na-globo-qual-filme","status":"publish","type":"post","link":"https:\/\/ejornais.com.br\/index.php\/2024\/09\/25\/sessao-da-tarde-exibe-hoje-sexta-27-09-na-globo-qual-filme\/","title":{"rendered":"Sess\u00e3o da Tarde exibe Hoje Sexta (27\/09) na Globo qual filme?"},"content":{"rendered":"<p> Por MRNews<br \/>\n<\/p>\n<div>\n<h2><strong>Sess\u00e3o da Tarde \u2013 Sexta-feira, 27 de setembro de 2024<\/strong><\/h2>\n<p>Na pr\u00f3xima sexta-feira, 27 de setembro de 2024, a TV Globo exibe na <strong>Sess\u00e3o da Tarde<\/strong> o emocionante filme <em>2 Cora\u00e7\u00f5es<\/em> (<em>2 Hearts<\/em>), uma hist\u00f3ria que mistura amor, destino e a for\u00e7a dos elos humanos. Produzido em 2020, o longa dirigido por Lance Hool promete trazer uma narrativa comovente que vai prender a aten\u00e7\u00e3o dos telespectadores.<\/p>\n<h3><strong>Sinopse<\/strong><\/h3>\n<p>A trama gira em torno de duas hist\u00f3rias de amor que, a princ\u00edpio, parecem desconectadas, mas acabam se entrela\u00e7ando de forma inesperada e emocionante. Leslie e Jorge, interpretados por <strong>Radha Mitchell<\/strong> e <strong>Adan Canto<\/strong>, se conhecem durante um voo e, com o passar dos anos, constroem uma rela\u00e7\u00e3o que transforma suas vidas. Paralelamente, Chris, vivido por <strong>Jacob Elordi<\/strong>, se apaixona por sua colega de classe, Sam, interpretada por <strong>Tiera Skovbye<\/strong>.<\/p>\n<p>Esses dois romances, separados por tempo e espa\u00e7o, acabam unidos por um elo inquebr\u00e1vel que mudar\u00e1 para sempre o destino de todos. A hist\u00f3ria do filme explora temas como o poder do amor, a supera\u00e7\u00e3o e as surpresas que a vida reserva.<\/p>\n<h3><strong>Elenco<\/strong><\/h3>\n<ul>\n<li><strong>Adan Canto<\/strong> como Jorge<\/li>\n<li><strong>Jacob Elordi<\/strong> como Chris<\/li>\n<li><strong>Radha Mitchell<\/strong> como Leslie<\/li>\n<li><strong>Tahmoh Penikett<\/strong> como Eric<\/li>\n<li><strong>Tiera Skovbye<\/strong> como Sam<\/li>\n<\/ul>\n<h3><strong>G\u00eanero:<\/strong> Romance<\/h3>\n<p><strong>Diretor:<\/strong> Lance Hool<br \/><strong>Ano de Produ\u00e7\u00e3o:<\/strong> 2020<br \/><strong>Pa\u00eds de Origem:<\/strong> Estados Unidos<\/p>\n<h3><strong>Por que assistir?<\/strong><\/h3>\n<p><em>2 Cora\u00e7\u00f5es<\/em> \u00e9 uma obra que emociona por sua delicadeza ao tratar das conex\u00f5es humanas. O filme \u00e9 inspirado em fatos reais e aborda o impacto que os encontros e desencontros podem ter em nossas vidas. As duas hist\u00f3rias de amor refletem diferentes est\u00e1gios e desafios de um relacionamento, tornando o filme relevante e tocante para p\u00fablicos de todas as idades.<\/p>\n<p>Se voc\u00ea \u00e9 f\u00e3 de romances emocionantes que trazem uma reflex\u00e3o sobre a vida e o poder das coincid\u00eancias, este filme \u00e9 uma \u00f3tima escolha. Prepare os lencinhos, pois <em>2 Cora\u00e7\u00f5es<\/em> promete momentos de muita emo\u00e7\u00e3o e esperan\u00e7a.<\/p>\n<p>N\u00e3o perca na <strong>Sess\u00e3o da Tarde<\/strong>, a partir das 15:20, na TV Globo!<\/p>\n<\/div>\n","protected":false},"excerpt":{"rendered":"<p>Por MRNews Sess\u00e3o da Tarde \u2013 Sexta-feira, 27 de setembro de 2024 Na pr\u00f3xima sexta-feira, 27 de setembro de 2024,<\/p>\n","protected":false},"author":2,"featured_media":0,"comment_status":"","ping_status":"","sticky":false,"template":"","format":"standard","meta":{"colormag_page_container_layout":"default_layout","colormag_page_sidebar_layout":"default_layout","footnotes":""},"categories":[1],"tags":[],"class_list":["post-32485","post","type-post","status-publish","format-standard","hentry","category-ejornais"],"aioseo_notices":[],"aioseo_head":"\n\t\t<!-- All in One SEO 5.0.1.1 - aioseo.com -->\n\t<meta name=\"description\" content=\"Por MRNews Sess\u00e3o da Tarde \u2013 Sexta-feira, 27 de setembro de 2024 Na pr\u00f3xima sexta-feira, 27 de setembro de 2024, a TV Globo exibe na Sess\u00e3o da Tarde o emocionante filme 2 Cora\u00e7\u00f5es (2 Hearts), uma hist\u00f3ria que mistura amor, destino e a for\u00e7a dos elos humanos. Produzido em 2020, o longa dirigido por Lance\" \/>\n\t<meta name=\"robots\" content=\"max-image-preview:large\" \/>\n\t<meta name=\"author\" content=\"admin1\"\/>\n\t<link rel=\"canonical\" href=\"https:\/\/ejornais.com.br\/index.php\/2024\/09\/25\/sessao-da-tarde-exibe-hoje-sexta-27-09-na-globo-qual-filme\/\" \/>\n\t<meta name=\"generator\" content=\"All in One SEO (AIOSEO) 5.0.1.1\" \/>\n\t\t<meta property=\"og:locale\" content=\"pt_BR\" \/>\n\t\t<meta property=\"og:site_name\" content=\"eJornais - Cat\u00e1logo de Jornais no mundo, Not\u00edcias, Blog e Esportes ao vivo\" \/>\n\t\t<meta property=\"og:type\" content=\"article\" \/>\n\t\t<meta property=\"og:title\" content=\"Sess\u00e3o da Tarde exibe Hoje Sexta (27\/09) na Globo qual filme? - eJornais\" \/>\n\t\t<meta property=\"og:description\" content=\"Por MRNews Sess\u00e3o da Tarde \u2013 Sexta-feira, 27 de setembro de 2024 Na pr\u00f3xima sexta-feira, 27 de setembro de 2024, a TV Globo exibe na Sess\u00e3o da Tarde o emocionante filme 2 Cora\u00e7\u00f5es (2 Hearts), uma hist\u00f3ria que mistura amor, destino e a for\u00e7a dos elos humanos. Produzido em 2020, o longa dirigido por Lance\" \/>\n\t\t<meta property=\"og:url\" content=\"https:\/\/ejornais.com.br\/index.php\/2024\/09\/25\/sessao-da-tarde-exibe-hoje-sexta-27-09-na-globo-qual-filme\/\" \/>\n\t\t<meta property=\"article:published_time\" content=\"2024-09-26T01:02:48+00:00\" \/>\n\t\t<meta property=\"article:modified_time\" content=\"2024-09-26T01:02:48+00:00\" \/>\n\t\t<meta name=\"twitter:card\" content=\"summary_large_image\" \/>\n\t\t<meta name=\"twitter:title\" content=\"Sess\u00e3o da Tarde exibe Hoje Sexta (27\/09) na Globo qual filme? - eJornais\" \/>\n\t\t<meta name=\"twitter:description\" content=\"Por MRNews Sess\u00e3o da Tarde \u2013 Sexta-feira, 27 de setembro de 2024 Na pr\u00f3xima sexta-feira, 27 de setembro de 2024, a TV Globo exibe na Sess\u00e3o da Tarde o emocionante filme 2 Cora\u00e7\u00f5es (2 Hearts), uma hist\u00f3ria que mistura amor, destino e a for\u00e7a dos elos humanos. Produzido em 2020, o longa dirigido por Lance\" \/>\n\t\t<script type=\"application\/ld+json\" class=\"aioseo-schema\">\n\t\t\t{\"@context\":\"https:\\\/\\\/schema.org\",\"@graph\":[{\"@type\":\"BlogPosting\",\"@id\":\"https:\\\/\\\/ejornais.com.br\\\/index.php\\\/2024\\\/09\\\/25\\\/sessao-da-tarde-exibe-hoje-sexta-27-09-na-globo-qual-filme\\\/#blogposting\",\"name\":\"Sess\\u00e3o da Tarde exibe Hoje Sexta (27\\\/09) na Globo qual filme? - eJornais\",\"headline\":\"Sess\\u00e3o da Tarde exibe Hoje Sexta (27\\\/09) na Globo qual filme?\",\"author\":{\"@id\":\"https:\\\/\\\/ejornais.com.br\\\/index.php\\\/author\\\/admin1\\\/#author\"},\"publisher\":{\"@id\":\"https:\\\/\\\/ejornais.com.br\\\/#organization\"},\"datePublished\":\"2024-09-25T22:02:48-03:00\",\"dateModified\":\"2024-09-25T22:02:48-03:00\",\"inLanguage\":\"pt-BR\",\"mainEntityOfPage\":{\"@id\":\"https:\\\/\\\/ejornais.com.br\\\/index.php\\\/2024\\\/09\\\/25\\\/sessao-da-tarde-exibe-hoje-sexta-27-09-na-globo-qual-filme\\\/#webpage\"},\"isPartOf\":{\"@id\":\"https:\\\/\\\/ejornais.com.br\\\/index.php\\\/2024\\\/09\\\/25\\\/sessao-da-tarde-exibe-hoje-sexta-27-09-na-globo-qual-filme\\\/#webpage\"},\"articleSection\":\"Cat\\u00e1logo de Jornais\"},{\"@type\":\"BreadcrumbList\",\"@id\":\"https:\\\/\\\/ejornais.com.br\\\/index.php\\\/2024\\\/09\\\/25\\\/sessao-da-tarde-exibe-hoje-sexta-27-09-na-globo-qual-filme\\\/#breadcrumblist\",\"itemListElement\":[{\"@type\":\"ListItem\",\"@id\":\"https:\\\/\\\/ejornais.com.br#listItem\",\"position\":1,\"name\":\"In\\u00edcio\",\"item\":\"https:\\\/\\\/ejornais.com.br\",\"nextItem\":{\"@type\":\"ListItem\",\"@id\":\"https:\\\/\\\/ejornais.com.br\\\/index.php\\\/category\\\/ejornais\\\/#listItem\",\"name\":\"Cat\\u00e1logo de Jornais\"}},{\"@type\":\"ListItem\",\"@id\":\"https:\\\/\\\/ejornais.com.br\\\/index.php\\\/category\\\/ejornais\\\/#listItem\",\"position\":2,\"name\":\"Cat\\u00e1logo de Jornais\",\"item\":\"https:\\\/\\\/ejornais.com.br\\\/index.php\\\/category\\\/ejornais\\\/\",\"nextItem\":{\"@type\":\"ListItem\",\"@id\":\"https:\\\/\\\/ejornais.com.br\\\/index.php\\\/2024\\\/09\\\/25\\\/sessao-da-tarde-exibe-hoje-sexta-27-09-na-globo-qual-filme\\\/#listItem\",\"name\":\"Sess\\u00e3o da Tarde exibe Hoje Sexta (27\\\/09) na Globo qual filme?\"},\"previousItem\":{\"@type\":\"ListItem\",\"@id\":\"https:\\\/\\\/ejornais.com.br#listItem\",\"name\":\"In\\u00edcio\"}},{\"@type\":\"ListItem\",\"@id\":\"https:\\\/\\\/ejornais.com.br\\\/index.php\\\/2024\\\/09\\\/25\\\/sessao-da-tarde-exibe-hoje-sexta-27-09-na-globo-qual-filme\\\/#listItem\",\"position\":3,\"name\":\"Sess\\u00e3o da Tarde exibe Hoje Sexta (27\\\/09) na Globo qual filme?\",\"previousItem\":{\"@type\":\"ListItem\",\"@id\":\"https:\\\/\\\/ejornais.com.br\\\/index.php\\\/category\\\/ejornais\\\/#listItem\",\"name\":\"Cat\\u00e1logo de Jornais\"}}]},{\"@type\":\"Organization\",\"@id\":\"https:\\\/\\\/ejornais.com.br\\\/#organization\",\"name\":\"eJornais\",\"description\":\"Cat\\u00e1logo de Jornais no mundo, Not\\u00edcias, Blog e Esportes ao vivo\",\"url\":\"https:\\\/\\\/ejornais.com.br\\\/\"},{\"@type\":\"Person\",\"@id\":\"https:\\\/\\\/ejornais.com.br\\\/index.php\\\/author\\\/admin1\\\/#author\",\"url\":\"https:\\\/\\\/ejornais.com.br\\\/index.php\\\/author\\\/admin1\\\/\",\"name\":\"admin1\",\"image\":{\"@type\":\"ImageObject\",\"@id\":\"https:\\\/\\\/ejornais.com.br\\\/index.php\\\/2024\\\/09\\\/25\\\/sessao-da-tarde-exibe-hoje-sexta-27-09-na-globo-qual-filme\\\/#authorImage\",\"url\":\"https:\\\/\\\/secure.gravatar.com\\\/avatar\\\/04084e6d73c042b8646e7c17b494073bf0ede3ea13c7105cfc45cbbbc28385a4?s=96&d=mm&r=g\",\"width\":96,\"height\":96,\"caption\":\"admin1\"}},{\"@type\":\"WebPage\",\"@id\":\"https:\\\/\\\/ejornais.com.br\\\/index.php\\\/2024\\\/09\\\/25\\\/sessao-da-tarde-exibe-hoje-sexta-27-09-na-globo-qual-filme\\\/#webpage\",\"url\":\"https:\\\/\\\/ejornais.com.br\\\/index.php\\\/2024\\\/09\\\/25\\\/sessao-da-tarde-exibe-hoje-sexta-27-09-na-globo-qual-filme\\\/\",\"name\":\"Sess\\u00e3o da Tarde exibe Hoje Sexta (27\\\/09) na Globo qual filme? - eJornais\",\"description\":\"Por MRNews Sess\\u00e3o da Tarde \\u2013 Sexta-feira, 27 de setembro de 2024 Na pr\\u00f3xima sexta-feira, 27 de setembro de 2024, a TV Globo exibe na Sess\\u00e3o da Tarde o emocionante filme 2 Cora\\u00e7\\u00f5es (2 Hearts), uma hist\\u00f3ria que mistura amor, destino e a for\\u00e7a dos elos humanos. Produzido em 2020, o longa dirigido por Lance\",\"inLanguage\":\"pt-BR\",\"isPartOf\":{\"@id\":\"https:\\\/\\\/ejornais.com.br\\\/#website\"},\"breadcrumb\":{\"@id\":\"https:\\\/\\\/ejornais.com.br\\\/index.php\\\/2024\\\/09\\\/25\\\/sessao-da-tarde-exibe-hoje-sexta-27-09-na-globo-qual-filme\\\/#breadcrumblist\"},\"author\":{\"@id\":\"https:\\\/\\\/ejornais.com.br\\\/index.php\\\/author\\\/admin1\\\/#author\"},\"creator\":{\"@id\":\"https:\\\/\\\/ejornais.com.br\\\/index.php\\\/author\\\/admin1\\\/#author\"},\"datePublished\":\"2024-09-25T22:02:48-03:00\",\"dateModified\":\"2024-09-25T22:02:48-03:00\"},{\"@type\":\"WebSite\",\"@id\":\"https:\\\/\\\/ejornais.com.br\\\/#website\",\"url\":\"https:\\\/\\\/ejornais.com.br\\\/\",\"name\":\"eJornais\",\"description\":\"Cat\\u00e1logo de Jornais no mundo, Not\\u00edcias, Blog e Esportes ao vivo\",\"inLanguage\":\"pt-BR\",\"publisher\":{\"@id\":\"https:\\\/\\\/ejornais.com.br\\\/#organization\"}}]}\n\t\t<\/script>\n\t\t<!-- All in One SEO -->\n\n","aioseo_head_json":{"title":"Sess\u00e3o da Tarde exibe Hoje Sexta (27\/09) na Globo qual filme? - eJornais","description":"Por MRNews Sess\u00e3o da Tarde \u2013 Sexta-feira, 27 de setembro de 2024 Na pr\u00f3xima sexta-feira, 27 de setembro de 2024, a TV Globo exibe na Sess\u00e3o da Tarde o emocionante filme 2 Cora\u00e7\u00f5es (2 Hearts), uma hist\u00f3ria que mistura amor, destino e a for\u00e7a dos elos humanos. Produzido em 2020, o longa dirigido por Lance","canonical_url":"https:\/\/ejornais.com.br\/index.php\/2024\/09\/25\/sessao-da-tarde-exibe-hoje-sexta-27-09-na-globo-qual-filme\/","robots":"max-image-preview:large","keywords":"","webmasterTools":{"miscellaneous":""},"schema":{"@context":"https:\/\/schema.org","@graph":[{"@type":"BlogPosting","@id":"https:\/\/ejornais.com.br\/index.php\/2024\/09\/25\/sessao-da-tarde-exibe-hoje-sexta-27-09-na-globo-qual-filme\/#blogposting","name":"Sess\u00e3o da Tarde exibe Hoje Sexta (27\/09) na Globo qual filme? - eJornais","headline":"Sess\u00e3o da Tarde exibe Hoje Sexta (27\/09) na Globo qual filme?","author":{"@id":"https:\/\/ejornais.com.br\/index.php\/author\/admin1\/#author"},"publisher":{"@id":"https:\/\/ejornais.com.br\/#organization"},"datePublished":"2024-09-25T22:02:48-03:00","dateModified":"2024-09-25T22:02:48-03:00","inLanguage":"pt-BR","mainEntityOfPage":{"@id":"https:\/\/ejornais.com.br\/index.php\/2024\/09\/25\/sessao-da-tarde-exibe-hoje-sexta-27-09-na-globo-qual-filme\/#webpage"},"isPartOf":{"@id":"https:\/\/ejornais.com.br\/index.php\/2024\/09\/25\/sessao-da-tarde-exibe-hoje-sexta-27-09-na-globo-qual-filme\/#webpage"},"articleSection":"Cat\u00e1logo de Jornais"},{"@type":"BreadcrumbList","@id":"https:\/\/ejornais.com.br\/index.php\/2024\/09\/25\/sessao-da-tarde-exibe-hoje-sexta-27-09-na-globo-qual-filme\/#breadcrumblist","itemListElement":[{"@type":"ListItem","@id":"https:\/\/ejornais.com.br#listItem","position":1,"name":"In\u00edcio","item":"https:\/\/ejornais.com.br","nextItem":{"@type":"ListItem","@id":"https:\/\/ejornais.com.br\/index.php\/category\/ejornais\/#listItem","name":"Cat\u00e1logo de Jornais"}},{"@type":"ListItem","@id":"https:\/\/ejornais.com.br\/index.php\/category\/ejornais\/#listItem","position":2,"name":"Cat\u00e1logo de Jornais","item":"https:\/\/ejornais.com.br\/index.php\/category\/ejornais\/","nextItem":{"@type":"ListItem","@id":"https:\/\/ejornais.com.br\/index.php\/2024\/09\/25\/sessao-da-tarde-exibe-hoje-sexta-27-09-na-globo-qual-filme\/#listItem","name":"Sess\u00e3o da Tarde exibe Hoje Sexta (27\/09) na Globo qual filme?"},"previousItem":{"@type":"ListItem","@id":"https:\/\/ejornais.com.br#listItem","name":"In\u00edcio"}},{"@type":"ListItem","@id":"https:\/\/ejornais.com.br\/index.php\/2024\/09\/25\/sessao-da-tarde-exibe-hoje-sexta-27-09-na-globo-qual-filme\/#listItem","position":3,"name":"Sess\u00e3o da Tarde exibe Hoje Sexta (27\/09) na Globo qual filme?","previousItem":{"@type":"ListItem","@id":"https:\/\/ejornais.com.br\/index.php\/category\/ejornais\/#listItem","name":"Cat\u00e1logo de Jornais"}}]},{"@type":"Organization","@id":"https:\/\/ejornais.com.br\/#organization","name":"eJornais","description":"Cat\u00e1logo de Jornais no mundo, Not\u00edcias, Blog e Esportes ao vivo","url":"https:\/\/ejornais.com.br\/"},{"@type":"Person","@id":"https:\/\/ejornais.com.br\/index.php\/author\/admin1\/#author","url":"https:\/\/ejornais.com.br\/index.php\/author\/admin1\/","name":"admin1","image":{"@type":"ImageObject","@id":"https:\/\/ejornais.com.br\/index.php\/2024\/09\/25\/sessao-da-tarde-exibe-hoje-sexta-27-09-na-globo-qual-filme\/#authorImage","url":"https:\/\/secure.gravatar.com\/avatar\/04084e6d73c042b8646e7c17b494073bf0ede3ea13c7105cfc45cbbbc28385a4?s=96&d=mm&r=g","width":96,"height":96,"caption":"admin1"}},{"@type":"WebPage","@id":"https:\/\/ejornais.com.br\/index.php\/2024\/09\/25\/sessao-da-tarde-exibe-hoje-sexta-27-09-na-globo-qual-filme\/#webpage","url":"https:\/\/ejornais.com.br\/index.php\/2024\/09\/25\/sessao-da-tarde-exibe-hoje-sexta-27-09-na-globo-qual-filme\/","name":"Sess\u00e3o da Tarde exibe Hoje Sexta (27\/09) na Globo qual filme? - eJornais","description":"Por MRNews Sess\u00e3o da Tarde \u2013 Sexta-feira, 27 de setembro de 2024 Na pr\u00f3xima sexta-feira, 27 de setembro de 2024, a TV Globo exibe na Sess\u00e3o da Tarde o emocionante filme 2 Cora\u00e7\u00f5es (2 Hearts), uma hist\u00f3ria que mistura amor, destino e a for\u00e7a dos elos humanos. Produzido em 2020, o longa dirigido por Lance","inLanguage":"pt-BR","isPartOf":{"@id":"https:\/\/ejornais.com.br\/#website"},"breadcrumb":{"@id":"https:\/\/ejornais.com.br\/index.php\/2024\/09\/25\/sessao-da-tarde-exibe-hoje-sexta-27-09-na-globo-qual-filme\/#breadcrumblist"},"author":{"@id":"https:\/\/ejornais.com.br\/index.php\/author\/admin1\/#author"},"creator":{"@id":"https:\/\/ejornais.com.br\/index.php\/author\/admin1\/#author"},"datePublished":"2024-09-25T22:02:48-03:00","dateModified":"2024-09-25T22:02:48-03:00"},{"@type":"WebSite","@id":"https:\/\/ejornais.com.br\/#website","url":"https:\/\/ejornais.com.br\/","name":"eJornais","description":"Cat\u00e1logo de Jornais no mundo, Not\u00edcias, Blog e Esportes ao vivo","inLanguage":"pt-BR","publisher":{"@id":"https:\/\/ejornais.com.br\/#organization"}}]},"og:locale":"pt_BR","og:site_name":"eJornais - Cat\u00e1logo de Jornais no mundo, Not\u00edcias, Blog e Esportes ao vivo","og:type":"article","og:title":"Sess\u00e3o da Tarde exibe Hoje Sexta (27\/09) na Globo qual filme? - eJornais","og:description":"Por MRNews Sess\u00e3o da Tarde \u2013 Sexta-feira, 27 de setembro de 2024 Na pr\u00f3xima sexta-feira, 27 de setembro de 2024, a TV Globo exibe na Sess\u00e3o da Tarde o emocionante filme 2 Cora\u00e7\u00f5es (2 Hearts), uma hist\u00f3ria que mistura amor, destino e a for\u00e7a dos elos humanos. Produzido em 2020, o longa dirigido por Lance","og:url":"https:\/\/ejornais.com.br\/index.php\/2024\/09\/25\/sessao-da-tarde-exibe-hoje-sexta-27-09-na-globo-qual-filme\/","article:published_time":"2024-09-26T01:02:48+00:00","article:modified_time":"2024-09-26T01:02:48+00:00","twitter:card":"summary_large_image","twitter:title":"Sess\u00e3o da Tarde exibe Hoje Sexta (27\/09) na Globo qual filme? - eJornais","twitter:description":"Por MRNews Sess\u00e3o da Tarde \u2013 Sexta-feira, 27 de setembro de 2024 Na pr\u00f3xima sexta-feira, 27 de setembro de 2024, a TV Globo exibe na Sess\u00e3o da Tarde o emocionante filme 2 Cora\u00e7\u00f5es (2 Hearts), uma hist\u00f3ria que mistura amor, destino e a for\u00e7a dos elos humanos. Produzido em 2020, o longa dirigido por Lance"},"aioseo_meta_data":{"post_id":"32485","title":null,"description":null,"keywords":null,"keyphrases":null,"primary_term":null,"canonical_url":null,"og_title":null,"og_description":null,"og_object_type":"default","og_image_type":"default","og_image_url":null,"og_image_width":null,"og_image_height":null,"og_image_custom_url":null,"og_image_custom_fields":null,"og_video":null,"og_custom_url":null,"og_article_section":null,"og_article_tags":null,"twitter_use_og":false,"twitter_card":"default","twitter_image_type":"default","twitter_image_url":null,"twitter_image_custom_url":null,"twitter_image_custom_fields":null,"twitter_title":null,"twitter_description":null,"schema":{"blockGraphs":[],"customGraphs":[],"default":{"data":{"Article":[],"Course":[],"Dataset":[],"FAQPage":[],"Movie":[],"Person":[],"Product":[],"ProductReview":[],"Car":[],"Recipe":[],"Service":[],"SoftwareApplication":[],"WebPage":[]},"graphName":"","isEnabled":true},"graphs":[]},"schema_type":"default","schema_type_options":null,"pillar_content":false,"robots_default":true,"robots_noindex":false,"robots_noarchive":false,"robots_nosnippet":false,"robots_nofollow":false,"robots_noimageindex":false,"robots_noodp":false,"robots_notranslate":false,"robots_max_snippet":null,"robots_max_videopreview":null,"robots_max_imagepreview":"large","priority":null,"frequency":null,"local_seo":null,"breadcrumb_settings":null,"limit_modified_date":false,"ai":null,"created":"2024-09-26 01:11:03","updated":"2025-06-05 23:57:01","seo_analyzer_scan_date":null,"focus_keyword":null,"additional_keywords":null,"truseo_locale":null},"aioseo_breadcrumb":"<div class=\"aioseo-breadcrumbs\"><span class=\"aioseo-breadcrumb\">\n\t\t\t<a href=\"https:\/\/ejornais.com.br\" title=\"In\u00edcio\">In\u00edcio<\/a>\n\t\t<\/span><span class=\"aioseo-breadcrumb-separator\">&raquo;<\/span><span class=\"aioseo-breadcrumb\">\n\t\t\t<a href=\"https:\/\/ejornais.com.br\/index.php\/category\/ejornais\/\" title=\"Cat\u00e1logo de Jornais\">Cat\u00e1logo de Jornais<\/a>\n\t\t<\/span><span class=\"aioseo-breadcrumb-separator\">&raquo;<\/span><span class=\"aioseo-breadcrumb\">\n\t\t\tSess\u00e3o da Tarde exibe Hoje Sexta (27\/09) na Globo qual filme?\n\t\t<\/span><\/div>","aioseo_breadcrumb_json":[{"label":"In\u00edcio","link":"https:\/\/ejornais.com.br"},{"label":"Cat\u00e1logo de Jornais","link":"https:\/\/ejornais.com.br\/index.php\/category\/ejornais\/"},{"label":"Sess\u00e3o da Tarde exibe Hoje Sexta (27\/09) na Globo qual filme?","link":"https:\/\/ejornais.com.br\/index.php\/2024\/09\/25\/sessao-da-tarde-exibe-hoje-sexta-27-09-na-globo-qual-filme\/"}],"amp_enabled":true,"_links":{"self":[{"href":"https:\/\/ejornais.com.br\/index.php\/wp-json\/wp\/v2\/posts\/32485","targetHints":{"allow":["GET"]}}],"collection":[{"href":"https:\/\/ejornais.com.br\/index.php\/wp-json\/wp\/v2\/posts"}],"about":[{"href":"https:\/\/ejornais.com.br\/index.php\/wp-json\/wp\/v2\/types\/post"}],"author":[{"embeddable":true,"href":"https:\/\/ejornais.com.br\/index.php\/wp-json\/wp\/v2\/users\/2"}],"replies":[{"embeddable":true,"href":"https:\/\/ejornais.com.br\/index.php\/wp-json\/wp\/v2\/comments?post=32485"}],"version-history":[{"count":0,"href":"https:\/\/ejornais.com.br\/index.php\/wp-json\/wp\/v2\/posts\/32485\/revisions"}],"wp:attachment":[{"href":"https:\/\/ejornais.com.br\/index.php\/wp-json\/wp\/v2\/media?parent=32485"}],"wp:term":[{"taxonomy":"category","embeddable":true,"href":"https:\/\/ejornais.com.br\/index.php\/wp-json\/wp\/v2\/categories?post=32485"},{"taxonomy":"post_tag","embeddable":true,"href":"https:\/\/ejornais.com.br\/index.php\/wp-json\/wp\/v2\/tags?post=32485"}],"curies":[{"name":"wp","href":"https:\/\/api.w.org\/{rel}","templated":true}]}}