{"id":32725,"date":"2024-10-01T17:34:15","date_gmt":"2024-10-01T20:34:15","guid":{"rendered":"https:\/\/ejornais.com.br\/index.php\/2024\/10\/01\/encontro-da-prd-reune-mais-de-200-servidores-em-serra-negra-ifsp\/"},"modified":"2024-10-01T17:34:15","modified_gmt":"2024-10-01T20:34:15","slug":"encontro-da-prd-reune-mais-de-200-servidores-em-serra-negra-ifsp","status":"publish","type":"post","link":"https:\/\/ejornais.com.br\/index.php\/2024\/10\/01\/encontro-da-prd-reune-mais-de-200-servidores-em-serra-negra-ifsp\/","title":{"rendered":"Encontro da PRD re\u00fane mais de 200 servidores em Serra Negra &#8211; IFSP"},"content":{"rendered":"<p><\/p>\n<div>\n<div class=\"subtitle\">\n<p>Foram tr\u00eas eventos simult\u00e2neos e integrados de setores ligados \u00e0 Pr\u00f3-Reitoria de Planejamento e Desenvolvimento Institucional<\/p>\n<\/div>\n<p><!-- fim .content-header-options-1 --><\/p>\n<p>Mais de 200 servidores de diversos campi do IFSP estiveram na cidade de Serra Negra, entre os dias 4 e 6 de setembro, para a 10\u00aa edi\u00e7\u00e3o do Encontro de Gest\u00e3o de Pessoas do IFSP (Engep), o Workshop de Tecnologia da Informa\u00e7\u00e3o-WTI 2024 e o 1\u00ba Encontro Anual de Desenvolvimento Institucional (Eadi). Esse foi o segundo maior evento organizado pela Pr\u00f3-Reitoria de Planejamento e Desenvolvimento Institucional (PRD), atr\u00e1s apenas dos Jogos de Integra\u00e7\u00e3o dos Servidores (JIS) de 2023.<\/p>\n<p>O Engep, que teve como tema \u201cTrabalho, diversidade e bem-estar: por uma gest\u00e3o de pessoas inclusiva&#8221;&#8221;, discutiu inclus\u00e3o, bem-estar e gest\u00e3o de pessoas no ambiente institucional. O WTI 2024 foi novamente um espa\u00e7o para compartilhamento de experi\u00eancias exitosas dos campi do IFSP, com convite a toda a rede federal, e momentos de aprendizado com palestras t\u00e9cnicas com temas relevantes da \u00e1rea de tecnologia.<\/p>\n<p>Da mesma forma, o Eadi foi a oportunidade de reunir todos os servidores que atuam na reitoria e nos campi na \u00e1rea de desenvolvimento institucional e no N\u00facleo de Intelig\u00eancia e Sustentabilidade. <br \/>Em diversos momentos, foi proporcionada a integra\u00e7\u00e3o e participa\u00e7\u00e3o conjunta dos servidores das tr\u00eas \u00e1reas, promovendo ainda mais o projeto de integra\u00e7\u00e3o dos servidores constante no PDI vigente.<br \/>O primeiro dia foi reservado para atividade de integra\u00e7\u00e3o e realiza\u00e7\u00e3o do encontro \u201cReitoria Presente\u201d, no qual o reitor Silm\u00e1rio Batista e os pr\u00f3-reitores conversaram com servidores para elucidar d\u00favidas e entender as principais demandas do setor. Tamb\u00e9m foi realizada uma palestra de seguran\u00e7a digital, apresentada pelo servidor Ado Cardoso da Silva.<\/p>\n<p>Ainda na abertura, o reitor solicitou aos presentes a elabora\u00e7\u00e3o de uma carta de proposi\u00e7\u00f5es para que fossem encaminhadas \u00e0 gest\u00e3o, com foco em apontar provid\u00eancias e solicita\u00e7\u00f5es de encaminhamentos para temas relevantes das tr\u00eas \u00e1reas e, em especial, os pensados para a qualidade de vida e aten\u00e7\u00e3o \u00e0 sa\u00fade do servidor.\u00a0Conforme conta a diretora-adjunta de Gest\u00e3o de Pessoas, Elide Cremonesi, as sugest\u00f5es foram coletadas, e um documento est\u00e1 sendo preparado para ser entregue subscrito pelos presentes no evento.\u00a0<\/p>\n<p>No dia 5, entre outras atividades, ocorreram as palestras \u201cA\u00e7\u00f5es de qualidade de vida no IFSP\u201d, conduzida pelo pr\u00f3-reitor de Planejamento e Desenvolvimento Institucional, Bruno Luz, e \u201cPol\u00edtica de desenvolvimento de pessoas nas institui\u00e7\u00f5es federais\u201d, ministrada por Silvilene Souza da Silva, representando a coordenadora-geral de Desenvolvimento de Pessoas da Rede Federal de Educa\u00e7\u00e3o Profissional, Cient\u00edfica e Tecnol\u00f3gica.<\/p>\n<p>Dentro do Engep, outras palestras abordaram temas como \u00e9tica, ass\u00e9dio e discrimina\u00e7\u00e3o no ambiente de trabalho, com a participa\u00e7\u00e3o dos servidores Carolina Machado D\u2019Avila, Rafael In\u00e1cio Sousa Martins e Let\u00edcia Almeida. A discuss\u00e3o sobre \u201cdiversidade e inclus\u00e3o\u201d foi liderada por Ant\u00f4nio C\u00e9sar Lins Rodrigues, que tratou do tema n\u00e3o apenas como uma obriga\u00e7\u00e3o \u00e9tica, mas como uma estrat\u00e9gia fundamental para o sucesso de qualquer organiza\u00e7\u00e3o.<\/p>\n<p>O \u00faltimo dia teve encerramento com a palestra \u201csa\u00fade do servidor: uma quest\u00e3o para a gest\u00e3o de pessoas\u201d, apresentada por S\u00e9rgio Carneiro, m\u00e9dico idealizador do SIASS, e com uma sess\u00e3o de Pilates, ministrada pelo educador f\u00edsico Diego Mesquita Campina, com o intuito de refor\u00e7ar o compromisso com o bem-estar f\u00edsico e mental dos servidores.<\/p>\n<p>Para o diretor de Gest\u00e3o de Pessoas, Guilherme Oliveira Leite, a participa\u00e7\u00e3o de cada servidor foi fundamental para o sucesso do evento. \u201cFoi um reflexo do empenho coletivo em fortalecer e aprimorar o ambiente de trabalho.\u201d O evento foi um marco para o IFSP, promovendo debates relevantes e reafirmando o compromisso da institui\u00e7\u00e3o com uma gest\u00e3o de pessoas mais inclusiva, saud\u00e1vel e engajada, aponta a diretora-adjunta de Gest\u00e3o de Pessoas, Elide Cremonesi.<\/p>\n<p>O pr\u00f3-reitor Bruno Luz refor\u00e7a que a diversidade de ideias e experi\u00eancias compartilhadas durante o encontro foi inspiradora, consolidando nosso compromisso com o desenvolvimento conjunto e a excel\u00eancia na gest\u00e3o de pessoas. \u201cUma vez que nosso foco sempre foi o trabalho creditado com foco no bem-estar do servidor, promover espa\u00e7os e experi\u00eancias como essas, fazem, no m\u00ednimo, toda a diferen\u00e7a&#8221;, destaca o pr\u00f3-reitor.<\/p>\n<\/div>\n","protected":false},"excerpt":{"rendered":"<p>Foram tr\u00eas eventos simult\u00e2neos e integrados de setores ligados \u00e0 Pr\u00f3-Reitoria de Planejamento e Desenvolvimento Institucional Mais de 200 servidores<\/p>\n","protected":false},"author":2,"featured_media":0,"comment_status":"","ping_status":"","sticky":false,"template":"","format":"standard","meta":{"colormag_page_container_layout":"default_layout","colormag_page_sidebar_layout":"default_layout","footnotes":""},"categories":[1],"tags":[],"class_list":["post-32725","post","type-post","status-publish","format-standard","hentry","category-ejornais"],"aioseo_notices":[],"aioseo_head":"\n\t\t<!-- All in One SEO 5.0.1.1 - aioseo.com -->\n\t<meta name=\"description\" content=\"Foram tr\u00eas eventos simult\u00e2neos e integrados de setores ligados \u00e0 Pr\u00f3-Reitoria de Planejamento e Desenvolvimento Institucional Mais de 200 servidores de diversos campi do IFSP estiveram na cidade de Serra Negra, entre os dias 4 e 6 de setembro, para a 10\u00aa edi\u00e7\u00e3o do Encontro de Gest\u00e3o de Pessoas do IFSP (Engep), o Workshop de\" \/>\n\t<meta name=\"robots\" content=\"max-image-preview:large\" \/>\n\t<meta name=\"author\" content=\"admin1\"\/>\n\t<link rel=\"canonical\" href=\"https:\/\/ejornais.com.br\/index.php\/2024\/10\/01\/encontro-da-prd-reune-mais-de-200-servidores-em-serra-negra-ifsp\/\" \/>\n\t<meta name=\"generator\" content=\"All in One SEO (AIOSEO) 5.0.1.1\" \/>\n\t\t<meta property=\"og:locale\" content=\"pt_BR\" \/>\n\t\t<meta property=\"og:site_name\" content=\"eJornais - Cat\u00e1logo de Jornais no mundo, Not\u00edcias, Blog e Esportes ao vivo\" \/>\n\t\t<meta property=\"og:type\" content=\"article\" \/>\n\t\t<meta property=\"og:title\" content=\"Encontro da PRD re\u00fane mais de 200 servidores em Serra Negra \u2013 IFSP - eJornais\" \/>\n\t\t<meta property=\"og:description\" content=\"Foram tr\u00eas eventos simult\u00e2neos e integrados de setores ligados \u00e0 Pr\u00f3-Reitoria de Planejamento e Desenvolvimento Institucional Mais de 200 servidores de diversos campi do IFSP estiveram na cidade de Serra Negra, entre os dias 4 e 6 de setembro, para a 10\u00aa edi\u00e7\u00e3o do Encontro de Gest\u00e3o de Pessoas do IFSP (Engep), o Workshop de\" \/>\n\t\t<meta property=\"og:url\" content=\"https:\/\/ejornais.com.br\/index.php\/2024\/10\/01\/encontro-da-prd-reune-mais-de-200-servidores-em-serra-negra-ifsp\/\" \/>\n\t\t<meta property=\"article:published_time\" content=\"2024-10-01T20:34:15+00:00\" \/>\n\t\t<meta property=\"article:modified_time\" content=\"2024-10-01T20:34:15+00:00\" \/>\n\t\t<meta name=\"twitter:card\" content=\"summary_large_image\" \/>\n\t\t<meta name=\"twitter:title\" content=\"Encontro da PRD re\u00fane mais de 200 servidores em Serra Negra \u2013 IFSP - eJornais\" \/>\n\t\t<meta name=\"twitter:description\" content=\"Foram tr\u00eas eventos simult\u00e2neos e integrados de setores ligados \u00e0 Pr\u00f3-Reitoria de Planejamento e Desenvolvimento Institucional Mais de 200 servidores de diversos campi do IFSP estiveram na cidade de Serra Negra, entre os dias 4 e 6 de setembro, para a 10\u00aa edi\u00e7\u00e3o do Encontro de Gest\u00e3o de Pessoas do IFSP (Engep), o Workshop de\" \/>\n\t\t<script type=\"application\/ld+json\" class=\"aioseo-schema\">\n\t\t\t{\"@context\":\"https:\\\/\\\/schema.org\",\"@graph\":[{\"@type\":\"BlogPosting\",\"@id\":\"https:\\\/\\\/ejornais.com.br\\\/index.php\\\/2024\\\/10\\\/01\\\/encontro-da-prd-reune-mais-de-200-servidores-em-serra-negra-ifsp\\\/#blogposting\",\"name\":\"Encontro da PRD re\\u00fane mais de 200 servidores em Serra Negra \\u2013 IFSP - eJornais\",\"headline\":\"Encontro da PRD re\\u00fane mais de 200 servidores em Serra Negra &#8211; IFSP\",\"author\":{\"@id\":\"https:\\\/\\\/ejornais.com.br\\\/index.php\\\/author\\\/admin1\\\/#author\"},\"publisher\":{\"@id\":\"https:\\\/\\\/ejornais.com.br\\\/#organization\"},\"datePublished\":\"2024-10-01T17:34:15-03:00\",\"dateModified\":\"2024-10-01T17:34:15-03:00\",\"inLanguage\":\"pt-BR\",\"mainEntityOfPage\":{\"@id\":\"https:\\\/\\\/ejornais.com.br\\\/index.php\\\/2024\\\/10\\\/01\\\/encontro-da-prd-reune-mais-de-200-servidores-em-serra-negra-ifsp\\\/#webpage\"},\"isPartOf\":{\"@id\":\"https:\\\/\\\/ejornais.com.br\\\/index.php\\\/2024\\\/10\\\/01\\\/encontro-da-prd-reune-mais-de-200-servidores-em-serra-negra-ifsp\\\/#webpage\"},\"articleSection\":\"Cat\\u00e1logo de Jornais\"},{\"@type\":\"BreadcrumbList\",\"@id\":\"https:\\\/\\\/ejornais.com.br\\\/index.php\\\/2024\\\/10\\\/01\\\/encontro-da-prd-reune-mais-de-200-servidores-em-serra-negra-ifsp\\\/#breadcrumblist\",\"itemListElement\":[{\"@type\":\"ListItem\",\"@id\":\"https:\\\/\\\/ejornais.com.br#listItem\",\"position\":1,\"name\":\"In\\u00edcio\",\"item\":\"https:\\\/\\\/ejornais.com.br\",\"nextItem\":{\"@type\":\"ListItem\",\"@id\":\"https:\\\/\\\/ejornais.com.br\\\/index.php\\\/category\\\/ejornais\\\/#listItem\",\"name\":\"Cat\\u00e1logo de Jornais\"}},{\"@type\":\"ListItem\",\"@id\":\"https:\\\/\\\/ejornais.com.br\\\/index.php\\\/category\\\/ejornais\\\/#listItem\",\"position\":2,\"name\":\"Cat\\u00e1logo de Jornais\",\"item\":\"https:\\\/\\\/ejornais.com.br\\\/index.php\\\/category\\\/ejornais\\\/\",\"nextItem\":{\"@type\":\"ListItem\",\"@id\":\"https:\\\/\\\/ejornais.com.br\\\/index.php\\\/2024\\\/10\\\/01\\\/encontro-da-prd-reune-mais-de-200-servidores-em-serra-negra-ifsp\\\/#listItem\",\"name\":\"Encontro da PRD re\\u00fane mais de 200 servidores em Serra Negra &#8211; IFSP\"},\"previousItem\":{\"@type\":\"ListItem\",\"@id\":\"https:\\\/\\\/ejornais.com.br#listItem\",\"name\":\"In\\u00edcio\"}},{\"@type\":\"ListItem\",\"@id\":\"https:\\\/\\\/ejornais.com.br\\\/index.php\\\/2024\\\/10\\\/01\\\/encontro-da-prd-reune-mais-de-200-servidores-em-serra-negra-ifsp\\\/#listItem\",\"position\":3,\"name\":\"Encontro da PRD re\\u00fane mais de 200 servidores em Serra Negra &#8211; IFSP\",\"previousItem\":{\"@type\":\"ListItem\",\"@id\":\"https:\\\/\\\/ejornais.com.br\\\/index.php\\\/category\\\/ejornais\\\/#listItem\",\"name\":\"Cat\\u00e1logo de Jornais\"}}]},{\"@type\":\"Organization\",\"@id\":\"https:\\\/\\\/ejornais.com.br\\\/#organization\",\"name\":\"eJornais\",\"description\":\"Cat\\u00e1logo de Jornais no mundo, Not\\u00edcias, Blog e Esportes ao vivo\",\"url\":\"https:\\\/\\\/ejornais.com.br\\\/\"},{\"@type\":\"Person\",\"@id\":\"https:\\\/\\\/ejornais.com.br\\\/index.php\\\/author\\\/admin1\\\/#author\",\"url\":\"https:\\\/\\\/ejornais.com.br\\\/index.php\\\/author\\\/admin1\\\/\",\"name\":\"admin1\",\"image\":{\"@type\":\"ImageObject\",\"@id\":\"https:\\\/\\\/ejornais.com.br\\\/index.php\\\/2024\\\/10\\\/01\\\/encontro-da-prd-reune-mais-de-200-servidores-em-serra-negra-ifsp\\\/#authorImage\",\"url\":\"https:\\\/\\\/secure.gravatar.com\\\/avatar\\\/04084e6d73c042b8646e7c17b494073bf0ede3ea13c7105cfc45cbbbc28385a4?s=96&d=mm&r=g\",\"width\":96,\"height\":96,\"caption\":\"admin1\"}},{\"@type\":\"WebPage\",\"@id\":\"https:\\\/\\\/ejornais.com.br\\\/index.php\\\/2024\\\/10\\\/01\\\/encontro-da-prd-reune-mais-de-200-servidores-em-serra-negra-ifsp\\\/#webpage\",\"url\":\"https:\\\/\\\/ejornais.com.br\\\/index.php\\\/2024\\\/10\\\/01\\\/encontro-da-prd-reune-mais-de-200-servidores-em-serra-negra-ifsp\\\/\",\"name\":\"Encontro da PRD re\\u00fane mais de 200 servidores em Serra Negra \\u2013 IFSP - eJornais\",\"description\":\"Foram tr\\u00eas eventos simult\\u00e2neos e integrados de setores ligados \\u00e0 Pr\\u00f3-Reitoria de Planejamento e Desenvolvimento Institucional Mais de 200 servidores de diversos campi do IFSP estiveram na cidade de Serra Negra, entre os dias 4 e 6 de setembro, para a 10\\u00aa edi\\u00e7\\u00e3o do Encontro de Gest\\u00e3o de Pessoas do IFSP (Engep), o Workshop de\",\"inLanguage\":\"pt-BR\",\"isPartOf\":{\"@id\":\"https:\\\/\\\/ejornais.com.br\\\/#website\"},\"breadcrumb\":{\"@id\":\"https:\\\/\\\/ejornais.com.br\\\/index.php\\\/2024\\\/10\\\/01\\\/encontro-da-prd-reune-mais-de-200-servidores-em-serra-negra-ifsp\\\/#breadcrumblist\"},\"author\":{\"@id\":\"https:\\\/\\\/ejornais.com.br\\\/index.php\\\/author\\\/admin1\\\/#author\"},\"creator\":{\"@id\":\"https:\\\/\\\/ejornais.com.br\\\/index.php\\\/author\\\/admin1\\\/#author\"},\"datePublished\":\"2024-10-01T17:34:15-03:00\",\"dateModified\":\"2024-10-01T17:34:15-03:00\"},{\"@type\":\"WebSite\",\"@id\":\"https:\\\/\\\/ejornais.com.br\\\/#website\",\"url\":\"https:\\\/\\\/ejornais.com.br\\\/\",\"name\":\"eJornais\",\"description\":\"Cat\\u00e1logo de Jornais no mundo, Not\\u00edcias, Blog e Esportes ao vivo\",\"inLanguage\":\"pt-BR\",\"publisher\":{\"@id\":\"https:\\\/\\\/ejornais.com.br\\\/#organization\"}}]}\n\t\t<\/script>\n\t\t<!-- All in One SEO -->\n\n","aioseo_head_json":{"title":"Encontro da PRD re\u00fane mais de 200 servidores em Serra Negra \u2013 IFSP - eJornais","description":"Foram tr\u00eas eventos simult\u00e2neos e integrados de setores ligados \u00e0 Pr\u00f3-Reitoria de Planejamento e Desenvolvimento Institucional Mais de 200 servidores de diversos campi do IFSP estiveram na cidade de Serra Negra, entre os dias 4 e 6 de setembro, para a 10\u00aa edi\u00e7\u00e3o do Encontro de Gest\u00e3o de Pessoas do IFSP (Engep), o Workshop de","canonical_url":"https:\/\/ejornais.com.br\/index.php\/2024\/10\/01\/encontro-da-prd-reune-mais-de-200-servidores-em-serra-negra-ifsp\/","robots":"max-image-preview:large","keywords":"","webmasterTools":{"miscellaneous":""},"schema":{"@context":"https:\/\/schema.org","@graph":[{"@type":"BlogPosting","@id":"https:\/\/ejornais.com.br\/index.php\/2024\/10\/01\/encontro-da-prd-reune-mais-de-200-servidores-em-serra-negra-ifsp\/#blogposting","name":"Encontro da PRD re\u00fane mais de 200 servidores em Serra Negra \u2013 IFSP - eJornais","headline":"Encontro da PRD re\u00fane mais de 200 servidores em Serra Negra &#8211; IFSP","author":{"@id":"https:\/\/ejornais.com.br\/index.php\/author\/admin1\/#author"},"publisher":{"@id":"https:\/\/ejornais.com.br\/#organization"},"datePublished":"2024-10-01T17:34:15-03:00","dateModified":"2024-10-01T17:34:15-03:00","inLanguage":"pt-BR","mainEntityOfPage":{"@id":"https:\/\/ejornais.com.br\/index.php\/2024\/10\/01\/encontro-da-prd-reune-mais-de-200-servidores-em-serra-negra-ifsp\/#webpage"},"isPartOf":{"@id":"https:\/\/ejornais.com.br\/index.php\/2024\/10\/01\/encontro-da-prd-reune-mais-de-200-servidores-em-serra-negra-ifsp\/#webpage"},"articleSection":"Cat\u00e1logo de Jornais"},{"@type":"BreadcrumbList","@id":"https:\/\/ejornais.com.br\/index.php\/2024\/10\/01\/encontro-da-prd-reune-mais-de-200-servidores-em-serra-negra-ifsp\/#breadcrumblist","itemListElement":[{"@type":"ListItem","@id":"https:\/\/ejornais.com.br#listItem","position":1,"name":"In\u00edcio","item":"https:\/\/ejornais.com.br","nextItem":{"@type":"ListItem","@id":"https:\/\/ejornais.com.br\/index.php\/category\/ejornais\/#listItem","name":"Cat\u00e1logo de Jornais"}},{"@type":"ListItem","@id":"https:\/\/ejornais.com.br\/index.php\/category\/ejornais\/#listItem","position":2,"name":"Cat\u00e1logo de Jornais","item":"https:\/\/ejornais.com.br\/index.php\/category\/ejornais\/","nextItem":{"@type":"ListItem","@id":"https:\/\/ejornais.com.br\/index.php\/2024\/10\/01\/encontro-da-prd-reune-mais-de-200-servidores-em-serra-negra-ifsp\/#listItem","name":"Encontro da PRD re\u00fane mais de 200 servidores em Serra Negra &#8211; IFSP"},"previousItem":{"@type":"ListItem","@id":"https:\/\/ejornais.com.br#listItem","name":"In\u00edcio"}},{"@type":"ListItem","@id":"https:\/\/ejornais.com.br\/index.php\/2024\/10\/01\/encontro-da-prd-reune-mais-de-200-servidores-em-serra-negra-ifsp\/#listItem","position":3,"name":"Encontro da PRD re\u00fane mais de 200 servidores em Serra Negra &#8211; IFSP","previousItem":{"@type":"ListItem","@id":"https:\/\/ejornais.com.br\/index.php\/category\/ejornais\/#listItem","name":"Cat\u00e1logo de Jornais"}}]},{"@type":"Organization","@id":"https:\/\/ejornais.com.br\/#organization","name":"eJornais","description":"Cat\u00e1logo de Jornais no mundo, Not\u00edcias, Blog e Esportes ao vivo","url":"https:\/\/ejornais.com.br\/"},{"@type":"Person","@id":"https:\/\/ejornais.com.br\/index.php\/author\/admin1\/#author","url":"https:\/\/ejornais.com.br\/index.php\/author\/admin1\/","name":"admin1","image":{"@type":"ImageObject","@id":"https:\/\/ejornais.com.br\/index.php\/2024\/10\/01\/encontro-da-prd-reune-mais-de-200-servidores-em-serra-negra-ifsp\/#authorImage","url":"https:\/\/secure.gravatar.com\/avatar\/04084e6d73c042b8646e7c17b494073bf0ede3ea13c7105cfc45cbbbc28385a4?s=96&d=mm&r=g","width":96,"height":96,"caption":"admin1"}},{"@type":"WebPage","@id":"https:\/\/ejornais.com.br\/index.php\/2024\/10\/01\/encontro-da-prd-reune-mais-de-200-servidores-em-serra-negra-ifsp\/#webpage","url":"https:\/\/ejornais.com.br\/index.php\/2024\/10\/01\/encontro-da-prd-reune-mais-de-200-servidores-em-serra-negra-ifsp\/","name":"Encontro da PRD re\u00fane mais de 200 servidores em Serra Negra \u2013 IFSP - eJornais","description":"Foram tr\u00eas eventos simult\u00e2neos e integrados de setores ligados \u00e0 Pr\u00f3-Reitoria de Planejamento e Desenvolvimento Institucional Mais de 200 servidores de diversos campi do IFSP estiveram na cidade de Serra Negra, entre os dias 4 e 6 de setembro, para a 10\u00aa edi\u00e7\u00e3o do Encontro de Gest\u00e3o de Pessoas do IFSP (Engep), o Workshop de","inLanguage":"pt-BR","isPartOf":{"@id":"https:\/\/ejornais.com.br\/#website"},"breadcrumb":{"@id":"https:\/\/ejornais.com.br\/index.php\/2024\/10\/01\/encontro-da-prd-reune-mais-de-200-servidores-em-serra-negra-ifsp\/#breadcrumblist"},"author":{"@id":"https:\/\/ejornais.com.br\/index.php\/author\/admin1\/#author"},"creator":{"@id":"https:\/\/ejornais.com.br\/index.php\/author\/admin1\/#author"},"datePublished":"2024-10-01T17:34:15-03:00","dateModified":"2024-10-01T17:34:15-03:00"},{"@type":"WebSite","@id":"https:\/\/ejornais.com.br\/#website","url":"https:\/\/ejornais.com.br\/","name":"eJornais","description":"Cat\u00e1logo de Jornais no mundo, Not\u00edcias, Blog e Esportes ao vivo","inLanguage":"pt-BR","publisher":{"@id":"https:\/\/ejornais.com.br\/#organization"}}]},"og:locale":"pt_BR","og:site_name":"eJornais - Cat\u00e1logo de Jornais no mundo, Not\u00edcias, Blog e Esportes ao vivo","og:type":"article","og:title":"Encontro da PRD re\u00fane mais de 200 servidores em Serra Negra \u2013 IFSP - eJornais","og:description":"Foram tr\u00eas eventos simult\u00e2neos e integrados de setores ligados \u00e0 Pr\u00f3-Reitoria de Planejamento e Desenvolvimento Institucional Mais de 200 servidores de diversos campi do IFSP estiveram na cidade de Serra Negra, entre os dias 4 e 6 de setembro, para a 10\u00aa edi\u00e7\u00e3o do Encontro de Gest\u00e3o de Pessoas do IFSP (Engep), o Workshop de","og:url":"https:\/\/ejornais.com.br\/index.php\/2024\/10\/01\/encontro-da-prd-reune-mais-de-200-servidores-em-serra-negra-ifsp\/","article:published_time":"2024-10-01T20:34:15+00:00","article:modified_time":"2024-10-01T20:34:15+00:00","twitter:card":"summary_large_image","twitter:title":"Encontro da PRD re\u00fane mais de 200 servidores em Serra Negra \u2013 IFSP - eJornais","twitter:description":"Foram tr\u00eas eventos simult\u00e2neos e integrados de setores ligados \u00e0 Pr\u00f3-Reitoria de Planejamento e Desenvolvimento Institucional Mais de 200 servidores de diversos campi do IFSP estiveram na cidade de Serra Negra, entre os dias 4 e 6 de setembro, para a 10\u00aa edi\u00e7\u00e3o do Encontro de Gest\u00e3o de Pessoas do IFSP (Engep), o Workshop de"},"aioseo_meta_data":{"post_id":"32725","title":null,"description":null,"keywords":null,"keyphrases":null,"primary_term":null,"canonical_url":null,"og_title":null,"og_description":null,"og_object_type":"default","og_image_type":"default","og_image_url":null,"og_image_width":null,"og_image_height":null,"og_image_custom_url":null,"og_image_custom_fields":null,"og_video":null,"og_custom_url":null,"og_article_section":null,"og_article_tags":null,"twitter_use_og":false,"twitter_card":"default","twitter_image_type":"default","twitter_image_url":null,"twitter_image_custom_url":null,"twitter_image_custom_fields":null,"twitter_title":null,"twitter_description":null,"schema":{"blockGraphs":[],"customGraphs":[],"default":{"data":{"Article":[],"Course":[],"Dataset":[],"FAQPage":[],"Movie":[],"Person":[],"Product":[],"ProductReview":[],"Car":[],"Recipe":[],"Service":[],"SoftwareApplication":[],"WebPage":[]},"graphName":"","isEnabled":true},"graphs":[]},"schema_type":"default","schema_type_options":null,"pillar_content":false,"robots_default":true,"robots_noindex":false,"robots_noarchive":false,"robots_nosnippet":false,"robots_nofollow":false,"robots_noimageindex":false,"robots_noodp":false,"robots_notranslate":false,"robots_max_snippet":null,"robots_max_videopreview":null,"robots_max_imagepreview":"large","priority":null,"frequency":null,"local_seo":null,"breadcrumb_settings":null,"limit_modified_date":false,"ai":null,"created":"2024-10-01 20:48:48","updated":"2025-06-06 00:22:59","seo_analyzer_scan_date":null,"focus_keyword":null,"additional_keywords":null,"truseo_locale":null},"aioseo_breadcrumb":"<div class=\"aioseo-breadcrumbs\"><span class=\"aioseo-breadcrumb\">\n\t\t\t<a href=\"https:\/\/ejornais.com.br\" title=\"In\u00edcio\">In\u00edcio<\/a>\n\t\t<\/span><span class=\"aioseo-breadcrumb-separator\">&raquo;<\/span><span class=\"aioseo-breadcrumb\">\n\t\t\t<a href=\"https:\/\/ejornais.com.br\/index.php\/category\/ejornais\/\" title=\"Cat\u00e1logo de Jornais\">Cat\u00e1logo de Jornais<\/a>\n\t\t<\/span><span class=\"aioseo-breadcrumb-separator\">&raquo;<\/span><span class=\"aioseo-breadcrumb\">\n\t\t\tEncontro da PRD re\u00fane mais de 200 servidores em Serra Negra \u2013 IFSP\n\t\t<\/span><\/div>","aioseo_breadcrumb_json":[{"label":"In\u00edcio","link":"https:\/\/ejornais.com.br"},{"label":"Cat\u00e1logo de Jornais","link":"https:\/\/ejornais.com.br\/index.php\/category\/ejornais\/"},{"label":"Encontro da PRD re\u00fane mais de 200 servidores em Serra Negra &#8211; IFSP","link":"https:\/\/ejornais.com.br\/index.php\/2024\/10\/01\/encontro-da-prd-reune-mais-de-200-servidores-em-serra-negra-ifsp\/"}],"amp_enabled":true,"_links":{"self":[{"href":"https:\/\/ejornais.com.br\/index.php\/wp-json\/wp\/v2\/posts\/32725","targetHints":{"allow":["GET"]}}],"collection":[{"href":"https:\/\/ejornais.com.br\/index.php\/wp-json\/wp\/v2\/posts"}],"about":[{"href":"https:\/\/ejornais.com.br\/index.php\/wp-json\/wp\/v2\/types\/post"}],"author":[{"embeddable":true,"href":"https:\/\/ejornais.com.br\/index.php\/wp-json\/wp\/v2\/users\/2"}],"replies":[{"embeddable":true,"href":"https:\/\/ejornais.com.br\/index.php\/wp-json\/wp\/v2\/comments?post=32725"}],"version-history":[{"count":0,"href":"https:\/\/ejornais.com.br\/index.php\/wp-json\/wp\/v2\/posts\/32725\/revisions"}],"wp:attachment":[{"href":"https:\/\/ejornais.com.br\/index.php\/wp-json\/wp\/v2\/media?parent=32725"}],"wp:term":[{"taxonomy":"category","embeddable":true,"href":"https:\/\/ejornais.com.br\/index.php\/wp-json\/wp\/v2\/categories?post=32725"},{"taxonomy":"post_tag","embeddable":true,"href":"https:\/\/ejornais.com.br\/index.php\/wp-json\/wp\/v2\/tags?post=32725"}],"curies":[{"name":"wp","href":"https:\/\/api.w.org\/{rel}","templated":true}]}}