{"id":32803,"date":"2024-10-03T11:39:25","date_gmt":"2024-10-03T14:39:25","guid":{"rendered":"https:\/\/ejornais.com.br\/index.php\/2024\/10\/03\/estudantes-desenvolvem-preservativo-para-uso-de-pessoas-afab-ifsp\/"},"modified":"2024-10-03T11:39:25","modified_gmt":"2024-10-03T14:39:25","slug":"estudantes-desenvolvem-preservativo-para-uso-de-pessoas-afab-ifsp","status":"publish","type":"post","link":"https:\/\/ejornais.com.br\/index.php\/2024\/10\/03\/estudantes-desenvolvem-preservativo-para-uso-de-pessoas-afab-ifsp\/","title":{"rendered":"Estudantes desenvolvem preservativo para uso de pessoas AFAB\u00a0 &#8211; IFSP"},"content":{"rendered":"<p><\/p>\n<div>\n<div class=\"subtitle\">\n<p><span data-contrast=\"none\">Projeto do Campus Suzano foi selecionado para apresenta\u00e7\u00e3o em mostra nacional<\/span><span data-ccp-props=\"{&quot;201341983&quot;:0,&quot;335559739&quot;:160,&quot;335559740&quot;:279}\">\u00a0<\/span><\/p>\n<\/div>\n<p><!-- fim .content-header-options-1 --><\/p>\n<p><span data-contrast=\"none\">Um projeto do Campus Suzano representou todo o estado de S\u00e3o Paulo durante a 5\u00aa Mostra Nacional de Feiras de Ci\u00eancias, organizada pelo Minist\u00e9rio da Educa\u00e7\u00e3o em parceria com o da Ci\u00eancia, Tecnologia e Inova\u00e7\u00e3o. O evento foi realizado em Bras\u00edlia, nos dias 24 e 25 de setembro. <\/span><span data-ccp-props=\"{&quot;201341983&quot;:0,&quot;335559739&quot;:160,&quot;335559740&quot;:279}\">\u00a0<\/span><\/p>\n<p><span data-contrast=\"none\"><span class=\"easy_img_caption\" style=\"display:inline-table;max-width:100%;box-sizing:border-box;vertical-align:top;background-color:#F2F2F2;padding:6px 6px 0px 6px;width:505px;float:left;margin: 10px;\"><span class=\"easy_img_caption_inner\" style=\"display:block;\"><span style=\"display:block;color:#000000;font-size:13px;line-height:1.3;font-weight:normal;font-style:normal;text-align:left;padding:4px 0px 4px 0px;margin:0px;\">Da esquerda para a direita: Alana, Isadora, Hevely e Marcela<\/span><\/span><\/span>O projeto intitulado &#8220;Rela\u00e7\u00f5es sexuais entre pessoas designadas mulher ao nascer \u2014 desenvolvimento de preservativo e contribui\u00e7\u00f5es te\u00f3ricas no campo das Ci\u00eancias Sociais&#8221;, desenvolvido pelos alunos Hevely Pereira de Oliveira e Isadora Ribeiro Vital e orientado pelas docentes Marcela Loureiro Alves e Alana Melo dos Santos foi um dos 27 trabalhos de 22 estados brasileiros selecionados pelo evento.<\/span><span data-ccp-props=\"{&quot;201341983&quot;:0,&quot;335559739&quot;:160,&quot;335559740&quot;:279}\">\u00a0<\/span><\/p>\n<p><span data-contrast=\"none\">Isadora explica que as viv\u00eancias e a realidade em que ela e Hevely vivem levaram ao estudo. \u201cPensando que um dia passar\u00edamos por tais situa\u00e7\u00f5es, come\u00e7amos a questionar a seguran\u00e7a nas rela\u00e7\u00f5es sexuais e o direito \u00e0 sa\u00fade sexual entre parte da comunidade LGBT+, que n\u00e3o t\u00eam sido garantidos&#8221;. <\/span><span data-ccp-props=\"{&quot;201341983&quot;:0,&quot;335559739&quot;:160,&quot;335559740&quot;:279}\">\u00a0<\/span><\/p>\n<p><span data-contrast=\"none\">P<\/span><span data-contrast=\"auto\">essoas designadas mulher ao nascer (Assigned Female at Birth \u2014 AFAB) que fazem sexo com outras pessoas AFAB enfrentam condi\u00e7\u00f5es prec\u00e1rias de prote\u00e7\u00e3o sexual, recorrendo a m\u00e9todos inapropriados, desconfort\u00e1veis ou at\u00e9 mesmo perigosos durante o ato sexual, em busca de prote\u00e7\u00e3o. Al\u00e9m disso, avaliam, deparam-se frequentemente com preconceito no sistema de sa\u00fade brasileiro, por sua sexualidade e\/ou identidade de g\u00eanero. <\/span><span data-ccp-props=\"{&quot;134233117&quot;:false,&quot;134233118&quot;:false,&quot;201341983&quot;:0,&quot;335551550&quot;:1,&quot;335551620&quot;:1,&quot;335557856&quot;:16777215,&quot;335559685&quot;:0,&quot;335559737&quot;:0,&quot;335559738&quot;:0,&quot;335559739&quot;:0,&quot;335559740&quot;:279}\">\u00a0<\/span><\/p>\n<p><span data-contrast=\"auto\">O objetivo do trabalho \u00e9 desenvolver um preservativo para rela\u00e7\u00f5es sexuais entre pessoas designadas mulher ao nascer e analisar as quest\u00f5es sociais relacionadas ao preconceito ao qual este grupo est\u00e1 submetido na \u00e1rea da sa\u00fade.\u00a0Foram projetados cinco modelos de preservativo, todos contando com uma parte externa e uma interna, usando modelagem, impress\u00e3o 3D e desenhos manuais. <\/span><span data-ccp-props=\"{&quot;134233117&quot;:false,&quot;134233118&quot;:false,&quot;201341983&quot;:0,&quot;335551550&quot;:1,&quot;335551620&quot;:1,&quot;335557856&quot;:16777215,&quot;335559685&quot;:0,&quot;335559737&quot;:0,&quot;335559738&quot;:0,&quot;335559739&quot;:0,&quot;335559740&quot;:279}\">\u00a0<\/span><\/p>\n<p><span data-contrast=\"auto\">Conclui-se que o desenvolvimento de um preservativo para ser utilizado no ato sexual entre pessoas AFAB \u00e9 poss\u00edvel, apesar de suas complexidades, e a aus\u00eancia desse recurso de sa\u00fade est\u00e1 relacionada ao preconceito, que adv\u00e9m do tabu da sexualidade n\u00e3o-heteronormativa.<\/span><span data-ccp-props=\"{&quot;134233117&quot;:false,&quot;134233118&quot;:false,&quot;201341983&quot;:0,&quot;335551550&quot;:1,&quot;335551620&quot;:1,&quot;335557856&quot;:16777215,&quot;335559685&quot;:0,&quot;335559737&quot;:0,&quot;335559738&quot;:0,&quot;335559739&quot;:0,&quot;335559740&quot;:279}\">\u00a0<\/span><\/p>\n<p><span data-contrast=\"auto\">Professora Marcela relata que a participa\u00e7\u00e3o na mostra possibilitou a apresenta\u00e7\u00e3o do projeto no <\/span><span data-contrast=\"none\">Sebrae, CNPq, MEC, MCTI e Congresso Nacional. \u201cApresentamos a pesquisa a autoridades e representantes dos deputados e deputadas. Dessa forma, foi poss\u00edvel divulgarmos o projeto, o IFSP, o Campus Suzano e a Feira Estadual de Ci\u00eancia e Cultura do IFSP (que indicou, em 2023, o projeto \u00e0 mostra); estabelecer di\u00e1logos e parcerias de pesquisa com diferentes docentes, estudantes e institui\u00e7\u00f5es e tamb\u00e9m apresentar necessidades e buscar apoio para dar continuidade ao projeto\u201d, avalia. <\/span><span data-ccp-props=\"{&quot;134233117&quot;:false,&quot;134233118&quot;:false,&quot;201341983&quot;:0,&quot;335551550&quot;:1,&quot;335551620&quot;:1,&quot;335557856&quot;:16777215,&quot;335559685&quot;:0,&quot;335559737&quot;:0,&quot;335559738&quot;:0,&quot;335559739&quot;:0,&quot;335559740&quot;:279}\">\u00a0<\/span><\/p>\n<p><span data-contrast=\"none\">Isadora, que, assim como Marcela, teve todas as despesas pagas para a viagem, definiu a experi\u00eancia como \u201cincr\u00edvel\u201d: \u201cesse evento me possibilitou estar nos locais de tomada de decis\u00e3o e enxergar a necessidade de\u00a0estarmos ali. Ao mesmo tempo, ele mostrou para os principais \u00f3rg\u00e3os p\u00fablicos do Brasil e seus representantes que nosso pa\u00eds constr\u00f3i Ci\u00eancia, que temos crian\u00e7as e jovens de todos os estados fazendo Ci\u00eancia. Participar da mostra significa construir uma rede de pessoas, culturas e conhecimentos, que \u00e9 fundamental para se formar a Ci\u00eancia na qual acredito: popular, de qualidade e diversa\u201d, declarou as egressas do curso T\u00e9cnico em Qu\u00edmica integrado ao ensino m\u00e9dio.<\/span><span data-ccp-props=\"{&quot;201341983&quot;:0,&quot;335559739&quot;:160,&quot;335559740&quot;:279}\">\u00a0<\/span><\/p>\n<p><b><span data-contrast=\"none\">Mostra Nacional de Feiras de Ci\u00eancias<\/span><\/b><span data-ccp-props=\"{&quot;201341983&quot;:0,&quot;335559739&quot;:160,&quot;335559740&quot;:279}\">\u00a0<\/span><\/p>\n<p><span data-contrast=\"none\">A Mostra Nacional de Feiras de Ci\u00eancias, capitaneada pelo F\u00f3rum Nacional de Coordenadores de Feiras e Mostras Cient\u00edficas, \u00e9 um evento anual de grande import\u00e2ncia. Ele re\u00fane projetos cient\u00edficos desenvolvidos por estudantes da educa\u00e7\u00e3o b\u00e1sica, sob a orienta\u00e7\u00e3o de seus professores, e apresentados em feiras e mostras cient\u00edficas fomentadas por editais do CNPq\/MCTI.\u00a0<\/span><span data-ccp-props=\"{&quot;201341983&quot;:0,&quot;335559739&quot;:160,&quot;335559740&quot;:279}\">\u00a0<\/span><\/p>\n<p><span data-contrast=\"none\">Al\u00e9m disso, \u00e9 uma das mais significativas a\u00e7\u00f5es de populariza\u00e7\u00e3o e divulga\u00e7\u00e3o da ci\u00eancia, fazendo parte da Semana Nacional da Ci\u00eancia e Tecnologia. Com um car\u00e1ter itinerante, o evento permite que servidores do MEC, do MCTI, do CNPq do Congresso Nacional e do Sebrae interajam com jovens cientistas da educa\u00e7\u00e3o b\u00e1sica e seus orientadores, promovendo uma rica troca de experi\u00eancias em Bras\u00edlia.\u00a0<\/span><span data-ccp-props=\"{&quot;201341983&quot;:0,&quot;335559739&quot;:160,&quot;335559740&quot;:279}\">\u00a0<\/span><\/p>\n<p><span data-ccp-props=\"{&quot;201341983&quot;:0,&quot;335559739&quot;:160,&quot;335559740&quot;:279}\"><\/span><\/p>\n<\/div>\n","protected":false},"excerpt":{"rendered":"<p>Projeto do Campus Suzano foi selecionado para apresenta\u00e7\u00e3o em mostra nacional\u00a0 Um projeto do Campus Suzano representou todo o estado<\/p>\n","protected":false},"author":2,"featured_media":0,"comment_status":"","ping_status":"","sticky":false,"template":"","format":"standard","meta":{"colormag_page_container_layout":"default_layout","colormag_page_sidebar_layout":"default_layout","footnotes":""},"categories":[1],"tags":[],"class_list":["post-32803","post","type-post","status-publish","format-standard","hentry","category-ejornais"],"aioseo_notices":[],"amp_enabled":true,"_links":{"self":[{"href":"https:\/\/ejornais.com.br\/index.php\/wp-json\/wp\/v2\/posts\/32803","targetHints":{"allow":["GET"]}}],"collection":[{"href":"https:\/\/ejornais.com.br\/index.php\/wp-json\/wp\/v2\/posts"}],"about":[{"href":"https:\/\/ejornais.com.br\/index.php\/wp-json\/wp\/v2\/types\/post"}],"author":[{"embeddable":true,"href":"https:\/\/ejornais.com.br\/index.php\/wp-json\/wp\/v2\/users\/2"}],"replies":[{"embeddable":true,"href":"https:\/\/ejornais.com.br\/index.php\/wp-json\/wp\/v2\/comments?post=32803"}],"version-history":[{"count":0,"href":"https:\/\/ejornais.com.br\/index.php\/wp-json\/wp\/v2\/posts\/32803\/revisions"}],"wp:attachment":[{"href":"https:\/\/ejornais.com.br\/index.php\/wp-json\/wp\/v2\/media?parent=32803"}],"wp:term":[{"taxonomy":"category","embeddable":true,"href":"https:\/\/ejornais.com.br\/index.php\/wp-json\/wp\/v2\/categories?post=32803"},{"taxonomy":"post_tag","embeddable":true,"href":"https:\/\/ejornais.com.br\/index.php\/wp-json\/wp\/v2\/tags?post=32803"}],"curies":[{"name":"wp","href":"https:\/\/api.w.org\/{rel}","templated":true}]}}