{"id":32804,"date":"2024-10-03T12:09:55","date_gmt":"2024-10-03T15:09:55","guid":{"rendered":"https:\/\/ejornais.com.br\/index.php\/2024\/10\/03\/com-inscricoes-abertas-curso-de-fotografia-no-mis-oferece-aprendizado-de-tecnicas-de-edicao-e-iluminacao\/"},"modified":"2024-10-03T12:09:55","modified_gmt":"2024-10-03T15:09:55","slug":"com-inscricoes-abertas-curso-de-fotografia-no-mis-oferece-aprendizado-de-tecnicas-de-edicao-e-iluminacao","status":"publish","type":"post","link":"https:\/\/ejornais.com.br\/index.php\/2024\/10\/03\/com-inscricoes-abertas-curso-de-fotografia-no-mis-oferece-aprendizado-de-tecnicas-de-edicao-e-iluminacao\/","title":{"rendered":"Com inscri\u00e7\u00f5es abertas, curso de fotografia no MIS oferece aprendizado de t\u00e9cnicas de edi\u00e7\u00e3o e ilumina\u00e7\u00e3o"},"content":{"rendered":"<p><\/p>\n<div>\n<p>O MIS (Museu da Imagem e do Som), unidade da FCMS (Funda\u00e7\u00e3o de Cultura de Mato Grosso do Sul), subordinada \u00e0 Setesc (Secretaria de Estado de Turismo, Esporte e Cultura), oferece o curso &#8216;Fotografia: Edi\u00e7\u00e3o, Ilumina\u00e7\u00e3o e Redes Sociais&#8217;. A capacita\u00e7\u00e3o ser\u00e1 realizada nos dias 8, 9 e 10 de outubro, das 14h \u00e0s 17h, no MIS, em Campo Grande.<\/p>\n<p>O p\u00fablico-alvo s\u00e3o pessoas a partir de 12 anos, e est\u00e3o sendo oferecidas 20 vagas. As inscri\u00e7\u00f5es s\u00e3o gratuitas, pelo link: <span style=\"color: #0000ff;\"><span style=\"color: #0000ff;\">https:\/\/forms.gle\/MKZGZXbJkhqREcyd8<\/span><\/span>.<\/p>\n<p>Esta \u00e9 a pen\u00faltima etapa da segunda edi\u00e7\u00e3o de 2024 do Curso de Fotografia da Funda\u00e7\u00e3o de Cultura. A atividade \u00e9 dividida em quatro partes: C\u00e2mera de Celular Iniciante (agosto), C\u00e2mera de Celular Iniciante (maio), Edi\u00e7\u00e3o e Ilumina\u00e7\u00e3o (outubro), e V\u00eddeo com Celular, totalizando 40 horas de atividades.<\/p>\n<p>O curso \u00e9 voltado para dispositivos m\u00f3veis (celulares e tablets), adaptando os princ\u00edpios de fotografia de c\u00e2meras fotogr\u00e1ficas amadoras e profissionais ao perfil dos aparelhos atuais.<\/p>\n<p>Cada parte do curso pode ser considerada uma oficina de fotografia, apresentando um conte\u00fado espec\u00edfico, mas que se integra na composi\u00e7\u00e3o do curso como um todo. Os participantes podem optar por realizar as partes de acordo com o interesse, sem preju\u00edzo na aprendizagem, ou cursar todas as atividades e aproveitar a sinergia do aprendizado.<\/p>\n<p>O Curso de Fotografia: Edi\u00e7\u00e3o e Ilumina\u00e7\u00e3o abordar\u00e1 os conceitos b\u00e1sicos de imagens digitais, como compacta\u00e7\u00e3o JPEG e formato RAW, padr\u00f5es de cores e ajustes de imagens (brilho, contraste, balan\u00e7o de branco). Tamb\u00e9m incluir\u00e1 edi\u00e7\u00e3o em fluxo (<em>workflow<\/em>), manipula\u00e7\u00e3o e tratamento de imagens, exporta\u00e7\u00e3o e finaliza\u00e7\u00e3o de fotografias, al\u00e9m de montagem de flyers para redes sociais. A atividade apresentar\u00e1 ainda t\u00e9cnicas de produ\u00e7\u00e3o com ilumina\u00e7\u00e3o, como a ilumina\u00e7\u00e3o de tr\u00eas pontos com flash e luz cont\u00ednua.<\/p>\n<p>Os participantes dever\u00e3o instalar os seguintes aplicativos para que as atividades sejam realizadas: Canva, Lightroom Mobile e Snapseed. Ser\u00e3o oferecidas 20 vagas na modalidade presencial, de forma gratuita.<\/p>\n<h4>Servi\u00e7o<\/h4>\n<p>Curso &#8220;Fotografia: Ilumina\u00e7\u00e3o, Edi\u00e7\u00e3o e Redes Sociais&#8221;<br \/>Data: 8 a 10 de outubro, das 14h \u00e0s 17h<br \/>Local: MIS, no Memorial da Cultura e Cidadania &#8220;Apol\u00f4nio de Carvalho&#8221; &#8211; Av. Fernando Corr\u00eaa da Costa, 559, 3\u00ba andar &#8211; Centro<br \/>Inscri\u00e7\u00f5es: gratuitas, pelo link <span style=\"color: #0000ff;\">https:\/\/forms.gle\/MKZGZXbJkhqREcyd8<\/span><\/p>\n<p>Mais informa\u00e7\u00f5es pelo WhatsApp: (67) 3316-9178.<\/p>\n<p><em>Karina Lima, Comunica\u00e7\u00e3o Setesc<\/em><br \/><em>Foto: Divulga\u00e7\u00e3o<\/em><\/p>\n<\/div>\n","protected":false},"excerpt":{"rendered":"<p>O MIS (Museu da Imagem e do Som), unidade da FCMS (Funda\u00e7\u00e3o de Cultura de Mato Grosso do Sul), subordinada<\/p>\n","protected":false},"author":2,"featured_media":0,"comment_status":"","ping_status":"","sticky":false,"template":"","format":"standard","meta":{"colormag_page_container_layout":"default_layout","colormag_page_sidebar_layout":"default_layout","footnotes":""},"categories":[1],"tags":[],"class_list":["post-32804","post","type-post","status-publish","format-standard","hentry","category-ejornais"],"aioseo_notices":[],"amp_enabled":true,"_links":{"self":[{"href":"https:\/\/ejornais.com.br\/index.php\/wp-json\/wp\/v2\/posts\/32804","targetHints":{"allow":["GET"]}}],"collection":[{"href":"https:\/\/ejornais.com.br\/index.php\/wp-json\/wp\/v2\/posts"}],"about":[{"href":"https:\/\/ejornais.com.br\/index.php\/wp-json\/wp\/v2\/types\/post"}],"author":[{"embeddable":true,"href":"https:\/\/ejornais.com.br\/index.php\/wp-json\/wp\/v2\/users\/2"}],"replies":[{"embeddable":true,"href":"https:\/\/ejornais.com.br\/index.php\/wp-json\/wp\/v2\/comments?post=32804"}],"version-history":[{"count":0,"href":"https:\/\/ejornais.com.br\/index.php\/wp-json\/wp\/v2\/posts\/32804\/revisions"}],"wp:attachment":[{"href":"https:\/\/ejornais.com.br\/index.php\/wp-json\/wp\/v2\/media?parent=32804"}],"wp:term":[{"taxonomy":"category","embeddable":true,"href":"https:\/\/ejornais.com.br\/index.php\/wp-json\/wp\/v2\/categories?post=32804"},{"taxonomy":"post_tag","embeddable":true,"href":"https:\/\/ejornais.com.br\/index.php\/wp-json\/wp\/v2\/tags?post=32804"}],"curies":[{"name":"wp","href":"https:\/\/api.w.org\/{rel}","templated":true}]}}