{"id":32940,"date":"2024-10-07T12:41:26","date_gmt":"2024-10-07T15:41:26","guid":{"rendered":"https:\/\/ejornais.com.br\/index.php\/2024\/10\/07\/sessao-da-tarde-exibe-hoje-quarta-09-10-na-globo-homem-de-ferro\/"},"modified":"2024-10-07T12:41:26","modified_gmt":"2024-10-07T15:41:26","slug":"sessao-da-tarde-exibe-hoje-quarta-09-10-na-globo-homem-de-ferro","status":"publish","type":"post","link":"https:\/\/ejornais.com.br\/index.php\/2024\/10\/07\/sessao-da-tarde-exibe-hoje-quarta-09-10-na-globo-homem-de-ferro\/","title":{"rendered":"Sess\u00e3o da Tarde exibe Hoje Quarta (09\/10) na Globo &#8211; Homem De Ferro"},"content":{"rendered":"<p> Por MRNews<br \/>\n<\/p>\n<div>\n<p>COnfira a programa\u00e7\u00e3o da Globo\u00a0 <strong>hoje, 07\/10\/<\/strong><strong>2024 e que horas come\u00e7am os filmes de hoje.\u00a0<\/strong><\/p>\n<p>Quarta-feira, 09\/10\/2024<\/p>\n<p>\u00a0<\/p>\n<p>Sess\u00e3o da Tarde<\/p>\n<p>Homem De Ferro<\/p>\n<p>T\u00edtulo Original: Iron Man<\/p>\n<p>Pa\u00eds de Origem: Americana<\/p>\n<p>Ano de Produ\u00e7\u00e3o: 2008<\/p>\n<p>Diretor: Jon Favreau<\/p>\n<p>Elenco: Leslie Bibb, Jeff Bridges, Robert Downey Jr, Terrence Howard, Gwyneth<\/p>\n<p>Paltrow, Shaun Toub<\/p>\n<p>Classe: A\u00e7\u00e3o<\/p>\n<p>Ap\u00f3s sofrer um acidente, Tony Stark cria uma armadura de ferro para mant\u00ea-lo<\/p>\n<p>vivo. Bem-sucedido, ele decide usar a alta tecnologia para combater o crime.<\/p>\n<p>Segunda-feira, 07\/10\/2024<\/p>\n<p>04:00 Hora Um<\/p>\n<p>06:00 Bom Dia Pra\u00e7a<\/p>\n<p>08:30 Bom Dia Brasil<\/p>\n<p>09:30 Encontro Com Patr\u00edcia Poeta<\/p>\n<p>10:35 Mais Voc\u00ea<\/p>\n<p>11:45 Pra\u00e7a TV \u2013 1\u00aa Edi\u00e7\u00e3o<\/p>\n<p>13:00 Globo Esporte<\/p>\n<p>13:25 Jornal Hoje<\/p>\n<p>14:45 Edi\u00e7\u00e3o Especial \u2013 Cabocla<\/p>\n<p>15:25 Sess\u00e3o da Tarde \u2013 Truque De Mestre: O 2\u00ba Ato<\/p>\n<p>17:05 Vale a Pena Ver de Novo \u2013 Alma G\u00eamea<\/p>\n<p>18:25 No Rancho Fundo<\/p>\n<p>19:10 Pra\u00e7a TV \u2013 2\u00aa Edi\u00e7\u00e3o<\/p>\n<p>19:40 Volta Por Cima<\/p>\n<p>20:30 Jornal Nacional<\/p>\n<p>21:20 Mania de Voc\u00ea<\/p>\n<p>22:25 Tela Quente \u2013 Top Gun: Maverick<\/p>\n<p>00:10 Jornal da Globo<\/p>\n<p>01:00 Conversa com Bial<\/p>\n<p>01:40 Volta Por Cima<\/p>\n<p>02:25 Com\u00e9dia Na Madruga I<\/p>\n<p>03:15 Com\u00e9dia Na Madruga II<\/p>\n<h3>Programa\u00e7\u00e3o de Filmes da Globo \u2013 Segunda-feira, 07\/10\/2024<\/h3>\n<p>\u00a0<\/p>\n<p>Na pr\u00f3xima segunda-feira, 07 de outubro de 2024, a **Sess\u00e3o da Tarde** e a **Tela Quente** trazem dois grandes sucessos do cinema para os telespectadores da TV Globo. Prepare-se para uma tarde e uma noite cheias de a\u00e7\u00e3o, suspense e emo\u00e7\u00e3o. Confira os detalhes:<\/p>\n<p>\u00a0<\/p>\n<h4>**Sess\u00e3o da Tarde \u2013 Truque de Mestre: O 2\u00ba Ato<\/h4>\n<p>\u00a0<\/p>\n<p>\u2013 **T\u00edtulo Original**: Now You See Me 2<\/p>\n<p>\u2013 **Pa\u00eds de Origem**: Estados Unidos<\/p>\n<p>\u2013 **Ano de Produ\u00e7\u00e3o**: 2016<\/p>\n<p>\u2013 **Diretor**: Jon M. Chu<\/p>\n<p>\u2013 **Elenco**: Daniel Radcliffe, Dave Franco, Woody Harrelson, Mark Ruffalo, Jesse Eisenberg<\/p>\n<p>\u2013 **G\u00eanero**: Suspense, A\u00e7\u00e3o<\/p>\n<p>\u2013 **Hor\u00e1rio**: 15h25 (hor\u00e1rio de Bras\u00edlia)<\/p>\n<p>\u00a0<\/p>\n<p>Os incr\u00edveis \u201cCavaleiros\u201d, um grupo de ilusionistas excepcionais, est\u00e3o de volta neste eletrizante segundo filme da franquia. Nesta trama, os magos s\u00e3o for\u00e7ados a realizar o assalto mais imposs\u00edvel de suas carreiras por um g\u00eanio da tecnologia, interpretado por Daniel Radcliffe. Com truques inacredit\u00e1veis e reviravoltas surpreendentes, o filme promete prender a aten\u00e7\u00e3o do in\u00edcio ao fim.<\/p>\n<p>\u00a0<\/p>\n<p>\u2014<\/p>\n<p>\u00a0<\/p>\n<h4>**Tela Quente \u2013 Top Gun: Maverick<\/h4>\n<p>\u00a0<\/p>\n<p>\u2013 **T\u00edtulo Original**: Top Gun: Maverick<\/p>\n<p>\u2013 **Pa\u00eds de Origem**: Estados Unidos<\/p>\n<p>\u2013 **Ano de Produ\u00e7\u00e3o**: 2022<\/p>\n<p>\u2013 **Diretor**: Joseph Kosinski<\/p>\n<p>\u2013 **Elenco**: Tom Cruise, Jennifer Connelly, Jon Hamm, Miles Teller, Val Kilmer<\/p>\n<p>\u2013 **G\u00eanero**: A\u00e7\u00e3o, Drama<\/p>\n<p>\u2013 **Hor\u00e1rio**: 22h25 (hor\u00e1rio de Bras\u00edlia)<\/p>\n<p>\u00a0<\/p>\n<p>Ap\u00f3s mais de tr\u00eas d\u00e9cadas, o lend\u00e1rio Pete \u201cMaverick\u201d Mitchell (Tom Cruise) est\u00e1 de volta \u00e0s telas em **Top Gun: Maverick**, uma continua\u00e7\u00e3o \u00e9pica do cl\u00e1ssico de 1986. Agora, Maverick assume o papel de mentor de uma nova gera\u00e7\u00e3o de pilotos, enfrentando desafios pessoais e profissionais, enquanto treina os melhores para miss\u00f5es que exigem mais do que habilidade: coragem e determina\u00e7\u00e3o. Com cenas a\u00e9reas de tirar o f\u00f4lego e muita emo\u00e7\u00e3o, o filme \u00e9 um espet\u00e1culo imperd\u00edvel.<\/p>\n<p>\u00a0<\/p>\n<p>\u2014<\/p>\n<p>\u00a0<\/p>\n<p>Esses dois filmes prometem uma segunda-feira cheia de adrenalina e emo\u00e7\u00e3o. N\u00e3o perca a chance de assistir a essas produ\u00e7\u00f5es de sucesso na TV Globo!<\/p>\n<\/div>\n","protected":false},"excerpt":{"rendered":"<p>Por MRNews COnfira a programa\u00e7\u00e3o da Globo\u00a0 hoje, 07\/10\/2024 e que horas come\u00e7am os filmes de hoje.\u00a0 Quarta-feira, 09\/10\/2024 \u00a0<\/p>\n","protected":false},"author":2,"featured_media":0,"comment_status":"","ping_status":"","sticky":false,"template":"","format":"standard","meta":{"colormag_page_container_layout":"default_layout","colormag_page_sidebar_layout":"default_layout","footnotes":""},"categories":[1],"tags":[],"class_list":["post-32940","post","type-post","status-publish","format-standard","hentry","category-ejornais"],"aioseo_notices":[],"amp_enabled":true,"_links":{"self":[{"href":"https:\/\/ejornais.com.br\/index.php\/wp-json\/wp\/v2\/posts\/32940","targetHints":{"allow":["GET"]}}],"collection":[{"href":"https:\/\/ejornais.com.br\/index.php\/wp-json\/wp\/v2\/posts"}],"about":[{"href":"https:\/\/ejornais.com.br\/index.php\/wp-json\/wp\/v2\/types\/post"}],"author":[{"embeddable":true,"href":"https:\/\/ejornais.com.br\/index.php\/wp-json\/wp\/v2\/users\/2"}],"replies":[{"embeddable":true,"href":"https:\/\/ejornais.com.br\/index.php\/wp-json\/wp\/v2\/comments?post=32940"}],"version-history":[{"count":0,"href":"https:\/\/ejornais.com.br\/index.php\/wp-json\/wp\/v2\/posts\/32940\/revisions"}],"wp:attachment":[{"href":"https:\/\/ejornais.com.br\/index.php\/wp-json\/wp\/v2\/media?parent=32940"}],"wp:term":[{"taxonomy":"category","embeddable":true,"href":"https:\/\/ejornais.com.br\/index.php\/wp-json\/wp\/v2\/categories?post=32940"},{"taxonomy":"post_tag","embeddable":true,"href":"https:\/\/ejornais.com.br\/index.php\/wp-json\/wp\/v2\/tags?post=32940"}],"curies":[{"name":"wp","href":"https:\/\/api.w.org\/{rel}","templated":true}]}}