{"id":33159,"date":"2024-10-12T01:14:41","date_gmt":"2024-10-12T04:14:41","guid":{"rendered":"https:\/\/ejornais.com.br\/index.php\/2024\/10\/12\/agencia-minas-gerais-faop-libera-resultado-final-das-inscricoes-no-curso-tecnico-em-conservacao-e-restauro\/"},"modified":"2024-10-12T01:14:41","modified_gmt":"2024-10-12T04:14:41","slug":"agencia-minas-gerais-faop-libera-resultado-final-das-inscricoes-no-curso-tecnico-em-conservacao-e-restauro","status":"publish","type":"post","link":"https:\/\/ejornais.com.br\/index.php\/2024\/10\/12\/agencia-minas-gerais-faop-libera-resultado-final-das-inscricoes-no-curso-tecnico-em-conservacao-e-restauro\/","title":{"rendered":"Ag\u00eancia Minas Gerais | Faop libera resultado final das inscri\u00e7\u00f5es no curso t\u00e9cnico em conserva\u00e7\u00e3o e restauro"},"content":{"rendered":"<p><\/p>\n<div>\n<section class=\"news-related \/ col-md-4 col-lg-3 \/ margin-md-bottom-2 margin-left-1 \/ pull-right \/ hidden-xs hidden-sm\">\n<header>\n<p class=\"text-title-section \/ margin-bottom-1\">Relacionadas<\/p>\n<\/header>\n<p>\t\t\t\t\t\t\t<main><\/p>\n<hr class=\"row margin-md-bottom-2\"\/>\n<hr class=\"row margin-md-bottom-2\"\/>\n\t\t\t\t\t\t\t<\/main><br \/>\n\t\t\t\t\t\t<\/section>\n<p>O Governo de Minas, por meio da Secretaria de Estado de Cultura e Turismo (Secult-MG) e da Funda\u00e7\u00e3o de Arte de Ouro Preto (Faop), divulgou o resultado final das inscri\u00e7\u00f5es no Curso T\u00e9cnico em Conserva\u00e7\u00e3o e Restauro (edital 001\/2024 &#8211; 2\u00ba semestre de 2024). A lista de inscritos pode ser conferida por aqui.<\/p>\n<p>As matr\u00edculas devem ser realizadas presencialmente, na segunda e ter\u00e7a-feira (14 e 15\/10), na secretaria do N\u00facleo de Conserva\u00e7\u00e3o e Restauro, que funciona das 9h \u00e0s 12h e das 14h \u00e0s 18h. \u00c9 necess\u00e1rio levar toda a documenta\u00e7\u00e3o\u00a0listada na se\u00e7\u00e3o 10 do edital de abertura do curso. O in\u00edcio das aulas est\u00e1 previsto para 21\/10.<\/p>\n<p>N\u00e3o ser\u00e3o aceitas matr\u00edculas caso a documenta\u00e7\u00e3o esteja irregular, incompleta, ileg\u00edvel ou rasurada, bem como enviadas por via postal, fax ou que n\u00e3o atendam \u00e0s exig\u00eancias estabelecidas no edital. Tamb\u00e9m n\u00e3o ser\u00e3o permitidas matr\u00edculas provis\u00f3rias ou condicionais.<\/p>\n<p>Na quarta-feira (16\/10), a Faop divulgar\u00e1 a segunda chamada para as vagas remanescentes. Os convocados ter\u00e3o quinta (17\/10) e sexta-feira (18\/10) para efetuarem a matr\u00edcula.\u00a0<\/p>\n<p><strong>Resultado das inscri\u00e7\u00f5es pelo Projeto Trilhas de Futuro<\/strong><\/p>\n<p>Tamb\u00e9m j\u00e1 est\u00e1 dispon\u00edvel o resultado das inscri\u00e7\u00f5es realizadas atrav\u00e9s do projeto Trilhas de Futuro. A lista pode ser conferida diretamente no site do projeto. Os aprovados receber\u00e3o por e-mail a lista de documentos necess\u00e1rios para a matr\u00edcula, que dever\u00e1 ser feita na secretaria do N\u00facleo de Conserva\u00e7\u00e3o e Restauro. O per\u00edodo para esses candidatos \u00e9 de 15 a 29\/10.<\/p>\n<p>Para as vagas remanescentes, haver\u00e1 uma nova fase de inscri\u00e7\u00f5es, por ordem de preenchimento, entre os dias 12 e 22\/11. A previs\u00e3o para o in\u00edcio das aulas dos aprovados no Projeto Trilhas de Futuro \u00e9 o dia 3\/2\/2025.<\/p>\n<p>O Trilhas de Futuro \u00e9 uma iniciativa da Secretaria de Estado de Educa\u00e7\u00e3o (SEE\/MG)\u00a0que oferece aos alunos e egressos do ensino m\u00e9dio a oportunidade de realizar cursos t\u00e9cnicos profissionalizantes em institui\u00e7\u00f5es privadas credenciadas e p\u00fablicas de todo o estado.<\/p>\n<p><strong>Servi\u00e7o<\/strong><\/p>\n<p><strong>Matr\u00edcula:<\/strong> Secretaria do N\u00facleo de Conserva\u00e7\u00e3o e Restauro da Faop<\/p>\n<p><strong>Endere\u00e7o:<\/strong> Rua Irm\u00e3os Kennedy, 601\u00a0\u2013\u00a0Cabe\u00e7as, Ouro Preto\/MG<\/p>\n<p><strong>Hor\u00e1rio: <\/strong>9h \u00e0s 12h e 14h \u00e0s 18h<\/p>\n<p><strong>Contatos:<\/strong> nucleoderestauracao@faop.mg.gov.br | (31) 3551-2014<\/p>\n<p><u>Inscri\u00e7\u00f5es feitas pela Faop<\/u><\/p>\n<p><strong>Lista de aprovados:<\/strong> www.faop.mg.gov.br<\/p>\n<p><strong>Per\u00edodo de matr\u00edcula:<\/strong> 14\/10 (segunda-feira) e 15\/10 (ter\u00e7a-feira)<\/p>\n<p><strong>In\u00edcio das aulas: 21\/10<\/strong>\u00a0<\/p>\n<p>&#13;<br \/>\n<u>Inscri\u00e7\u00f5es feitas pelo Trilhas de Futuro<\/u><\/p>\n<p><strong>Lista de aprovados:<\/strong> www.trilhasdefuturo.mg.gov.br<\/p>\n<p><strong>Per\u00edodo de matr\u00edcula:<\/strong> 15 a 29\/10<\/p>\n<p><strong>In\u00edcio das aulas:<\/strong> 3\/2\/2025<\/p>\n<p>\u00a0<\/p>\n<\/p><\/div>\n","protected":false},"excerpt":{"rendered":"<p>Relacionadas O Governo de Minas, por meio da Secretaria de Estado de Cultura e Turismo (Secult-MG) e da Funda\u00e7\u00e3o de<\/p>\n","protected":false},"author":2,"featured_media":0,"comment_status":"","ping_status":"","sticky":false,"template":"","format":"standard","meta":{"colormag_page_container_layout":"default_layout","colormag_page_sidebar_layout":"default_layout","footnotes":""},"categories":[1],"tags":[],"class_list":["post-33159","post","type-post","status-publish","format-standard","hentry","category-ejornais"],"aioseo_notices":[],"amp_enabled":true,"_links":{"self":[{"href":"https:\/\/ejornais.com.br\/index.php\/wp-json\/wp\/v2\/posts\/33159","targetHints":{"allow":["GET"]}}],"collection":[{"href":"https:\/\/ejornais.com.br\/index.php\/wp-json\/wp\/v2\/posts"}],"about":[{"href":"https:\/\/ejornais.com.br\/index.php\/wp-json\/wp\/v2\/types\/post"}],"author":[{"embeddable":true,"href":"https:\/\/ejornais.com.br\/index.php\/wp-json\/wp\/v2\/users\/2"}],"replies":[{"embeddable":true,"href":"https:\/\/ejornais.com.br\/index.php\/wp-json\/wp\/v2\/comments?post=33159"}],"version-history":[{"count":0,"href":"https:\/\/ejornais.com.br\/index.php\/wp-json\/wp\/v2\/posts\/33159\/revisions"}],"wp:attachment":[{"href":"https:\/\/ejornais.com.br\/index.php\/wp-json\/wp\/v2\/media?parent=33159"}],"wp:term":[{"taxonomy":"category","embeddable":true,"href":"https:\/\/ejornais.com.br\/index.php\/wp-json\/wp\/v2\/categories?post=33159"},{"taxonomy":"post_tag","embeddable":true,"href":"https:\/\/ejornais.com.br\/index.php\/wp-json\/wp\/v2\/tags?post=33159"}],"curies":[{"name":"wp","href":"https:\/\/api.w.org\/{rel}","templated":true}]}}