{"id":33275,"date":"2024-10-14T23:41:41","date_gmt":"2024-10-15T02:41:41","guid":{"rendered":"https:\/\/ejornais.com.br\/index.php\/2024\/10\/14\/museu-historico-da-cidade-inaugura-duas-mostras-no-proximo-sabado-prefeitura-da-cidade-do-rio-de-janeiro\/"},"modified":"2024-10-14T23:41:41","modified_gmt":"2024-10-15T02:41:41","slug":"museu-historico-da-cidade-inaugura-duas-mostras-no-proximo-sabado-prefeitura-da-cidade-do-rio-de-janeiro","status":"publish","type":"post","link":"https:\/\/ejornais.com.br\/index.php\/2024\/10\/14\/museu-historico-da-cidade-inaugura-duas-mostras-no-proximo-sabado-prefeitura-da-cidade-do-rio-de-janeiro\/","title":{"rendered":"Museu Hist\u00f3rico da Cidade inaugura duas mostras no pr\u00f3ximo s\u00e1bado &#8211; Prefeitura da Cidade do Rio de Janeiro"},"content":{"rendered":"<p><\/p>\n<div wp_automatic_readability=\"104.14763687412\">\n<div class=\"image-post\" wp_automatic_readability=\"33\">\n                     A exposi\u00e7\u00e3o \u201cO  Mist\u00e9rio das Coisas por Baixo das Pedras e dos Seres\u201d explora a rela\u00e7\u00e3o entre arte e natureza &#8211; Divulga\u00e7\u00e3o                  <\/div>\n<p>O Museu Hist\u00f3rico da Cidade do Rio de Janeiro, na G\u00e1vea, inaugura duas novas mostras no pr\u00f3ximo s\u00e1bado (19\/10), \u00e0s 11h. A primeira delas \u00e9 a exposi\u00e7\u00e3o \u201cGiras na Terra, Giras no Mar\u201d, que vai apresentar 12 obras da artista visual Luanda, com curadoria da historiadora da arte Fernanda Pequeno. As pe\u00e7as v\u00e3o ocupar o primeiro e o segundo andares do pavilh\u00e3o de exposi\u00e7\u00f5es do equipamento urbano, mantido pela Prefeitura do Rio e gerido pela Secretaria Municipal de Cultura (SMC).<\/p>\n<p>J\u00e1 a coletiva \u201cO\u00a0 Mist\u00e9rio das Coisas por Baixo das Pedras e dos Seres\u201d re\u00fane 36 artistas, desde nomes consolidados, como Athos Bulc\u00e3o e Nuno Ramos, at\u00e9 novos talentos que v\u00eam se destacando no cen\u00e1rio da arte contempor\u00e2nea. A curadoria \u00e9 de Fabricio Faccio, e a cole\u00e7\u00e3o ocupar\u00e1 o terceiro andar do pavilh\u00e3o de exposi\u00e7\u00f5es.<\/p>\n<p>As duas mostras permanecer\u00e3o em cartaz at\u00e9 5 de janeiro de 2025, com visita\u00e7\u00e3o gratuita e livre para todos os p\u00fablicos, de\u00a0 ter\u00e7a-feira a domingo, das 9h \u00e0s 16h.<\/p>\n<p><strong>\u201cGiras na Terra, Giras no Mar\u201d\u00a0<\/strong><\/p>\n<p>A mostra \u201cGiras na Terra, Giras no Mar\u201d, realizada pelo Ateli\u00ea Terreiro, exibir\u00e1 s\u00e9ries de pintura e cer\u00e2mica nas quais a artista Luanda incorpora arte, hist\u00f3ria e religiosidades de matriz africana. Na primeira galeria, nomeada \u201cN\u00facleo Terra\u201d, ser\u00e3o dispostos objetos de cer\u00e2mica. J\u00e1 a segunda galeria vai reunir pinturas azuis de grande formato e recebeu o nome de \u201cN\u00facleo Mar\u201d.<\/p>\n<p>Parte de um movimento por uma arte decolonial, Luanda, que soma mais de 20 anos de atua\u00e7\u00e3o em artes, aponta para uma pr\u00e1tica de arte contempor\u00e2nea em estreita rela\u00e7\u00e3o com a ancestral cultura de Terreiro de Umbanda. Na abertura da mostra, haver\u00e1 performance da artista em colabora\u00e7\u00e3o com a comunidade de terreiro de Umbanda Tenda do Junco Verde. Tamb\u00e9m est\u00e1 programada uma roda com c\u00e2nticos de Caboclos e Pretos Velhos.<\/p>\n<p><strong>\u201cO\u00a0 Mist\u00e9rio das Coisas por Baixo das Pedras e dos Seres\u201d<\/strong><\/p>\n<p>J\u00e1 a exposi\u00e7\u00e3o \u201cO\u00a0 Mist\u00e9rio das Coisas por Baixo das Pedras e dos Seres\u201d explora a rela\u00e7\u00e3o entre arte e natureza, propondo uma reflex\u00e3o sobre a conex\u00e3o entre o humano e o n\u00e3o-humano e sobre como as pr\u00e1ticas art\u00edsticas podem ser usadas para repensar o futuro do planeta.<\/p>\n<p>Ser\u00e3o expostos trabalhos de Aiyon Chung, Alexandre Pinheiro, Aline Mac\u00a0 Cord, Ana Holck, Ana Miguel, Athos Bulc\u00e3o, Bernardo Liu, Carlos Zilio, Carolina Kasting,\u00a0 Cela Luz, Diogo Santos, Duda Moraes, FOGO, Galv\u00e3o, Jade Marra, Jeane Terra, Jorge\u00a0 Cupim, Lourdes Barreto, Luis Moquenco, Luiz Eduardo Rayol, Luiza Donner, Marcelo\u00a0 Jou, Maria Gabriela Rodrigues, Matheus Mesti\u00e7o, Matheus Ribs, Mirela Cabral, Nuno\u00a0 Ramos, Paulo Agi, Pedro Varela, Rena Machado, Ruan D\u2019Ornellas, Thales Pomb, Vera\u00a0 Schueler, Vin\u00edcius Carvas, Willy Chung e Zilah Garcia.<\/p>\n<p>Como parte da programa\u00e7\u00e3o de abertura da mostra, \u00e0s 14h, a artista Carolina Kasting apresentar\u00e1 a performance \u201cAmar-u: corpo-expandido ciborgue\u201d.<\/p>\n<p>\u00a0<\/p>\n<p><strong>Abertura das exposi\u00e7\u00f5es:<\/strong><\/p>\n<p>\u201cGiras na Terra, Giras no Mar\u201d e \u201cO Mist\u00e9rio das Coisas por Baixo das Pedras e dos Seres\u201d<\/p>\n<p>Local: Museu Hist\u00f3rico da Cidade do Rio de Janeiro<br \/>Endere\u00e7o: Estrada Santa Marinha s\/n.\u00ba , G\u00e1vea \u2013 Rio de Janeiro<br \/>Data da abertura: 19\/10 (s\u00e1bado), \u00e0s 11h<br \/>Per\u00edodo de visita\u00e7\u00e3o: De 19\/10\/24 a 5\/1\/25<br \/>Hor\u00e1rio: De ter\u00e7a-feira a domingo, das 9h \u00e0s 16h<br \/>Entrada: Gratuita | Classifica\u00e7\u00e3o livre<\/p>\n<p>             <!-- Compartilhe ---><\/p>\n<p>\t\t\t <!-- TAGS --><\/p>\n<section class=\"category-tags\">\n<div class=\"marcacao-category\">\n<article class=\"category-post\">\n<p>Categoria: <\/p>\n<\/article>\n<li>14 de outubro de 2024<\/li><\/div>\n<article class=\"tags\">\n\t\t\t\t\tMarca\u00e7\u00f5es: Cultura exposi\u00e7\u00f5es Museu Hist\u00f3rico da Cidade Prefeitura do Rio<br \/><\/article>\n<\/section>\n<p>            <!-- Mais Not&iacute;cias --><\/p>\n<p>\t\t<!-- Conte&uacute;do SIDEBAR --><\/p><\/div>\n","protected":false},"excerpt":{"rendered":"<p>A exposi\u00e7\u00e3o \u201cO Mist\u00e9rio das Coisas por Baixo das Pedras e dos Seres\u201d explora a rela\u00e7\u00e3o entre arte e natureza<\/p>\n","protected":false},"author":2,"featured_media":0,"comment_status":"","ping_status":"","sticky":false,"template":"","format":"standard","meta":{"colormag_page_container_layout":"default_layout","colormag_page_sidebar_layout":"default_layout","footnotes":""},"categories":[1],"tags":[],"class_list":["post-33275","post","type-post","status-publish","format-standard","hentry","category-ejornais"],"aioseo_notices":[],"amp_enabled":true,"_links":{"self":[{"href":"https:\/\/ejornais.com.br\/index.php\/wp-json\/wp\/v2\/posts\/33275","targetHints":{"allow":["GET"]}}],"collection":[{"href":"https:\/\/ejornais.com.br\/index.php\/wp-json\/wp\/v2\/posts"}],"about":[{"href":"https:\/\/ejornais.com.br\/index.php\/wp-json\/wp\/v2\/types\/post"}],"author":[{"embeddable":true,"href":"https:\/\/ejornais.com.br\/index.php\/wp-json\/wp\/v2\/users\/2"}],"replies":[{"embeddable":true,"href":"https:\/\/ejornais.com.br\/index.php\/wp-json\/wp\/v2\/comments?post=33275"}],"version-history":[{"count":0,"href":"https:\/\/ejornais.com.br\/index.php\/wp-json\/wp\/v2\/posts\/33275\/revisions"}],"wp:attachment":[{"href":"https:\/\/ejornais.com.br\/index.php\/wp-json\/wp\/v2\/media?parent=33275"}],"wp:term":[{"taxonomy":"category","embeddable":true,"href":"https:\/\/ejornais.com.br\/index.php\/wp-json\/wp\/v2\/categories?post=33275"},{"taxonomy":"post_tag","embeddable":true,"href":"https:\/\/ejornais.com.br\/index.php\/wp-json\/wp\/v2\/tags?post=33275"}],"curies":[{"name":"wp","href":"https:\/\/api.w.org\/{rel}","templated":true}]}}