{"id":33375,"date":"2024-10-17T10:33:24","date_gmt":"2024-10-17T13:33:24","guid":{"rendered":"https:\/\/ejornais.com.br\/index.php\/2024\/10\/17\/cmdca-realizara-seminario-refazendo-lacos-prefeitura-estancia-turistica-guaratingueta\/"},"modified":"2024-10-17T10:33:24","modified_gmt":"2024-10-17T13:33:24","slug":"cmdca-realizara-seminario-refazendo-lacos-prefeitura-estancia-turistica-guaratingueta","status":"publish","type":"post","link":"https:\/\/ejornais.com.br\/index.php\/2024\/10\/17\/cmdca-realizara-seminario-refazendo-lacos-prefeitura-estancia-turistica-guaratingueta\/","title":{"rendered":"CMDCA realizar\u00e1 semin\u00e1rio \u201cRefazendo La\u00e7os\u201d \u2013 Prefeitura Est\u00e2ncia Tur\u00edstica Guaratinguet\u00e1"},"content":{"rendered":"<p><\/p>\n<div>\n<p>O Conselho Municipal dos Direitos da Crian\u00e7a e do Adolescente realiza nos pr\u00f3ximos dias 24 e 29 de outubro, o semin\u00e1rio \u201cRefazendo La\u00e7os\u201d.<\/p>\n<p>Local : Espa\u00e7o Multiuso Tur\u00edstico-Cultural Luiz Carvalho dos Santos.<\/p>\n<p>O evento visa a articula\u00e7\u00e3o da Rede de Prote\u00e7\u00e3o \u00e0 Crian\u00e7a e Adolescente com Pol\u00edticas P\u00fablicas de Prote\u00e7\u00e3o \u00e0 Crian\u00e7as V\u00edtimas de Viol\u00eancia Sexual e tem como p\u00fablico-alvo profissionais, institui\u00e7\u00f5es e organiza\u00e7\u00f5es da sociedade civil, do poder p\u00fablico pertencentes \u00e0 rede de prote\u00e7\u00e3o.<\/p>\n<p>O semin\u00e1rio ter\u00e1 vaga para 120 participantes e ser\u00e1 realizado nos dois dias, das 13h \u00e0s 17h, com a seguinte programa\u00e7\u00e3o:<\/p>\n<p>\u27051\u00b0 dia: 24\/10\/2024<\/p>\n<p>\u23f013h \u00e0s 13h30:<br \/>Credenciamento<\/p>\n<p>\u23f013h30 \u00e0s 13h45<br \/>Abertura: Coordena\u00e7\u00e3o do CMDCA<\/p>\n<p>\u23f013h45- Introduzindo o di\u00e1logo: Pol\u00edticas P\u00fablicas de Prote\u00e7\u00e3o e Enfrentamento \u00e0 Viol\u00eancia e ao Abuso Sexual \u00e0 Crian\u00e7a.<br \/>Georgiano Joaquim Pereira Ant\u00f4nio dos Santos \u2013 Psic\u00f3logo do CREAS e Conselheiro representante da Secretaria Municipal de Assist\u00eancia Social no CMDCA.<\/p>\n<p>\u23f014h \u00e0s 16h30: Mesa Redonda: Articula\u00e7\u00e3o das Pol\u00edticas P\u00fablicas de enfrentamento \u00e0 viol\u00eancia sexual<\/p>\n<p>\u23f015h \u00e1s 15h15 \u2013 intervalo (caf\u00e9)<br \/>CMDCA.<\/p>\n<p>Mediadora \u2013 Dra. Vivian Silva Fontes. Advogada e Conselheira Representante da OAB no CMDCA<\/p>\n<p>Convidados:<br \/>Seguran\u00e7a P\u00fablica<br \/>3\u00aa Vara Civel da Comarca de Guaratinguet\u00e1 SP<br \/>Minist\u00e9rio P\u00fablico do Estado de S\u00e3o Paulo<br \/>Secretaria Municipal de Assist\u00eancia Social<br \/>Conselho Tutelar<\/p>\n<p>\u27052\u00b0 dia: 29\/10\/2024:<\/p>\n<p>\u23f013h \u00e0s 13h30 CREDENCIAMENTO<\/p>\n<p>\u23f013h30 \u00e0s 14h \u2013 Introduzindo o di\u00e1logo \u2013 Preven\u00e7\u00e3o e Escuta \u2013 o olhar de quem est\u00e1 pr\u00f3ximo \u00e0 crian\u00e7a. Ginandreia da Silva e Santana. Assistente Social da Casa do Pur\u00edssimo Cora\u00e7\u00e3o de Maria. Conselheira Municipal do CMDCA<\/p>\n<p>\u23f014h \u00e0s 16h \u2013 Mesa Redonda: Articula\u00e7\u00e3o das Pol\u00edticas P\u00fablicas de enfrentamento \u00e0 viol\u00eancia sexual \u2013 Educa\u00e7\u00e3o: Escuta e Preven\u00e7\u00e3o \u2013<\/p>\n<p>Mediador: Assistente Social: Cintia Giane Liemes Steijer do Projeto Girassol e Conselheira do CMDCA<\/p>\n<p>Convidados:<br \/>Secretaria Municipal de Educa\u00e7\u00e3o<br \/>Secretaria Estadual de Educa\u00e7\u00e3o \u2013 Diretoria de Ensino<br \/>Secretaria Municipal de Esporte e Lazer<br \/>Secretaria Municipal de Sa\u00fade<br \/>Rede Privada de Sa\u00fade<br \/>Secretaria Estadual de Sa\u00fade \u2013 Vigil\u00e2ncia Epidemiol\u00f3gica.<\/p>\n<p>\u23f015h \u00e0s 15h15 \u2013 intervalo (caf\u00e9)<\/p>\n<p>\u23f016h \u00e0s 16h30 \u2013 Eliana Carvalho e Franciane Oliveira \u2013 Conselheiras Tutelares; Abordagens Pr\u00e1ticas no enfrentamento a viol\u00eancia sexual infantil.<\/p>\n<ul>\n<li>Venha participar deste importante semin\u00e1rio!<\/li>\n<\/ul><\/div>\n","protected":false},"excerpt":{"rendered":"<p>O Conselho Municipal dos Direitos da Crian\u00e7a e do Adolescente realiza nos pr\u00f3ximos dias 24 e 29 de outubro, o<\/p>\n","protected":false},"author":2,"featured_media":0,"comment_status":"","ping_status":"","sticky":false,"template":"","format":"standard","meta":{"colormag_page_container_layout":"default_layout","colormag_page_sidebar_layout":"default_layout","footnotes":""},"categories":[1],"tags":[],"class_list":["post-33375","post","type-post","status-publish","format-standard","hentry","category-ejornais"],"aioseo_notices":[],"amp_enabled":true,"_links":{"self":[{"href":"https:\/\/ejornais.com.br\/index.php\/wp-json\/wp\/v2\/posts\/33375","targetHints":{"allow":["GET"]}}],"collection":[{"href":"https:\/\/ejornais.com.br\/index.php\/wp-json\/wp\/v2\/posts"}],"about":[{"href":"https:\/\/ejornais.com.br\/index.php\/wp-json\/wp\/v2\/types\/post"}],"author":[{"embeddable":true,"href":"https:\/\/ejornais.com.br\/index.php\/wp-json\/wp\/v2\/users\/2"}],"replies":[{"embeddable":true,"href":"https:\/\/ejornais.com.br\/index.php\/wp-json\/wp\/v2\/comments?post=33375"}],"version-history":[{"count":0,"href":"https:\/\/ejornais.com.br\/index.php\/wp-json\/wp\/v2\/posts\/33375\/revisions"}],"wp:attachment":[{"href":"https:\/\/ejornais.com.br\/index.php\/wp-json\/wp\/v2\/media?parent=33375"}],"wp:term":[{"taxonomy":"category","embeddable":true,"href":"https:\/\/ejornais.com.br\/index.php\/wp-json\/wp\/v2\/categories?post=33375"},{"taxonomy":"post_tag","embeddable":true,"href":"https:\/\/ejornais.com.br\/index.php\/wp-json\/wp\/v2\/tags?post=33375"}],"curies":[{"name":"wp","href":"https:\/\/api.w.org\/{rel}","templated":true}]}}