{"id":33390,"date":"2024-10-17T14:38:25","date_gmt":"2024-10-17T17:38:25","guid":{"rendered":"https:\/\/ejornais.com.br\/index.php\/2024\/10\/17\/com-oficinas-e-cartilhas-em-lingua-materna-cidadania-discute-saude-mental-da-juventude-indigena\/"},"modified":"2024-10-17T14:38:25","modified_gmt":"2024-10-17T17:38:25","slug":"com-oficinas-e-cartilhas-em-lingua-materna-cidadania-discute-saude-mental-da-juventude-indigena","status":"publish","type":"post","link":"https:\/\/ejornais.com.br\/index.php\/2024\/10\/17\/com-oficinas-e-cartilhas-em-lingua-materna-cidadania-discute-saude-mental-da-juventude-indigena\/","title":{"rendered":"Com oficinas e cartilhas em l\u00edngua materna, Cidadania discute sa\u00fade mental da juventude ind\u00edgena"},"content":{"rendered":"<p><\/p>\n<div>\n<p>Com o tema &#8216;sa\u00fade mental da juventude sul-mato-grossense&#8217;, a Semana Estadual da Juventude, a\u00e7\u00e3o realizada pela Secretaria de Estado da Cidadania, vai \u00e0 aldeia Jaguapiru, em Dourados, no pr\u00f3ximo dia 22 de outubro.<\/p>\n<p>Mato Grosso do Sul tem, pela primeira vez, um material in\u00e9dito voltado \u00e0 juventude ind\u00edgena em tr\u00eas l\u00ednguas: guarani, terena e kadiw\u00e9u, fruto do trabalho das Subsecretaria de Pol\u00edticas P\u00fablicas para Juventude e Povos Origin\u00e1rios &#8211; pasta ligada \u00e0 Cidadania.<\/p>\n<p>Em Dourados, a programa\u00e7\u00e3o ser\u00e1 realizada na Escola Municipal Ind\u00edgena Francisco Meireles, com palestras e oficinas sobre sa\u00fade mental, bem viver e preven\u00e7\u00e3o a problemas relacionados \u00e0 depend\u00eancia.<\/p>\n<p>\u201cA programa\u00e7\u00e3o da Semana Estadual da Juventude levou em considera\u00e7\u00e3o a diversidade de etnias e territ\u00f3rios ind\u00edgenas. J\u00e1 passamos por Caarap\u00f3, Porto Murtinho e Aquidauana atendendo aos povos guarani-kaiow\u00e1, kadiw\u00e9u e terena, e vamos fechar este ciclo de territ\u00f3rios lan\u00e7ando e ofertando a cartilha em Dourados, atendendo as demandas vindas da regi\u00e3o no que tange a quest\u00e3o da sa\u00fade mental\u201d, ressalta o subsecret\u00e1rio de Pol\u00edticas P\u00fablicas para Juventude, Jess\u00e9 Cruz.<\/p>\n<figure id=\"attachment_493583\" aria-describedby=\"caption-attachment-493583\" style=\"width: 1024px\" class=\"wp-caption aligncenter\"><figcaption id=\"caption-attachment-493583\" class=\"wp-caption-text\">Em cada lan\u00e7amento, a\u00e7\u00f5es de refer\u00eancia s\u00e3o feitas em escolas com oficinas e palestras.<\/figcaption><\/figure>\n<p><strong>Programa\u00e7\u00e3o<\/strong><\/p>\n<p>7h30 &#8211; Abertura<br \/>8h30 &#8211; Lan\u00e7amento da cartilha transcultural<br \/>9h &#8211; Oficinas:<br \/>Sala 1 &#8211; Sa\u00fade Mental dos Jovens;<br \/>Sala 2 &#8211; Os caminhos do bem viver do Jovem Guarani-Kaiow\u00e1, com a vice-presidente do CRP 14\u00ba (Conselho Regional de Psicologia), B\u00e1rbara Marques Rodrigues;<br \/>Sala 3 &#8211; Juventude e Bem-Viver, com representante da Sesai (Secretaria Especial de Sa\u00fade Ind\u00edgena);<br \/>Sala 4 &#8211; Palestra &#8216;Preven\u00e7\u00e3o dos Problemas Causados pelo \u00e1lcool e outras Drogas na Juventude&#8217;.<\/p>\n<figure id=\"attachment_493584\" aria-describedby=\"caption-attachment-493584\" style=\"width: 1024px\" class=\"wp-caption aligncenter\"><figcaption id=\"caption-attachment-493584\" class=\"wp-caption-text\">Material foi adaptado para as principais l\u00ednguas ind\u00edgenas de MS.<\/figcaption><\/figure>\n<p><strong>Semana Estadual da Juventude<\/strong><\/p>\n<p>O objetivo da Semana \u00e9 desenvolver e implementar estrat\u00e9gias abrangentes de promo\u00e7\u00e3o, preven\u00e7\u00e3o e atendimento em sa\u00fade mental para os jovens sul-mato-grossenses, com idades entre 15 e 29 anos.<\/p>\n<p>A iniciativa visa mitigar os crescentes casos de suic\u00eddio, depress\u00e3o, ansiedade e outros transtornos mentais, em resposta \u00e0s lacunas identificadas nos recursos e informa\u00e7\u00f5es dispon\u00edveis, bem como ao estigma social associado a essas condi\u00e7\u00f5es.<\/p>\n<p>Em Mato Grosso do Sul, a\u00e7\u00f5es pontuais j\u00e1 v\u00eam ocorrendo desde o m\u00eas de julho, com o lan\u00e7amento da consulta p\u00fablica. No entanto, \u00e9 pr\u00f3ximo \u00e0 Semana da Juventude, institu\u00edda pela Lei n\u00ba 3.748, de 25 de setembro de 2009), que o trabalho \u00e9 realizado de forma mais abrangente com entregas que impactam a vida da popula\u00e7\u00e3o.<\/p>\n<figure id=\"attachment_493582\" aria-describedby=\"caption-attachment-493582\" style=\"width: 1024px\" class=\"wp-caption aligncenter\"><figcaption id=\"caption-attachment-493582\" class=\"wp-caption-text\">Cartilha transcultural sobre Sa\u00fade Mental da Juventude, escrita tamb\u00e9m em kadiw\u00e9u.<\/figcaption><\/figure>\n<p>Clique aqui para visualizar a cartilha em:<\/p>\n<p>Portugu\u00eas: <span style=\"color: #0000ff;\">https:\/\/www.sec.ms.gov.br\/wp-content\/uploads\/2024\/09\/Cartilha-Portugues.pdf<\/span><br \/>Guarani: <span style=\"color: #0000ff;\">https:\/\/www.sec.ms.gov.br\/wp-content\/uploads\/2024\/09\/Cartilha-Guarani.pdf<\/span><br \/>Terena: <span style=\"color: #0000ff;\">https:\/\/www.sec.ms.gov.br\/wp-content\/uploads\/2024\/09\/Cartilha-Terena.pdf<\/span><br \/>Kadiw\u00e9u: <span style=\"color: #0000ff;\">https:\/\/www.sec.ms.gov.br\/wp-content\/uploads\/2024\/09\/Cartilha-Kadiweu.pdf<\/span><\/p>\n<figure id=\"attachment_493586\" aria-describedby=\"caption-attachment-493586\" style=\"width: 1024px\" class=\"wp-caption aligncenter\"><figcaption id=\"caption-attachment-493586\" class=\"wp-caption-text\">A\u00e7\u00f5es incluem tamb\u00e9m di\u00e1logo e orienta\u00e7\u00f5es com professores.<\/figcaption><\/figure>\n<p>A Semana Estadual da Juventude \u00e9 uma realiza\u00e7\u00e3o da Secretaria de Estado da Cidadania com os parceiros:<\/p>\n<figure id=\"attachment_493585\" aria-describedby=\"caption-attachment-493585\" style=\"width: 300px\" class=\"wp-caption alignright\"><figcaption id=\"caption-attachment-493585\" class=\"wp-caption-text\">Interven\u00e7\u00f5es culturais como apresenta\u00e7\u00f5es e artesanato tamb\u00e9m fazem parte da programa\u00e7\u00e3o.<\/figcaption><\/figure>\n<p>Secretaria de Estado de Educa\u00e7\u00e3o de Mato Grosso do Sul;<br \/>Secretaria de Estado de Sa\u00fade de Mato Grosso do Sul &#8211; Rede de Aten\u00e7\u00e3o Psicossocial (RAPS);<br \/>Funda\u00e7\u00e3o Oswaldo Cruz &#8211; Fiocruz de Mato Grosso do Sul;<br \/>Delegacia Especializada de Atendimento \u00e0 Mulher &#8211; DEAM;<br \/>Observat\u00f3rio da Cidadania &#8211; UFMS;<br \/>Conselho Regional de Psicologia &#8211; CRP 14;<br \/>Universidade Estadual de Mato Grosso do Sul &#8211; UEMS;<br \/>Cruz Vermelha Brasileira &#8211; Mato Grosso do Sul;<br \/>Conselho Estadual da Juventude de MS &#8211; CONJUV;<br \/>Grupo Amor Vida (GAV);<br \/>Secretaria Especial de Sa\u00fade Ind\u00edgena &#8211; SESAI;<br \/>Distrito Sanit\u00e1rio Especial Ind\u00edgena &#8211; DSEI;<br \/>Associa\u00e7\u00e3o Amando Vidas;<br \/>Conselho Estadual de Pol\u00edticas sobre Drogas &#8211; CEAD;<br \/>Associa\u00e7\u00e3o Beneficente Casa da Uni\u00e3o Lar de Santana;<br \/>Secretaria Municipal de Educa\u00e7\u00e3o &#8211; SEMED Campo Grande.<\/p>\n<p><em>Paula Maciulevicius, Comunica\u00e7\u00e3o da Cidadania<\/em><\/p>\n<\/div>\n","protected":false},"excerpt":{"rendered":"<p>Com o tema &#8216;sa\u00fade mental da juventude sul-mato-grossense&#8217;, a Semana Estadual da Juventude, a\u00e7\u00e3o realizada pela Secretaria de Estado da<\/p>\n","protected":false},"author":2,"featured_media":0,"comment_status":"","ping_status":"","sticky":false,"template":"","format":"standard","meta":{"colormag_page_container_layout":"default_layout","colormag_page_sidebar_layout":"default_layout","footnotes":""},"categories":[1],"tags":[],"class_list":["post-33390","post","type-post","status-publish","format-standard","hentry","category-ejornais"],"aioseo_notices":[],"amp_enabled":true,"_links":{"self":[{"href":"https:\/\/ejornais.com.br\/index.php\/wp-json\/wp\/v2\/posts\/33390","targetHints":{"allow":["GET"]}}],"collection":[{"href":"https:\/\/ejornais.com.br\/index.php\/wp-json\/wp\/v2\/posts"}],"about":[{"href":"https:\/\/ejornais.com.br\/index.php\/wp-json\/wp\/v2\/types\/post"}],"author":[{"embeddable":true,"href":"https:\/\/ejornais.com.br\/index.php\/wp-json\/wp\/v2\/users\/2"}],"replies":[{"embeddable":true,"href":"https:\/\/ejornais.com.br\/index.php\/wp-json\/wp\/v2\/comments?post=33390"}],"version-history":[{"count":0,"href":"https:\/\/ejornais.com.br\/index.php\/wp-json\/wp\/v2\/posts\/33390\/revisions"}],"wp:attachment":[{"href":"https:\/\/ejornais.com.br\/index.php\/wp-json\/wp\/v2\/media?parent=33390"}],"wp:term":[{"taxonomy":"category","embeddable":true,"href":"https:\/\/ejornais.com.br\/index.php\/wp-json\/wp\/v2\/categories?post=33390"},{"taxonomy":"post_tag","embeddable":true,"href":"https:\/\/ejornais.com.br\/index.php\/wp-json\/wp\/v2\/tags?post=33390"}],"curies":[{"name":"wp","href":"https:\/\/api.w.org\/{rel}","templated":true}]}}