{"id":33461,"date":"2024-10-18T17:00:48","date_gmt":"2024-10-18T20:00:48","guid":{"rendered":"https:\/\/ejornais.com.br\/index.php\/2024\/10\/18\/rodada-de-empregos-dedicada-ao-setor-de-bioenergia-e-a-esperanca-de-um-novo-trabalho-ainda-em-2024\/"},"modified":"2024-10-18T17:00:48","modified_gmt":"2024-10-18T20:00:48","slug":"rodada-de-empregos-dedicada-ao-setor-de-bioenergia-e-a-esperanca-de-um-novo-trabalho-ainda-em-2024","status":"publish","type":"post","link":"https:\/\/ejornais.com.br\/index.php\/2024\/10\/18\/rodada-de-empregos-dedicada-ao-setor-de-bioenergia-e-a-esperanca-de-um-novo-trabalho-ainda-em-2024\/","title":{"rendered":"Rodada de Empregos dedicada ao setor de bioenergia \u00e9 a esperan\u00e7a de um novo trabalho ainda em 2024"},"content":{"rendered":"<p><\/p>\n<div>\n<p>Jocir Alves da Fonseca, que tem 63 anos e encontrava dificuldades para retornar ao mercado de trabalho, teve mais uma vez a certeza de que persistir sempre vale a pena. Ele procurou a Funtrab (Funda\u00e7\u00e3o de Trabalho de Mato Grosso do Sul) e ap\u00f3s quase dois anos desempregado, conseguiu encaminhamento para uma empresa em Rio Brilhante.<\/p>\n<p>&#8220;Tenho vinte anos de experi\u00eancia em montagem de usina, supervis\u00e3o de qualidade, supervis\u00e3o de processo de \u00e1lcool, a\u00e7\u00facar e capacita\u00e7\u00e3o de funcion\u00e1rios. O meu encaminhamento \u00e9 para t\u00e9cnico de automa\u00e7\u00e3o Industrial. Estou disposto a trabalhar, n\u00e3o importa qual seja a cidade&#8221;, diz ele, que \u00e9 de Nova Andradina, mas atualmente vive com a fam\u00edlia em Campo Grande.<\/p>\n<figure id=\"attachment_493684\" aria-describedby=\"caption-attachment-493684\" style=\"width: 300px\" class=\"wp-caption alignleft\"><figcaption id=\"caption-attachment-493684\" class=\"wp-caption-text\">Jocir Alves tem 63 anos e segue ativo no mercado<\/figcaption><\/figure>\n<p>A intermedia\u00e7\u00e3o da vaga foi durante a 1\u00aa a\u00e7\u00e3o de empregabilidade dedicada ao setor de Bioenergia, realizada na Capital e nos munic\u00edpios de Aparecida do Taboado, Caarap\u00f3, Dourados, Maracaju, Nova Alvorada do Sul, Nova Andradina, Rio Brilhante, Sidrol\u00e2ndia e Sonora. Ao todo, foram oferecidas 370 vagas.<\/p>\n<p>As usinas participantes \u2013 Agroterenas, Estrela do Oeste, Alcoolvale, Atvos, BP Bunge Bioenergia, CerradinhoBio Neomille, Energ\u00e9tica Santa Helena, Inpasa, Ra\u00edzen, Usina Laguna e Usina Sonora \u2014 est\u00e3o em busca de profissionais para diversas fun\u00e7\u00f5es, como mec\u00e2nicos, eletricistas, operadores industriais, analistas ambientais, instrumentistas, operadores de m\u00e1quinas, motoristas, aprendizes, vagas para PCD, entre outras.<\/p>\n<figure id=\"attachment_493688\" aria-describedby=\"caption-attachment-493688\" style=\"width: 300px\" class=\"wp-caption alignright\"><figcaption id=\"caption-attachment-493688\" class=\"wp-caption-text\">Norberto foi em busca de vaga no mercado de trabalho da bioenergia.<\/figcaption><\/figure>\n<p>Norberto Moura, de 42 anos, ficou sabendo do feir\u00e3o e tamb\u00e9m foi em busca de um emprego. &#8220;Busco oportunidade de crescimento na \u00e1rea de usina, de prefer\u00eancia nas cidades de Nova Alvorada e Rio Brilhante&#8221;, disse.<\/p>\n<p>&#8220;H\u00e1 mais de um ano estamos dialogando com todos os setores produtivos e agindo de forma coordenada para fazer com que a popula\u00e7\u00e3o tenha conhecimento dessas oportunidades. Quem passa pela Funtrab recebe encaminhamento para empresas e ind\u00fastrias que est\u00e3o contratando&#8221;, destaca Marina Dobashi, presidente da Funtrab.<\/p>\n<p>O diretor-t\u00e9cnico da Biosul, \u00c9rico Paredes, ressalta que as empresas t\u00eam investido cada vez mais em qualifica\u00e7\u00e3o profissional para que os profissionais consigam conhecer as tecnologias, aprender, alcan\u00e7ar cargos de lideran\u00e7a e melhorar de vida na institui\u00e7\u00e3o.<\/p>\n<p>&#8220;Boa parte das vagas n\u00e3o exige experi\u00eancia. \u00c9 importante que as pessoas saibam que existe muita tecnologia e oportunidade nas Ind\u00fastrias. As energias renov\u00e1veis est\u00e3o muito em pauta hoje, o etanol \u00e9 um grande produto, tem novas ind\u00fastrias chegando com muita tecnologia, gerando muito emprego e renda em Mato Grosso do Sul&#8221;, explica.<\/p>\n<figure id=\"attachment_493683\" aria-describedby=\"caption-attachment-493683\" style=\"width: 1024px\" class=\"wp-caption aligncenter\"><figcaption id=\"caption-attachment-493683\" class=\"wp-caption-text\">Amigos foram em busca de um novo emprego, juntos<\/figcaption><\/figure>\n<p>Os amigos Anderson Ram\u00e3o Rosa Machado, de 40 anos, e Vanderlei Moreira da Silva, de 42 anos, enxergaram o potencial de crescimento e foram juntos em busca de uma vaga que oferecesse benef\u00edcios atrativos, como plano de sa\u00fade e cargo de carreira.<\/p>\n<p>&#8220;Eu quero muito estar num lugar onde eu tenha a oportunidade de crescer e onde a minha fam\u00edlia se sinta segura tamb\u00e9m. Tenho um filho especial, dependo muito de m\u00e9dicos, ent\u00e3o ter um plano de sa\u00fade \u00e9 prioridade&#8221;, disse o Anderson.<\/p>\n<p>&#8220;N\u00f3s estudamos muito, trabalhamos 14 anos em f\u00e1brica, entendemos desde o processo administrativo, at\u00e9 planejamento, compras, produ\u00e7\u00e3o, operador de processo. Essas vagas que est\u00e3o vindo pra c\u00e1 s\u00e3o a oportunidades que temos de usar toda a nossa qualifica\u00e7\u00e3o profissional&#8221;, explica o Vanderlei, que tem forma\u00e7\u00e3o em log\u00edstica.<\/p>\n<figure id=\"attachment_493686\" aria-describedby=\"caption-attachment-493686\" style=\"width: 1024px\" class=\"wp-caption aligncenter\"><figcaption id=\"caption-attachment-493686\" class=\"wp-caption-text\">Erico Paredes da Biosul fala sobre a import\u00e2ncia da iniciativa para o setor<\/figcaption><\/figure>\n<p>Nos atendimentos dos guich\u00eas, os candidatos tiveram acesso a todas as vagas. Quem se encaixava no perfil, recebia encaminhamento com agendamento de entrevista. Foi o que aconteceu com o Franqui Silva, de 50 anos.<\/p>\n<p>&#8220;J\u00e1 trabalhei em companhias de combust\u00edveis, no setor de compras e ger\u00eancia. Sa\u00ed para trabalhar em construtoras, n\u00e3o deu muito certo. Ap\u00f3s ver o an\u00fancio da Funtrab, decidi tentar uma oportunidade porque as companhias de energia est\u00e3o vivendo um novo momento, tem muita coisa nova aparecendo nesse setor e vale a pena tentar me encaixar novamente. Estou com esperan\u00e7a de conseguir algo&#8221;, diz ele que destaca a import\u00e2ncia dos feir\u00f5es de emprego.<\/p>\n<figure id=\"attachment_493685\" aria-describedby=\"caption-attachment-493685\" style=\"width: 300px\" class=\"wp-caption alignright\"><figcaption id=\"caption-attachment-493685\" class=\"wp-caption-text\">Adriana \u00e9 outra trabalhadora que aproveitou a rodada para buscar recoloca\u00e7\u00e3o no mercado<\/figcaption><\/figure>\n<p>Adriana dos Santos, de 33 anos, rec\u00e9m-formada em engenheira, saiu com sorriso no rosto e muita esperan\u00e7a. Ela recebeu encaminhamento para t\u00e9cnico de automa\u00e7\u00e3o Industrial, e uma empresa de Rio Brilhante.<\/p>\n<p>&#8220;Flexibilizaram bastante, n\u00e3o pediram experi\u00eancia. A gente vive em busca de desafios e de melhorar como pessoa. Eu estou muito feliz! O sonho de um rec\u00e9m-formado \u00e9 conseguir um emprego na \u00e1rea e eu estou pronta para trabalhar. Vai ser meu presente de Natal&#8221;.<\/p>\n<p><em>Evelyn Souza, Comunica\u00e7\u00e3o Governo de MS<\/em><br \/><em>Fotos: Luiz Valney\/Funtrab<\/em><\/p>\n<\/div>\n","protected":false},"excerpt":{"rendered":"<p>Jocir Alves da Fonseca, que tem 63 anos e encontrava dificuldades para retornar ao mercado de trabalho, teve mais uma<\/p>\n","protected":false},"author":2,"featured_media":0,"comment_status":"","ping_status":"","sticky":false,"template":"","format":"standard","meta":{"colormag_page_container_layout":"default_layout","colormag_page_sidebar_layout":"default_layout","footnotes":""},"categories":[1],"tags":[],"class_list":["post-33461","post","type-post","status-publish","format-standard","hentry","category-ejornais"],"aioseo_notices":[],"amp_enabled":true,"_links":{"self":[{"href":"https:\/\/ejornais.com.br\/index.php\/wp-json\/wp\/v2\/posts\/33461","targetHints":{"allow":["GET"]}}],"collection":[{"href":"https:\/\/ejornais.com.br\/index.php\/wp-json\/wp\/v2\/posts"}],"about":[{"href":"https:\/\/ejornais.com.br\/index.php\/wp-json\/wp\/v2\/types\/post"}],"author":[{"embeddable":true,"href":"https:\/\/ejornais.com.br\/index.php\/wp-json\/wp\/v2\/users\/2"}],"replies":[{"embeddable":true,"href":"https:\/\/ejornais.com.br\/index.php\/wp-json\/wp\/v2\/comments?post=33461"}],"version-history":[{"count":0,"href":"https:\/\/ejornais.com.br\/index.php\/wp-json\/wp\/v2\/posts\/33461\/revisions"}],"wp:attachment":[{"href":"https:\/\/ejornais.com.br\/index.php\/wp-json\/wp\/v2\/media?parent=33461"}],"wp:term":[{"taxonomy":"category","embeddable":true,"href":"https:\/\/ejornais.com.br\/index.php\/wp-json\/wp\/v2\/categories?post=33461"},{"taxonomy":"post_tag","embeddable":true,"href":"https:\/\/ejornais.com.br\/index.php\/wp-json\/wp\/v2\/tags?post=33461"}],"curies":[{"name":"wp","href":"https:\/\/api.w.org\/{rel}","templated":true}]}}