{"id":33870,"date":"2024-10-26T07:05:22","date_gmt":"2024-10-26T10:05:22","guid":{"rendered":"https:\/\/ejornais.com.br\/index.php\/2024\/10\/26\/filme-sobre-bioparque-pantanal-vence-premiacao-em-festival-internacional-de-cinema-e-turismo\/"},"modified":"2024-10-26T07:05:22","modified_gmt":"2024-10-26T10:05:22","slug":"filme-sobre-bioparque-pantanal-vence-premiacao-em-festival-internacional-de-cinema-e-turismo","status":"publish","type":"post","link":"https:\/\/ejornais.com.br\/index.php\/2024\/10\/26\/filme-sobre-bioparque-pantanal-vence-premiacao-em-festival-internacional-de-cinema-e-turismo\/","title":{"rendered":"Filme sobre Bioparque Pantanal vence premia\u00e7\u00e3o em Festival Internacional de Cinema e Turismo"},"content":{"rendered":"<p><\/p>\n<div>\n<p>O filme institucional que celebra os dois anos do Bioparque Pantanal foi o grande vencedor da categoria &#8216;Turismo de Natureza&#8217; no Festival ART&amp;TUR, que ocorre na cidade de Lous\u00e3, em Portugal. O evento internacional \u00e9 refer\u00eancia na \u00e1rea de cinema e turismo.<\/p>\n<p>Com o tema &#8216;Al\u00e9m da Superf\u00edcie, o filme&#8217; mostra toda estrutura dispon\u00edvel com mais de 230 tanques e 40 mil animais, mas com foco no encantamento que o lugar traz para quem o conhece, pois al\u00e9m da beleza, tem educa\u00e7\u00e3o por meio da conscientiza\u00e7\u00e3o ambiental, para que todos conhe\u00e7am a fauna e flora da regi\u00e3o.<\/p>\n<figure id=\"attachment_494377\" aria-describedby=\"caption-attachment-494377\" style=\"width: 225px\" class=\"wp-caption alignright\"><figcaption id=\"caption-attachment-494377\" class=\"wp-caption-text\">Bioparque faturou uma das categorias do evento<\/figcaption><\/figure>\n<p>Tamb\u00e9m destaca que o local foi pensado para todos, com acessibilidade, tecnologia, inova\u00e7\u00e3o e moderno para sa\u00fade e bem-estar dos animais, al\u00e9m de dispor de espa\u00e7o para pesquisa e o melhor ambiente aos visitantes. Uma jun\u00e7\u00e3o que desperta o \u201cbrilho no olhar\u201d de quem conhece o maior circuito de aqu\u00e1rios de \u00e1gua doce do mundo.<\/p>\n<p>Representando o Governo do Mato Grosso do Sul, o secret\u00e1rio-executivo de Comunica\u00e7\u00e3o\u00a0do Estado,\u00a0Frederico\u00a0Fukagawa Hozano de Souza, destacou a import\u00e2ncia de vencer esta premia\u00e7\u00e3o, e assim divulgar cada vez mais o Bioparque para o mundo.<\/p>\n<p>\u201cEsta premia\u00e7\u00e3o \u00e9 um reconhecimento do trabalho produzido, que teve como foco divulgar as belezas do Bioparque Pantanal e ao mesmo tempo mostra como este espa\u00e7o foi preparado e adequado para receber a todos os p\u00fablicos, com acessibilidade, modernidade e inclus\u00e3o\u201d, afirmou o secret\u00e1rio.<\/p>\n<p>A diretora-geral do Bioparque, Maria Fernanda Balestieri, comemorou a vit\u00f3ria. &#8216;Receber esse pr\u00eamio internacional \u00e9 uma conquista que refor\u00e7a o impacto do nosso trabalho n\u00e3o apenas na conserva\u00e7\u00e3o e educa\u00e7\u00e3o ambiental, mas tamb\u00e9m na forma como comunicamos a riqueza do Pantanal para o mundo de forma inclusiva. Esse v\u00eddeo \u00e9 uma celebra\u00e7\u00e3o do nosso segundo anivers\u00e1rio e um reflexo do compromisso de tornar o Bioparque um espa\u00e7o de conex\u00e3o entre ci\u00eancia, natureza e pessoas, inspirando consci\u00eancia ambiental&#8217;, Maria Fernanda Balestieri.<\/p>\n<p>A 17\u00b0 edi\u00e7\u00e3o do Festival iniciou no dia 22 e termina nesta sexta-feira (25). Considerado um dos mais reconhecidos festivais de cinema de turismo do mundo, ele conta com premia\u00e7\u00f5es em v\u00e1rias categorias na \u00e1rea de meio ambiente e ecologia, turismo de natureza, cultura e patrim\u00f4nio, servi\u00e7os tur\u00edsticos, m\u00fasica e dan\u00e7a, esporte e lazer, aventuras e expedi\u00e7\u00f5es, entre outros.<\/p>\n<p><strong>Confira o v\u00eddeo:<\/strong><\/p>\n<p><iframe loading=\"lazy\" title=\"AL\u00c9M DA SUPERF\u00cdCIE\" width=\"800\" height=\"450\" src=\"https:\/\/www.youtube.com\/embed\/bm1H0p1Qp00?feature=oembed\" frameborder=\"0\" allow=\"accelerometer; autoplay; clipboard-write; encrypted-media; gyroscope; picture-in-picture; web-share\" referrerpolicy=\"strict-origin-when-cross-origin\" allowfullscreen><\/iframe><span data-mce-type=\"bookmark\" style=\"display: inline-block; width: 0px; overflow: hidden; line-height: 0;\" class=\"mce_SELRES_start\">\ufeff<\/span><\/iframe><\/p>\n<p><em>Leonardo Rocha, Comunica\u00e7\u00e3o do Governo de MS<\/em><br \/><em>Foto da Capa: Reprodu\u00e7\u00e3o\/Filme Bioparque<\/em><\/p>\n<\/div>\n","protected":false},"excerpt":{"rendered":"<p>O filme institucional que celebra os dois anos do Bioparque Pantanal foi o grande vencedor da categoria &#8216;Turismo de Natureza&#8217;<\/p>\n","protected":false},"author":2,"featured_media":0,"comment_status":"","ping_status":"","sticky":false,"template":"","format":"standard","meta":{"colormag_page_container_layout":"default_layout","colormag_page_sidebar_layout":"default_layout","footnotes":""},"categories":[1],"tags":[],"class_list":["post-33870","post","type-post","status-publish","format-standard","hentry","category-ejornais"],"aioseo_notices":[],"amp_enabled":true,"_links":{"self":[{"href":"https:\/\/ejornais.com.br\/index.php\/wp-json\/wp\/v2\/posts\/33870","targetHints":{"allow":["GET"]}}],"collection":[{"href":"https:\/\/ejornais.com.br\/index.php\/wp-json\/wp\/v2\/posts"}],"about":[{"href":"https:\/\/ejornais.com.br\/index.php\/wp-json\/wp\/v2\/types\/post"}],"author":[{"embeddable":true,"href":"https:\/\/ejornais.com.br\/index.php\/wp-json\/wp\/v2\/users\/2"}],"replies":[{"embeddable":true,"href":"https:\/\/ejornais.com.br\/index.php\/wp-json\/wp\/v2\/comments?post=33870"}],"version-history":[{"count":0,"href":"https:\/\/ejornais.com.br\/index.php\/wp-json\/wp\/v2\/posts\/33870\/revisions"}],"wp:attachment":[{"href":"https:\/\/ejornais.com.br\/index.php\/wp-json\/wp\/v2\/media?parent=33870"}],"wp:term":[{"taxonomy":"category","embeddable":true,"href":"https:\/\/ejornais.com.br\/index.php\/wp-json\/wp\/v2\/categories?post=33870"},{"taxonomy":"post_tag","embeddable":true,"href":"https:\/\/ejornais.com.br\/index.php\/wp-json\/wp\/v2\/tags?post=33870"}],"curies":[{"name":"wp","href":"https:\/\/api.w.org\/{rel}","templated":true}]}}