{"id":34092,"date":"2024-10-30T08:57:01","date_gmt":"2024-10-30T11:57:01","guid":{"rendered":"https:\/\/ejornais.com.br\/index.php\/2024\/10\/30\/prefeito-concede-passe-livre-para-candidatos-embarcarem-nos-onibus-nos-dias-de-provas-do-enem-2024\/"},"modified":"2024-10-30T08:57:01","modified_gmt":"2024-10-30T11:57:01","slug":"prefeito-concede-passe-livre-para-candidatos-embarcarem-nos-onibus-nos-dias-de-provas-do-enem-2024","status":"publish","type":"post","link":"https:\/\/ejornais.com.br\/index.php\/2024\/10\/30\/prefeito-concede-passe-livre-para-candidatos-embarcarem-nos-onibus-nos-dias-de-provas-do-enem-2024\/","title":{"rendered":"Prefeito concede passe livre para candidatos embarcarem nos \u00f4nibus nos dias de provas do Enem 2024"},"content":{"rendered":"<p><\/p>\n<div>\n<h5 class=\"text-primary\">Transporte coletivo<\/h5>\n<p>                        <!-- Mostra o t&iacute;tulo como um link para o link permanente do post --><\/p>\n<h2 class=\"mb-3\">Prefeito concede passe livre para candidatos embarcarem nos \u00f4nibus nos dias de provas do Enem 2024<\/h2>\n<p class=\"text-secondary font-italic mb-3 p-0\">&#13;<br \/>\n                            <i class=\"fa fa-calendar\"\/> 30\/10\/2024 | &#13;<br \/>\n                            <i class=\"fa fa-clock-o\"\/> 08:30 |&#13;<br \/>\n                            <i class=\"fa fa-eye\"\/> 31                        <\/p>\n<p>                        <!-- Mostra o conte&uacute;do do post em uma DIV --><\/p>\n<div class=\"\">\n<p>O prefeito C\u00edcero Lucena anunciou, nesta quarta-feira (30), que todos os estudantes inscritos no Exame Nacional do Ensino M\u00e9dio (Enem) 2024 ser\u00e3o beneficiados com passe livre para embarque no transporte p\u00fablico de Jo\u00e3o Pessoa, nos pr\u00f3ximos dias 3 e 10 de novembro, quando ocorrer\u00e3o as provas. Segundo dados do Painel Enem, divulgado pelo Minist\u00e9rio da Educa\u00e7\u00e3o, a Capital paraibana registrou 30.957 pessoas inscritas.<\/p>\n<p>\u201cAl\u00e9m de refor\u00e7armos a operacionalidade do transporte p\u00fablico nos dias de provas, com mais linhas e viagens \u00e0 disposi\u00e7\u00e3o nos domingos, tamb\u00e9m estamos garantindo a isen\u00e7\u00e3o na cobran\u00e7a da tarifa, proporcionando al\u00e9m da conten\u00e7\u00e3o de gastos, seguran\u00e7a e comodidade para ir aos locais de aplica\u00e7\u00e3o de provas e retorno para as resid\u00eancias\u201d, ressaltou o prefeito.<\/p>\n<p>Para ter acesso ao benef\u00edcio nos dias das provas, os passageiros dever\u00e3o apresentar o cart\u00e3o de confirma\u00e7\u00e3o do Enem 2024, documento que comprova a inscri\u00e7\u00e3o no exame e cont\u00e9m as informa\u00e7\u00f5es pessoais, como nome, CPF e n\u00famero de inscri\u00e7\u00e3o, al\u00e9m tamb\u00e9m, de um documento com foto.<\/p>\n<\/p><\/div>\n<\/p><\/div>\n","protected":false},"excerpt":{"rendered":"<p>Transporte coletivo Prefeito concede passe livre para candidatos embarcarem nos \u00f4nibus nos dias de provas do Enem 2024 &#13; 30\/10\/2024<\/p>\n","protected":false},"author":2,"featured_media":0,"comment_status":"","ping_status":"","sticky":false,"template":"","format":"standard","meta":{"colormag_page_container_layout":"default_layout","colormag_page_sidebar_layout":"default_layout","footnotes":""},"categories":[1],"tags":[],"class_list":["post-34092","post","type-post","status-publish","format-standard","hentry","category-ejornais"],"aioseo_notices":[],"amp_enabled":true,"_links":{"self":[{"href":"https:\/\/ejornais.com.br\/index.php\/wp-json\/wp\/v2\/posts\/34092","targetHints":{"allow":["GET"]}}],"collection":[{"href":"https:\/\/ejornais.com.br\/index.php\/wp-json\/wp\/v2\/posts"}],"about":[{"href":"https:\/\/ejornais.com.br\/index.php\/wp-json\/wp\/v2\/types\/post"}],"author":[{"embeddable":true,"href":"https:\/\/ejornais.com.br\/index.php\/wp-json\/wp\/v2\/users\/2"}],"replies":[{"embeddable":true,"href":"https:\/\/ejornais.com.br\/index.php\/wp-json\/wp\/v2\/comments?post=34092"}],"version-history":[{"count":0,"href":"https:\/\/ejornais.com.br\/index.php\/wp-json\/wp\/v2\/posts\/34092\/revisions"}],"wp:attachment":[{"href":"https:\/\/ejornais.com.br\/index.php\/wp-json\/wp\/v2\/media?parent=34092"}],"wp:term":[{"taxonomy":"category","embeddable":true,"href":"https:\/\/ejornais.com.br\/index.php\/wp-json\/wp\/v2\/categories?post=34092"},{"taxonomy":"post_tag","embeddable":true,"href":"https:\/\/ejornais.com.br\/index.php\/wp-json\/wp\/v2\/tags?post=34092"}],"curies":[{"name":"wp","href":"https:\/\/api.w.org\/{rel}","templated":true}]}}