{"id":34093,"date":"2024-10-30T09:38:58","date_gmt":"2024-10-30T12:38:58","guid":{"rendered":"https:\/\/ejornais.com.br\/index.php\/2024\/10\/30\/feira-de-natal-seleciona-artesaos-para-venda-de-produtos\/"},"modified":"2024-10-30T09:38:58","modified_gmt":"2024-10-30T12:38:58","slug":"feira-de-natal-seleciona-artesaos-para-venda-de-produtos","status":"publish","type":"post","link":"https:\/\/ejornais.com.br\/index.php\/2024\/10\/30\/feira-de-natal-seleciona-artesaos-para-venda-de-produtos\/","title":{"rendered":"Feira de Natal seleciona artes\u00e3os para venda de produtos"},"content":{"rendered":"<p><\/p>\n<div>\n<p><b>Jos\u00e9 Roberto Amaral<\/b><br \/>&#13;<br \/>\n&#13;<br \/>\n                <span style=\"font-weight: bold;\">Secretaria de Inova\u00e7\u00e3o e Desenvolvimento Econ\u00f4mico<\/span><\/p>\n<p>A Prefeitura de S\u00e3o Jos\u00e9 dos Campos abriu nesta ter\u00e7a-feira (29) as inscri\u00e7\u00f5es para a sele\u00e7\u00e3o de artes\u00e3os que queiram expor e vender seus produtos na Feira de Artesanato de Natal.<\/p>\n<p>As inscri\u00e7\u00f5es seguem at\u00e9 22h de amanh\u00e3 e ser\u00e3o feitas exclusivamente pelo canal 156 (telefone, aplicativo e site).<\/p>\n<p>Pelo segundo ano consecutivo o evento ser\u00e1 realizado na Pra\u00e7a Afonso Pena, entre os dias 12 a 23 de dezembro, das 10h \u00e0s 21h. Apenas nos dias 15 e 22 (domingos) n\u00e3o haver\u00e1 atividades no local.<\/p>\n<p>Estar\u00e3o dispon\u00edveis de forma gratuita o espa\u00e7o f\u00edsico para montagem de 10 estandes em sistema de rod\u00edzio dos artes\u00e3os selecionados, totalizando 100 expositores.<\/p>\n<p>Essa ser\u00e1 a 10\u00aa edi\u00e7\u00e3o da Feira de Artesanato de Natal, que tem como objetivo fomentar o turismo e gerar renda aos artes\u00e3os. O evento tamb\u00e9m \u00e9 uma boa oportunidade para os consumidores adquirem produtos de artesanato e presentes criativos para o fim de ano.<\/p>\n<p>Para se cadastrarem os artes\u00e3os devem comprovar resid\u00eancia em S\u00e3o Jos\u00e9 dos Campos. O interessado tamb\u00e9m precisa estar cadastrado na Sutaco (Subsecretaria do Trabalho Artesanal nas Comunidades), indicando no ato de inscri\u00e7\u00e3o o n\u00famero de cadastro, com prazo de validade em dia.<\/p>\n<p>N\u00e3o ser\u00e1 permitida a comercializa\u00e7\u00e3o de produtos que n\u00e3o sejam artesanais e que n\u00e3o estejam registrados no cadastro Sutaco.<\/p>\n<p>Somente ser\u00e1 permitida a exposi\u00e7\u00e3o e venda de pe\u00e7as executadas pelo expositor selecionado e a participa\u00e7\u00e3o de ajudantes devidamente indicados na ficha de inscri\u00e7\u00e3o.<\/p>\n<p>A organiza\u00e7\u00e3o da Feira \u00e9 do Departamento de Turismo da Secretaria de Inova\u00e7\u00e3o e Desenvolvimento Econ\u00f4mico.<\/p>\n<p>Para mais informa\u00e7\u00f5es, acesse o link para o edital completo da feira.<\/p>\n<p>\u00a0<\/p>\n<p>&#13;<br \/>\n                        <strong>MAIS NOT\u00cdCIAS<\/strong><br \/>&#13;<br \/>\n                        Secretaria de Inova\u00e7\u00e3o e Desenvolvimento Econ\u00f4mico&#13;\n                    <\/p>\n<\/p><\/div>\n","protected":false},"excerpt":{"rendered":"<p>Jos\u00e9 Roberto Amaral&#13; &#13; Secretaria de Inova\u00e7\u00e3o e Desenvolvimento Econ\u00f4mico A Prefeitura de S\u00e3o Jos\u00e9 dos Campos abriu nesta ter\u00e7a-feira<\/p>\n","protected":false},"author":2,"featured_media":0,"comment_status":"","ping_status":"","sticky":false,"template":"","format":"standard","meta":{"colormag_page_container_layout":"default_layout","colormag_page_sidebar_layout":"default_layout","footnotes":""},"categories":[1],"tags":[],"class_list":["post-34093","post","type-post","status-publish","format-standard","hentry","category-ejornais"],"aioseo_notices":[],"amp_enabled":true,"_links":{"self":[{"href":"https:\/\/ejornais.com.br\/index.php\/wp-json\/wp\/v2\/posts\/34093","targetHints":{"allow":["GET"]}}],"collection":[{"href":"https:\/\/ejornais.com.br\/index.php\/wp-json\/wp\/v2\/posts"}],"about":[{"href":"https:\/\/ejornais.com.br\/index.php\/wp-json\/wp\/v2\/types\/post"}],"author":[{"embeddable":true,"href":"https:\/\/ejornais.com.br\/index.php\/wp-json\/wp\/v2\/users\/2"}],"replies":[{"embeddable":true,"href":"https:\/\/ejornais.com.br\/index.php\/wp-json\/wp\/v2\/comments?post=34093"}],"version-history":[{"count":0,"href":"https:\/\/ejornais.com.br\/index.php\/wp-json\/wp\/v2\/posts\/34093\/revisions"}],"wp:attachment":[{"href":"https:\/\/ejornais.com.br\/index.php\/wp-json\/wp\/v2\/media?parent=34093"}],"wp:term":[{"taxonomy":"category","embeddable":true,"href":"https:\/\/ejornais.com.br\/index.php\/wp-json\/wp\/v2\/categories?post=34093"},{"taxonomy":"post_tag","embeddable":true,"href":"https:\/\/ejornais.com.br\/index.php\/wp-json\/wp\/v2\/tags?post=34093"}],"curies":[{"name":"wp","href":"https:\/\/api.w.org\/{rel}","templated":true}]}}