{"id":34103,"date":"2024-10-30T13:00:38","date_gmt":"2024-10-30T16:00:38","guid":{"rendered":"https:\/\/ejornais.com.br\/index.php\/2024\/10\/30\/prefeitura-leva-acoes-para-fortalecer-autoestima-e-empoderamento-feminino-em-anhandui-cgnoticias\/"},"modified":"2024-10-30T13:00:38","modified_gmt":"2024-10-30T16:00:38","slug":"prefeitura-leva-acoes-para-fortalecer-autoestima-e-empoderamento-feminino-em-anhandui-cgnoticias","status":"publish","type":"post","link":"https:\/\/ejornais.com.br\/index.php\/2024\/10\/30\/prefeitura-leva-acoes-para-fortalecer-autoestima-e-empoderamento-feminino-em-anhandui-cgnoticias\/","title":{"rendered":"Prefeitura leva a\u00e7\u00f5es para fortalecer autoestima e empoderamento feminino em Anhandu\u00ed \u2013 CGNot\u00edcias"},"content":{"rendered":"<p><\/p>\n<div>\n<p>Uma manh\u00e3 inteira voltada para a sa\u00fade, a autoestima e o empoderamento feminino. \u00c9 assim que a Subprefeitura de Anhandu\u00ed celebrou o Outubro Rosa nesta pen\u00faltima semana do m\u00eas. A Prefeitura de Campo Grande, em parceria com o Governo do Estado de Mato Grosso do Sul, levou para o Distrito diversas iniciativas focadas na preven\u00e7\u00e3o e na conscientiza\u00e7\u00e3o sobre o c\u00e2ncer de mama e na import\u00e2ncia da valoriza\u00e7\u00e3o da mulher.<\/p>\n<p>A programa\u00e7\u00e3o, coordenada pela Secretaria Municipal de Inova\u00e7\u00e3o, Desenvolvimento Econ\u00f4mico e Agroneg\u00f3cio (Sidagro), incluiu palestras sobre preven\u00e7\u00e3o e cuidados com a sa\u00fade, que destacaram a import\u00e2ncia dos exames preventivos e dos cuidados cont\u00ednuos com a sa\u00fade da mulher. Al\u00e9m disso, oficinas com foco na autoestima e no empoderamento feminino foram oferecidas para as participantes, abordando temas como autoconfian\u00e7a e autocuidado. Na ocasi\u00e3o, tamb\u00e9m foram ensinadas t\u00e9cnicas de automaquiagem, oficina de decora\u00e7\u00e3o de flores de papel, incentivando mulheres a desenvolverem novas habilidades. A Sala do Empreendedor tamb\u00e9m realizou atendimentos na ocasi\u00e3o.<\/p>\n<\/p>\n<p>A presidente da agricultura familiar do Assentamento Tr\u00eas Cora\u00e7\u00f5es, Francisca Josefa Arguelho Lima, disse ter gostado muito da palestra. \u201cA oficina trouxe informa\u00e7\u00f5es e nos ensinou muitas coisas, que por vezes, passam despercebidas. Ent\u00e3o, foi um momento para aprendermos que temos que nos cuidar mais\u201d, afirmou.<\/p>\n<\/p>\n<p>A palestrante Maria Francisca de Melo, que viveu o c\u00e2ncer e se curou, disse que o intuito foi de alertar e orientar sobre o c\u00e2ncer de mama. \u201cEu passei pela doen\u00e7a e sei da import\u00e2ncia de alertar as pessoas sobre o diagn\u00f3stico precoce. Se diagnosticado desde o in\u00edcio, o tratamento tem muita chance de ser eficaz. Eu fiz todo o tratamento no SUS\u201d, relatou.<\/p>\n<\/p>\n<p>Mato Grosso do Sul est\u00e1 entre os estados com maior incid\u00eancia de c\u00e2ncer de mama no Brasil, com taxa de 48,39 a cada 100 mil mulheres, mas a mortalidade est\u00e1 entre as menores do pa\u00eds, com 11,72 a cada 100 mil.<\/p>\n<p>De janeiro a julho de 2024, Campo Grande realizou 7.859 mamografias. No mesmo per\u00edodo, foram realizados 33.194 exames citopatol\u00f3gicos. O exame de mama \u00e9 realizado pelo SUS no Hospital de Amor, na Maternidade C\u00e2ndido Mariano e no Hospital de C\u00e2ncer Alfredo Abra\u00e3o. J\u00e1 os exames de Papanicolau podem ser agendados nas Unidades de Sa\u00fade da Fam\u00edlia e on-line, no endere\u00e7o: https:\/\/agendeseupreventivo.campogrande.ms.gov.br\/<\/p>\n<p>S\u00e3o com iniciativas como essa, que a Prefeitura de Campo Grande reafirma seu compromisso com o desenvolvimento humano e econ\u00f4mico, promovendo atividades que visam \u00e0 constru\u00e7\u00e3o de uma sociedade mais inclusiva e solid\u00e1ria, onde as mulheres de todas as regi\u00f5es, especialmente as mais afastadas, tenham acesso \u00e0 informa\u00e7\u00e3o, sa\u00fade e oportunidades de crescimento pessoal e profissional.<\/p>\n<p><em>#PraTodosVerem<\/em><br \/><em>Foto de capa: Mostra mulheres em torno de uma mesa fazendo atividades manuais<\/em><br \/><em>Foto1: Ministrante aplicando t\u00e9cnica de maquiagem em participante da oficina<\/em><br \/><em>Foto2: Participante Francisca Josefa Arguelho Lima em atividade do curso<\/em><br \/><em>Foto3: Palestrante Maria Francisca de Melo ministrando a fala em uma sala com outras mulheres assistindo<\/em><\/p>\n<\/div>\n<p><script async defer async defer src=\"https:\/\/connect.facebook.net\/en_US\/sdk.js?ver=1#xfbml=1&amp;version=v3.2\" id=\"prefeitura-campogrande-script-facebook-sdk-js\"><\/script><\/p>\n","protected":false},"excerpt":{"rendered":"<p>Uma manh\u00e3 inteira voltada para a sa\u00fade, a autoestima e o empoderamento feminino. \u00c9 assim que a Subprefeitura de Anhandu\u00ed<\/p>\n","protected":false},"author":2,"featured_media":0,"comment_status":"","ping_status":"","sticky":false,"template":"","format":"standard","meta":{"colormag_page_container_layout":"default_layout","colormag_page_sidebar_layout":"default_layout","footnotes":""},"categories":[1],"tags":[],"class_list":["post-34103","post","type-post","status-publish","format-standard","hentry","category-ejornais"],"aioseo_notices":[],"amp_enabled":true,"_links":{"self":[{"href":"https:\/\/ejornais.com.br\/index.php\/wp-json\/wp\/v2\/posts\/34103","targetHints":{"allow":["GET"]}}],"collection":[{"href":"https:\/\/ejornais.com.br\/index.php\/wp-json\/wp\/v2\/posts"}],"about":[{"href":"https:\/\/ejornais.com.br\/index.php\/wp-json\/wp\/v2\/types\/post"}],"author":[{"embeddable":true,"href":"https:\/\/ejornais.com.br\/index.php\/wp-json\/wp\/v2\/users\/2"}],"replies":[{"embeddable":true,"href":"https:\/\/ejornais.com.br\/index.php\/wp-json\/wp\/v2\/comments?post=34103"}],"version-history":[{"count":0,"href":"https:\/\/ejornais.com.br\/index.php\/wp-json\/wp\/v2\/posts\/34103\/revisions"}],"wp:attachment":[{"href":"https:\/\/ejornais.com.br\/index.php\/wp-json\/wp\/v2\/media?parent=34103"}],"wp:term":[{"taxonomy":"category","embeddable":true,"href":"https:\/\/ejornais.com.br\/index.php\/wp-json\/wp\/v2\/categories?post=34103"},{"taxonomy":"post_tag","embeddable":true,"href":"https:\/\/ejornais.com.br\/index.php\/wp-json\/wp\/v2\/tags?post=34103"}],"curies":[{"name":"wp","href":"https:\/\/api.w.org\/{rel}","templated":true}]}}